{"id":3838,"date":"2012-10-30T21:58:52","date_gmt":"2012-10-31T00:58:52","guid":{"rendered":"http:\/\/www.24baires.com\/?p=3838"},"modified":"2012-10-30T21:58:52","modified_gmt":"2012-10-31T00:58:52","slug":"mar-del-plata-esta-demostrando-que-se-moviliza-por-las-putas","status":"publish","type":"post","link":"https:\/\/www.24baires.com\/?p=3838","title":{"rendered":"\u00abMar del Plata est\u00e1 demostrando que se moviliza por las Putas\u00bb"},"content":{"rendered":"<p><img data-recalc-dims=\"1\" loading=\"lazy\" decoding=\"async\" class=\"aligncenter size-full wp-image-3919\" title=\"marcha putas\" src=\"https:\/\/i0.wp.com\/www.24baires.com\/wp-content\/uploads\/2012\/10\/marcha-putas.jpg?resize=560%2C326\" alt=\"\" width=\"560\" height=\"326\" srcset=\"https:\/\/i0.wp.com\/www.24baires.com\/wp-content\/uploads\/2012\/10\/marcha-putas.jpg?w=560&amp;ssl=1 560w, https:\/\/i0.wp.com\/www.24baires.com\/wp-content\/uploads\/2012\/10\/marcha-putas.jpg?resize=300%2C174&amp;ssl=1 300w\" sizes=\"auto, (max-width: 560px) 100vw, 560px\" \/><\/p>\n<p>As\u00ed lo asegur\u00f3 Karina Freire, una de las convocantes a la <strong>\u00abMarcha de las Putas\u00bb<\/strong> que se realizar\u00e1 el pr\u00f3ximo s\u00e1bado 3 de noviembre a las 17 en Independencia y Luro, en Mar del Plata. Bajo el lema \u00abNO ES NO\u00bb, esta campa\u00f1a busca erradicar la violencia de g\u00e9nero, a trav\u00e9s de la concientizaci\u00f3n sobre el uso de la palabra \u00abputa\u00bb, apropi\u00e1ndosela y resignific\u00e1ndola, para as\u00ed evitar su uso como justificativo para cualquier tipo de agresi\u00f3n hacia la mujer.<!--more--><\/p>\n<p>El a\u00f1o pasado se realiz\u00f3 en la ciudad de Mar del Plata la primera \u00abMarcha de las Putas\u00bb, haci\u00e9ndose eco de una iniciativa surgida en Canad\u00e1 luego de que un Polic\u00eda de Toronto dijera en un seminario sobre Seguridad Ciudadana que \u00abLas mujeres deben evitar vestirse como putas para no ser violadas.\u00bb Esta pol\u00e9mica declaraci\u00f3n despert\u00f3 la ira de gran parte de la poblaci\u00f3n, que decidi\u00f3 manifestarse en contra de estas ideas creando as\u00ed la \u00abMarcha de las Putas\u00bb.<\/p>\n<p>Las repercusiones fueron a escala mundial, gracias a la viralidad que permiten desarrollar las redes sociales, y en Mar del Plata, sus organizadores manifiestan poseer una gran expectativa para la segunda marcha.\u00a0Karina Freire, una de las convocantes, habl\u00f3 con 24baires y explic\u00f3 las diferencias existentes con la primera marcha: \u201cAhora, despu\u00e9s de que se decretara la Emergencia provincial en cuanto a la violencia de g\u00e9nero, y teniendo en cuenta el gran incremento en los casos de abusos sexuales, la marcha toma otro rumbo. Queremos darle un enfoque m\u00e1s concreto, seguimos aboc\u00e1ndonos en la resignificaci\u00f3n de la palabra \u201cputa\u201d, pero nuestro m\u00e1ximo prop\u00f3sito hoy es prevenir violaciones y, sobre todo, evitar que se acuse a la v\u00edctima de provocarlas. \u00bb<\/p>\n<p>\u201cLa Justicia no hace justicia y adem\u00e1s, en la mayor\u00eda de los casos, se estigmatiza a la mujer y no se le dan las herramientas necesarias para superar el abuso, no se la ayuda. Siempre se cuestiona a la v\u00edctima m\u00e1s que al victimario: en ning\u00fan caso se puede justificar un abuso o una violaci\u00f3n por la vestimenta o la actitud de una mujer.\u00a0El t\u00e9rmino \u2018Puta\u2019 es fuerte, pero mucho m\u00e1s fuerte es cuando se lo dicen a una mujer en la calle, o cuando la Justicia lo soslaya en sus fallos, como pas\u00f3 en Salta con la nena violada, en Trenque Lauquen con la adolescente sospechada de provocar a esos tres animales, o despu\u00e9s del asesinato de Nora Dalmasso, donde todo el pa\u00eds tom\u00f3 con un pseudo humor su muerte y sali\u00f3 a ponerse remeras que dec\u00edan \u2018Yo no estuve con Norita\u2019\u00bb, sostuvo Freire.<\/p>\n<p>En cuanto a la organizaci\u00f3n de la marcha en la ciudad, dijo que \u201ces incre\u00edble la repercusi\u00f3n que est\u00e1 teniendo aqu\u00ed, esta ciudad est\u00e1 demostrando que se moviliza por las Putas, que le pega fuerte a toda la poblaci\u00f3n esta tem\u00e1tica.\u201d<\/p>\n<p>Se pudo saber que legisladores bonaerenses est\u00e1n analizando la posibilidad de decretar a esta marcha de inter\u00e9s provincial.<\/p>\n<p>&nbsp;<\/p>\n<p>&nbsp;<\/p>\n","protected":false},"excerpt":{"rendered":"<p>As\u00ed lo asegur\u00f3 Karina Freire, una de las convocantes a la \u00abMarcha de las Putas\u00bb que se realizar\u00e1 el pr\u00f3ximo s\u00e1bado 3 de noviembre a las 17 en Independencia y Luro, en Mar del Plata. Bajo el lema \u00abNO ES NO\u00bb, esta campa\u00f1a busca erradicar la violencia de g\u00e9nero, a trav\u00e9s de la concientizaci\u00f3n sobre el uso de la palabra [&#8230;]<\/p>\n","protected":false},"author":4,"featured_media":0,"comment_status":"open","ping_status":"open","sticky":false,"template":"","format":"standard","meta":{"_jetpack_newsletter_access":"","_jetpack_dont_email_post_to_subs":false,"_jetpack_newsletter_tier_id":0,"_jetpack_memberships_contains_paywalled_content":false,"_jetpack_memberships_contains_paid_content":false,"footnotes":""},"categories":[1],"tags":[],"class_list":["post-3838","post","type-post","status-publish","format-standard","hentry","category-sociedad"],"jetpack_featured_media_url":"","jetpack_shortlink":"https:\/\/wp.me\/p2JWE0-ZU","jetpack-related-posts":[{"id":4314,"url":"https:\/\/www.24baires.com\/?p=4314","url_meta":{"origin":3838,"position":0},"title":"Se desarroll\u00f3 en Mar del Plata la segunda \u00abMarcha de las Putas\u00bb","author":"AF","date":"03\/11\/2012","format":false,"excerpt":"Se desarroll\u00f3 este s\u00e1bado en Mar del Plata la segunda Marcha de las Putas. Referentes sociales, agrupaciones apartidarias y p\u00fablico en general se encolumnaron detr\u00e1s de la bandera del \"NO ES NO\". La concentraci\u00f3n fue a las 17 en Luro e Independencia y marcharon hasta el monumento a San Mart\u00edn,\u2026","rel":"","context":"En \u00abSociedad\u00bb","block_context":{"text":"Sociedad","link":"https:\/\/www.24baires.com\/?cat=1"},"img":{"alt_text":"","src":"https:\/\/i0.wp.com\/www.24baires.com\/wp-content\/uploads\/2012\/11\/marcha-putas.png?resize=350%2C200","width":350,"height":200,"srcset":"https:\/\/i0.wp.com\/www.24baires.com\/wp-content\/uploads\/2012\/11\/marcha-putas.png?resize=350%2C200 1x, https:\/\/i0.wp.com\/www.24baires.com\/wp-content\/uploads\/2012\/11\/marcha-putas.png?resize=525%2C300 1.5x"},"classes":[]},{"id":35320,"url":"https:\/\/www.24baires.com\/?p=35320","url_meta":{"origin":3838,"position":1},"title":"Se realiz\u00f3 la 3ra. edici\u00f3n de &#8216;La Marcha de las Putas&#8217; en Mar del Plata","author":"Grupo Sierra","date":"17\/11\/2013","format":false,"excerpt":"Este s\u00e1bado 16 de noviembre cientos de mujeres y varones participaron de la tercera \u201cMarcha de las Putas\u201d en la ciudad de Mar del Plata. Bajo la misma identidad, este a\u00f1o, ya han marchado en otras ciudades de la Argentina y del mundo. \"La Marcha\" es un movimiento pol\u00edtico y\u2026","rel":"","context":"En \u00abSociedad\u00bb","block_context":{"text":"Sociedad","link":"https:\/\/www.24baires.com\/?cat=1"},"img":{"alt_text":"","src":"","width":0,"height":0},"classes":[]},{"id":33450,"url":"https:\/\/www.24baires.com\/?p=33450","url_meta":{"origin":3838,"position":2},"title":"Mar del Plata, prostituci\u00f3n \u00abinvisible\u00bb","author":"AF","date":"12\/10\/2013","format":false,"excerpt":"Seg\u00fan un informe realizado por Mar\u00eda Alejandra Cornejo para el Grupo OLAS, Opini\u00f3n Laboral, Acad\u00e9mica y Social, en la ciudad de Mar del Plata son dos mil las familias que viven de la prostituci\u00f3n, directa o indirectamente. Experiencias dolorosas, asociadas a la pobreza, la violencia, el abuso, la falta de\u2026","rel":"","context":"En \u00abSociedad\u00bb","block_context":{"text":"Sociedad","link":"https:\/\/www.24baires.com\/?cat=1"},"img":{"alt_text":"la posada","src":"https:\/\/i0.wp.com\/www.24baires.com\/wp-content\/uploads\/2013\/10\/la-posada-300x191.jpg?resize=350%2C200","width":350,"height":200},"classes":[]},{"id":89714,"url":"https:\/\/www.24baires.com\/?p=89714","url_meta":{"origin":3838,"position":3},"title":"Quilmes: funcionario de Martiniano Molina insult\u00f3 a manifestantes","author":"GB","date":"10\/11\/2016","format":false,"excerpt":"Mario Sahag\u00fan, coordinador de Delegaciones de Quilmes, agravi\u00f3 a miembros del Colectivo Cultural Quilme\u00f1o que protestaban por una ordenanza vetada. Un funcionario de Quilmes insult\u00f3 a manifestantes que protestaban a favor de una ley cultural, que fue votada por unanimidad, pero luego dada de baja por el intendente. El Concejo\u2026","rel":"","context":"En \u00abSociedad\u00bb","block_context":{"text":"Sociedad","link":"https:\/\/www.24baires.com\/?cat=1"},"img":{"alt_text":"","src":"","width":0,"height":0},"classes":[]},{"id":54809,"url":"https:\/\/www.24baires.com\/?p=54809","url_meta":{"origin":3838,"position":4},"title":"Fondos buitre compran acciones para que YPF se venga a pique","author":"Grupo Sierra","date":"05\/10\/2014","format":false,"excerpt":"Otra maniobra contra la Argentina: el fondo que dirige Mark Brodsky, Aurelius Capital, compr\u00f3 derivados llamados PUT cuyos beneficios se incrementan s\u00f3lo si las acciones de la petrolera se desmoronan. Existen muchas maneras de especular, pero la maniobra buitre se caracteriza por aprovecharse de los pa\u00edses y las empresas cuando\u2026","rel":"","context":"En \u00abEconom\u00eda\u00bb","block_context":{"text":"Econom\u00eda","link":"https:\/\/www.24baires.com\/?cat=45"},"img":{"alt_text":"bono-ypf.jpg_552074685","src":"https:\/\/i0.wp.com\/www.24baires.com\/wp-content\/uploads\/2013\/03\/bono-ypf.jpg_552074685.jpg?resize=350%2C200","width":350,"height":200,"srcset":"https:\/\/i0.wp.com\/www.24baires.com\/wp-content\/uploads\/2013\/03\/bono-ypf.jpg_552074685.jpg?resize=350%2C200 1x, https:\/\/i0.wp.com\/www.24baires.com\/wp-content\/uploads\/2013\/03\/bono-ypf.jpg_552074685.jpg?resize=525%2C300 1.5x"},"classes":[]},{"id":49057,"url":"https:\/\/www.24baires.com\/?p=49057","url_meta":{"origin":3838,"position":5},"title":"La Matanza homof\u00f3bica: sus vecinos lo golpearon por ser gay","author":"GB","date":"01\/07\/2014","format":false,"excerpt":"La denuncia qued\u00f3 radicada como robo y agresiones. \u201cEn una parte de mi declaraci\u00f3n qued\u00f3 evidenciado que fue un acto homof\u00f3bico\u201d, relat\u00f3 el joven. Cuando se da un ataque de estas caracter\u00edsticas la preocupaci\u00f3n de las organizaciones pasa por la falta de registro. Cuando Nahuel Albornoz subi\u00f3 el viernes por\u2026","rel":"","context":"En \u00abMunicipios\u00bb","block_context":{"text":"Municipios","link":"https:\/\/www.24baires.com\/?cat=44"},"img":{"alt_text":"goliza por gay","src":"https:\/\/i0.wp.com\/www.24baires.com\/wp-content\/uploads\/2014\/07\/goliza-por-gay.jpg?resize=350%2C200","width":350,"height":200,"srcset":"https:\/\/i0.wp.com\/www.24baires.com\/wp-content\/uploads\/2014\/07\/goliza-por-gay.jpg?resize=350%2C200 1x, https:\/\/i0.wp.com\/www.24baires.com\/wp-content\/uploads\/2014\/07\/goliza-por-gay.jpg?resize=525%2C300 1.5x"},"classes":[]}],"jetpack_sharing_enabled":true,"jetpack_likes_enabled":true,"_links":{"self":[{"href":"https:\/\/www.24baires.com\/index.php?rest_route=\/wp\/v2\/posts\/3838","targetHints":{"allow":["GET"]}}],"collection":[{"href":"https:\/\/www.24baires.com\/index.php?rest_route=\/wp\/v2\/posts"}],"about":[{"href":"https:\/\/www.24baires.com\/index.php?rest_route=\/wp\/v2\/types\/post"}],"author":[{"embeddable":true,"href":"https:\/\/www.24baires.com\/index.php?rest_route=\/wp\/v2\/users\/4"}],"replies":[{"embeddable":true,"href":"https:\/\/www.24baires.com\/index.php?rest_route=%2Fwp%2Fv2%2Fcomments&post=3838"}],"version-history":[{"count":4,"href":"https:\/\/www.24baires.com\/index.php?rest_route=\/wp\/v2\/posts\/3838\/revisions"}],"predecessor-version":[{"id":3921,"href":"https:\/\/www.24baires.com\/index.php?rest_route=\/wp\/v2\/posts\/3838\/revisions\/3921"}],"wp:attachment":[{"href":"https:\/\/www.24baires.com\/index.php?rest_route=%2Fwp%2Fv2%2Fmedia&parent=3838"}],"wp:term":[{"taxonomy":"category","embeddable":true,"href":"https:\/\/www.24baires.com\/index.php?rest_route=%2Fwp%2Fv2%2Fcategories&post=3838"},{"taxonomy":"post_tag","embeddable":true,"href":"https:\/\/www.24baires.com\/index.php?rest_route=%2Fwp%2Fv2%2Ftags&post=3838"}],"curies":[{"name":"wp","href":"https:\/\/api.w.org\/{rel}","templated":true}]}}