{"id":3833,"date":"2012-10-30T13:43:19","date_gmt":"2012-10-30T16:43:19","guid":{"rendered":"http:\/\/www.24baires.com\/?p=3833"},"modified":"2012-10-30T13:43:19","modified_gmt":"2012-10-30T16:43:19","slug":"falta-infraestructura-vial-en-los-pueblos-del-interior","status":"publish","type":"post","link":"https:\/\/www.24baires.com\/?p=3833","title":{"rendered":"\u201cFalta infraestructura vial en los pueblos del interior\u201d"},"content":{"rendered":"<p>La intendenta de Carlos Tejedor, Mar\u00eda Celia Gianini, dijo que si bien no tienen evacuados, hay poblaciones \u201ctotalmente aisladas\u201d por el anegamiento de caminos.<!--more--><\/p>\n<p>La intendenta de Carlos Tejedor dijo que el anegamiento de caminos es el problema m\u00e1s grave que tienen muchos distritos del interior y que esta situaci\u00f3n se agrava por las intensas lluvias.<\/p>\n<p>Gianini sostuvo que \u201cel gran problema de estos pueblos es el anegamiento de caminos y eso trae un gran perjuicio porque hay poblaciones que quedan totalmente aisladas\u201d.<\/p>\n<p>En declaraciones a Radio Provincia dijo que hay \u201cfalta de infraestructura vial en el interior\u201d y precis\u00f3 que \u201cla mayor\u00eda de los pueblos no tiene acceso pavimentado\u201d.<\/p>\n<p>En tanto, explic\u00f3 que si bien \u201cno tenemos evacuados\u201d, se realizan trabajos constantes para \u201climpiar canales o cunetas profundas\u201d porque la gente no tiene salida.<\/p>\n","protected":false},"excerpt":{"rendered":"<p>La intendenta de Carlos Tejedor, Mar\u00eda Celia Gianini, dijo que si bien no tienen evacuados, hay poblaciones \u201ctotalmente aisladas\u201d por el anegamiento de caminos.<\/p>\n","protected":false},"author":4,"featured_media":0,"comment_status":"open","ping_status":"open","sticky":false,"template":"","format":"standard","meta":{"_jetpack_newsletter_access":"","_jetpack_dont_email_post_to_subs":false,"_jetpack_newsletter_tier_id":0,"_jetpack_memberships_contains_paywalled_content":false,"_jetpack_memberships_contains_paid_content":false,"footnotes":""},"categories":[38],"tags":[],"class_list":["post-3833","post","type-post","status-publish","format-standard","hentry","category-locales"],"jetpack_featured_media_url":"","jetpack_shortlink":"https:\/\/wp.me\/p2JWE0-ZP","jetpack-related-posts":[{"id":10407,"url":"https:\/\/www.24baires.com\/?p=10407","url_meta":{"origin":3833,"position":0},"title":"Graves da\u00f1os en Tres Algarrobos tras el temporal","author":"AF","date":"26\/12\/2012","format":false,"excerpt":"Mar\u00eda Celia Gianini,\u00a0intendenta de Carlos Tejedor, dijo que las fuertes r\u00e1fagas de viento provocaron la voladura de m\u00e1s de 50 techos, ca\u00eddas de \u00e1rboles y tendido el\u00e9ctrico. La intendenta de Carlos Tejedor dijo que la localidad de Tres Algarrobos \u201cqued\u00f3 devastada\u201d por el temporal de lluvias y vientos que la\u2026","rel":"","context":"En \u00abLocales\u00bb","block_context":{"text":"Locales","link":"https:\/\/www.24baires.com\/?cat=38"},"img":{"alt_text":"","src":"","width":0,"height":0},"classes":[]},{"id":18704,"url":"https:\/\/www.24baires.com\/?p=18704","url_meta":{"origin":3833,"position":1},"title":"Carlos Tejedor es el municipio bonaerense con menor porcentaje delictivo","author":"AF","date":"18\/03\/2013","format":false,"excerpt":"\u201cLa prevenci\u00f3n que estamos haciendo nosotros es pedirle a nuestro gobernador m\u00e1s patrulleros, m\u00e1s motos, m\u00e1s aparatolog\u00eda\u201d, dijo la jefa comunal del Carlos Tejedor, Mar\u00eda Celia Gianini, al anunciar que es el municipio con menor porcentaje delictivo de la provincia de Buenos Aires. La intendenta Mar\u00eda Celia Gianini habl\u00f3 acerca\u2026","rel":"","context":"En \u00abLocales\u00bb","block_context":{"text":"Locales","link":"https:\/\/www.24baires.com\/?cat=38"},"img":{"alt_text":"gianini","src":"https:\/\/i0.wp.com\/www.24baires.com\/wp-content\/uploads\/2013\/03\/gianini-300x146.png?resize=350%2C200","width":350,"height":200},"classes":[]},{"id":8912,"url":"https:\/\/www.24baires.com\/?p=8912","url_meta":{"origin":3833,"position":2},"title":"Carlos Tejedor: inauguran planta de \u00f3smosis inversa","author":"AF","date":"13\/12\/2012","format":false,"excerpt":"En el distrito de Carlos Tejedor, la jefa comunal Mar\u00eda Celia Gianini, inaugura este jueves una Planta de \u00d3smosis Inversa. Este jueves 13 de diciembre, la intendenta de Carlos Tejedor, Maria Celia Gianini, inaugurar\u00e1 la Planta de \u00d3smosis Inversa, que es una obra que permitir\u00e1 brindar un servicio de excelencia\u2026","rel":"","context":"En \u00abLocales\u00bb","block_context":{"text":"Locales","link":"https:\/\/www.24baires.com\/?cat=38"},"img":{"alt_text":"","src":"","width":0,"height":0},"classes":[]},{"id":106553,"url":"https:\/\/www.24baires.com\/?p=106553","url_meta":{"origin":3833,"position":3},"title":"Varios distritos bonaerenses sufrieron fuertes tormentas","author":"AF","date":"25\/01\/2019","format":false,"excerpt":"Un fuerte temporal de lluvia, viento y actividad el\u00e9ctrica castig\u00f3 este viernes a varios distritos bonaerenses, sobre todo en el norte y noroeste, donde en algunas localidades cayeron por encima de los 100 mil\u00edmetros (mm) en pocas horas. Calles anegadas, voladura de techos y rutas cortadas, fueron el saldo de\u2026","rel":"","context":"En \u00abProvincia\u00bb","block_context":{"text":"Provincia","link":"https:\/\/www.24baires.com\/?cat=40"},"img":{"alt_text":"","src":"https:\/\/i0.wp.com\/www.24baires.com\/wp-content\/uploads\/2017\/10\/campo-inundado.jpg?resize=350%2C200","width":350,"height":200,"srcset":"https:\/\/i0.wp.com\/www.24baires.com\/wp-content\/uploads\/2017\/10\/campo-inundado.jpg?resize=350%2C200 1x, https:\/\/i0.wp.com\/www.24baires.com\/wp-content\/uploads\/2017\/10\/campo-inundado.jpg?resize=525%2C300 1.5x"},"classes":[]},{"id":8293,"url":"https:\/\/www.24baires.com\/?p=8293","url_meta":{"origin":3833,"position":4},"title":"Cr\u00edtico panorama en el noroeste bonaerense por las inundaciones","author":"Grupo Sierra","date":"07\/12\/2012","format":false,"excerpt":"Las lluvias siguen castigando a varios distritos del interior de la provincia. Productores agropecuarios hablan de p\u00e9rdidas millonarias y se quejan \u201cpor tener que seguir pagando el inmobiliario rural\u201d. En Carlos Tejedor, el 60% del partido est\u00e1 comprometido y en Florentino Ameghino, pese a que el agua est\u00e1 bajando, el\u2026","rel":"","context":"En \u00abLocales\u00bb","block_context":{"text":"Locales","link":"https:\/\/www.24baires.com\/?cat=38"},"img":{"alt_text":"","src":"https:\/\/i0.wp.com\/www.24baires.com\/wp-content\/uploads\/2012\/12\/oeste-bonaerense-inundado-300x225.jpg?resize=350%2C200","width":350,"height":200},"classes":[]},{"id":59265,"url":"https:\/\/www.24baires.com\/?p=59265","url_meta":{"origin":3833,"position":5},"title":"Carlos Tejedor: tras la interpelaci\u00f3n a la intendenta Gianini, denuncian un atentado","author":"AF","date":"29\/12\/2014","format":false,"excerpt":"La semana pasada, como estaba previsto, el Concejo Deliberante de Carlos Tejedor llev\u00f3 adelante la interpelaci\u00f3n a la intendenta Mar\u00eda Celia Gianini de Lafleur. Pero las cosas no salieron como la oposici\u00f3n pretend\u00eda. Para colmo de males, tras la sesi\u00f3n, un edil denunci\u00f3 un posible atentado en su contra. \"Ya\u2026","rel":"","context":"En \u00abLocales\u00bb","block_context":{"text":"Locales","link":"https:\/\/www.24baires.com\/?cat=38"},"img":{"alt_text":"gianini2","src":"https:\/\/i0.wp.com\/www.24baires.com\/wp-content\/uploads\/2014\/12\/gianini2.jpg?resize=350%2C200","width":350,"height":200,"srcset":"https:\/\/i0.wp.com\/www.24baires.com\/wp-content\/uploads\/2014\/12\/gianini2.jpg?resize=350%2C200 1x, https:\/\/i0.wp.com\/www.24baires.com\/wp-content\/uploads\/2014\/12\/gianini2.jpg?resize=525%2C300 1.5x"},"classes":[]}],"jetpack_sharing_enabled":true,"jetpack_likes_enabled":true,"_links":{"self":[{"href":"https:\/\/www.24baires.com\/index.php?rest_route=\/wp\/v2\/posts\/3833","targetHints":{"allow":["GET"]}}],"collection":[{"href":"https:\/\/www.24baires.com\/index.php?rest_route=\/wp\/v2\/posts"}],"about":[{"href":"https:\/\/www.24baires.com\/index.php?rest_route=\/wp\/v2\/types\/post"}],"author":[{"embeddable":true,"href":"https:\/\/www.24baires.com\/index.php?rest_route=\/wp\/v2\/users\/4"}],"replies":[{"embeddable":true,"href":"https:\/\/www.24baires.com\/index.php?rest_route=%2Fwp%2Fv2%2Fcomments&post=3833"}],"version-history":[{"count":2,"href":"https:\/\/www.24baires.com\/index.php?rest_route=\/wp\/v2\/posts\/3833\/revisions"}],"predecessor-version":[{"id":3837,"href":"https:\/\/www.24baires.com\/index.php?rest_route=\/wp\/v2\/posts\/3833\/revisions\/3837"}],"wp:attachment":[{"href":"https:\/\/www.24baires.com\/index.php?rest_route=%2Fwp%2Fv2%2Fmedia&parent=3833"}],"wp:term":[{"taxonomy":"category","embeddable":true,"href":"https:\/\/www.24baires.com\/index.php?rest_route=%2Fwp%2Fv2%2Fcategories&post=3833"},{"taxonomy":"post_tag","embeddable":true,"href":"https:\/\/www.24baires.com\/index.php?rest_route=%2Fwp%2Fv2%2Ftags&post=3833"}],"curies":[{"name":"wp","href":"https:\/\/api.w.org\/{rel}","templated":true}]}}