{"id":38294,"date":"2014-01-10T19:37:49","date_gmt":"2014-01-10T22:37:49","guid":{"rendered":"http:\/\/www.24baires.com\/?p=38294"},"modified":"2014-01-10T19:37:49","modified_gmt":"2014-01-10T22:37:49","slug":"la-misma-vieja-y-triste-historia","status":"publish","type":"post","link":"https:\/\/www.24baires.com\/?p=38294","title":{"rendered":"La misma vieja y triste historia"},"content":{"rendered":"<p><img data-recalc-dims=\"1\" loading=\"lazy\" decoding=\"async\" class=\"aligncenter size-full wp-image-32821\" alt=\"colectivos mdp\" src=\"https:\/\/i0.wp.com\/www.24baires.com\/wp-content\/uploads\/2013\/10\/colectivos-mdp.jpg?resize=560%2C345\" width=\"560\" height=\"345\" srcset=\"https:\/\/i0.wp.com\/www.24baires.com\/wp-content\/uploads\/2013\/10\/colectivos-mdp.jpg?w=560&amp;ssl=1 560w, https:\/\/i0.wp.com\/www.24baires.com\/wp-content\/uploads\/2013\/10\/colectivos-mdp.jpg?resize=300%2C184&amp;ssl=1 300w\" sizes=\"auto, (max-width: 560px) 100vw, 560px\" \/>Podemos decir lo que ya sabemos, si. Abundar en las frases con las que hemos machado cada vez que pasamos \u2013bastante seguido-, por estas circunstancias. Y mal no est\u00e1 expresarse aunque nos repitamos, quiz\u00e1 sea ese el recurso que tenemos, desde nuestros diferentes lugares: decir que no. <!--more--><\/p>\n<p>Pero la mayor\u00eda del Concejo Deliberante de General Pueyrredon no dijo que no, dijo que si y aument\u00f3 una vez m\u00e1s el monto del boleto del transporte p\u00fablico de pasajeros. Con el voto positivo del oficialismo local, Acci\u00f3n Marplatense, junto a la UCR, el PRO y el massismo, hoy el boleto pas\u00f3 de $3,23 a $3,97: un incremento del 22%. Y los que dicen que si, cuando el pueblo dice que no, suelen ser los mismos de siempre.<\/p>\n<p>Las empresas de transporte, que gozan de m\u00e1s del 60% de los sueldos de sus empleados subvencionados por el estado nacional, as\u00ed como un 25% del combustible, seguros, etc\u00e9tera, piden, cada vez m\u00e1s, y el oficialismo local les sirve en bandeja de plata los bolsillos de los trabajadores, para que metan la mano y saquen lo que quieran. En tres d\u00edas, casi sin espacio para la discusi\u00f3n, votaron con premura sugestiva un nuevo incremento en la tarifa de transporte urbano de pasajeros. Y eso, de los sucesivos aumentos, es de lo \u00fanico que elijen hablar y promover desde el ejecutivo comunal, porque de la calidad del servicio, de las frecuencias, de los recorridos y de todos los \u00edtems del Pliego licitatorio que se vot\u00f3 en 2005 y que se incumplen a diario, no dicen nada.<\/p>\n<p>Es un tema sensible, que afecta directamente a la econom\u00eda familiar y, sobre todo, perjudica a los sectores m\u00e1s vulnerables de la sociedad, pero en eso no se piensa cuando se levanta la mano para favorecer al casi monop\u00f3lico empresariado del transporte.<\/p>\n<p>Los votos negativos de la bancada del Frente para la Victoria y un concejal que vot\u00f3 en disidencia con el resto de su bloque que elogi\u00f3 la comodidad de la abstenci\u00f3n, no alcanzaron para frenar el aumento, que se vio revestido de violencia cuando un grupo de manifestantes, entre gritos, insultos y rotura de mobiliario y vidrios, casi empantana la sesi\u00f3n. Pero estaban decididos, -los compromisos contra\u00eddos tiran m\u00e1s que una turba iracunda-, y se vot\u00f3, luego de desalojar el recinto con la polic\u00eda, que en las afueras del palacio municipal hizo lo que sabe y gusta: balas de goma, palazos, detenidos. Sali\u00f3 a cazar manifestantes hasta dentro de la Catedral.<\/p>\n<p>Lo llamativo, por usar la sutileza que no es mucha, es que la UCR, mientras Acci\u00f3n Marplatense ten\u00eda mayor\u00eda en el concejo, dec\u00eda que, como nada se debat\u00eda, funcionaban m\u00e1s como una escriban\u00eda que como un cuerpo legislativo. Y ahora, cuando son ellos los que presiden el HCD y el pultimo (AM) ya no tiene mayor\u00eda autom\u00e1tica, votan juntos, de hecho hacen posible la r\u00e1pida salida del aumento. Habr\u00e1 cambiado el escribano, pero la oficina sigue funcionando igual.<\/p>\n<p>Y algo tambi\u00e9n llamativo, aunque ya roza lo escandaloso, es que el intendente Pulti siga diciendo que adhiere al gobierno de Cristina Fern\u00e1ndez de Kirchner, cuando resulta ser el palad\u00edn justiciero del empresariado local y monop\u00f3lico, ya sea en transporte, ya sea en medios de comunicaci\u00f3n\u2026<\/p>\n<p>Hay quienes defienden los aumentos de un boleto que deber\u00eda valer mucho menos, si los c\u00e1lculos con los que sacan las cifras fueran reales. Hay quienes defienden la represi\u00f3n policial y la mandan y la piden. Pero hay unos pocos que alg\u00fan d\u00eda ser\u00e1n los muchos que no hacen ninguna de esas dos cosas.<\/p>\n<p>&nbsp;<\/p>\n<p>&nbsp;<\/p>\n<p>&nbsp;<\/p>\n<p>&nbsp;<\/p>\n","protected":false},"excerpt":{"rendered":"<p>Podemos decir lo que ya sabemos, si. Abundar en las frases con las que hemos machado cada vez que pasamos \u2013bastante seguido-, por estas circunstancias. Y mal no est\u00e1 expresarse aunque nos repitamos, quiz\u00e1 sea ese el recurso que tenemos, desde nuestros diferentes lugares: decir que no.<\/p>\n","protected":false},"author":8,"featured_media":0,"comment_status":"open","ping_status":"open","sticky":false,"template":"","format":"standard","meta":{"_jetpack_newsletter_access":"","_jetpack_dont_email_post_to_subs":false,"_jetpack_newsletter_tier_id":0,"_jetpack_memberships_contains_paywalled_content":false,"_jetpack_memberships_contains_paid_content":false,"footnotes":""},"categories":[64],"tags":[],"class_list":["post-38294","post","type-post","status-publish","format-standard","hentry","category-opinion"],"jetpack_featured_media_url":"","jetpack_shortlink":"https:\/\/wp.me\/p2JWE0-9XE","jetpack-related-posts":[{"id":106119,"url":"https:\/\/www.24baires.com\/?p=106119","url_meta":{"origin":38294,"position":0},"title":"El boleto de colectivo aument\u00f3 un 600% desde la asunci\u00f3n de Macri","author":"AF","date":"27\/12\/2018","format":false,"excerpt":"En diciembre de 2015 viajar en colectivo costaba 3 pesos. El ministro de Transporte Guillermo Dietrich anunci\u00f3 que en marzo el m\u00ednimo costar\u00e1 18 pesos. \"Esperamos no tener que hacer una nueva actualizaci\u00f3n tarifaria en 2019\" dijo este jueves sin demasiada convicci\u00f3n el ministro de Transporte de la Naci\u00f3n Guillermo\u2026","rel":"","context":"En \u00abSociedad\u00bb","block_context":{"text":"Sociedad","link":"https:\/\/www.24baires.com\/?cat=1"},"img":{"alt_text":"","src":"https:\/\/i0.wp.com\/www.24baires.com\/wp-content\/uploads\/2014\/11\/319-colectivo-bah%C3%ADa-punta-alta.jpg?resize=350%2C200","width":350,"height":200,"srcset":"https:\/\/i0.wp.com\/www.24baires.com\/wp-content\/uploads\/2014\/11\/319-colectivo-bah%C3%ADa-punta-alta.jpg?resize=350%2C200 1x, https:\/\/i0.wp.com\/www.24baires.com\/wp-content\/uploads\/2014\/11\/319-colectivo-bah%C3%ADa-punta-alta.jpg?resize=525%2C300 1.5x"},"classes":[]},{"id":121476,"url":"https:\/\/www.24baires.com\/?p=121476","url_meta":{"origin":38294,"position":1},"title":"Villa Gesell: Se hizo efectiva la baja del costo del boleto del colectivo","author":"GB","date":"26\/07\/2024","format":false,"excerpt":"El alcalde de Villa Gesell, Gustavo Barrera, destac\u00f3 la baja de la tarifa del transporte p\u00fablico en su distrito, tras el aumento de monto del subsidio de parte de la Provincia. El intendente de Villa Gesell, Gustavo Barrera, celebr\u00f3 la efectivizaci\u00f3n de la baja del precio del boleto del transporte\u2026","rel":"","context":"En \u00abMunicipios\u00bb","block_context":{"text":"Municipios","link":"https:\/\/www.24baires.com\/?cat=44"},"img":{"alt_text":"","src":"https:\/\/i0.wp.com\/www.24baires.com\/wp-content\/uploads\/2024\/07\/colectivo-villa-gesell.webp?resize=350%2C200","width":350,"height":200,"srcset":"https:\/\/i0.wp.com\/www.24baires.com\/wp-content\/uploads\/2024\/07\/colectivo-villa-gesell.webp?resize=350%2C200 1x, https:\/\/i0.wp.com\/www.24baires.com\/wp-content\/uploads\/2024\/07\/colectivo-villa-gesell.webp?resize=525%2C300 1.5x, https:\/\/i0.wp.com\/www.24baires.com\/wp-content\/uploads\/2024\/07\/colectivo-villa-gesell.webp?resize=700%2C400 2x"},"classes":[]},{"id":1743,"url":"https:\/\/www.24baires.com\/?p=1743","url_meta":{"origin":38294,"position":2},"title":"Anuncian boleto estudiantil gratuito a partir de este a\u00f1o en Mar del Plata","author":"AF","date":"12\/10\/2012","format":false,"excerpt":"El intendente \u00a0de General Pueyrredon, Gustavo Pulti, anunci\u00f3 este jueves que elev\u00f3 al Concejo Deliberante el proyecto de Ordenanza para el boleto estudiantil gratuito para todos los servicios educativos obligatorios.Con la presencia del intendente Pulti, el Presidente del Honorable Concejo Deliberante, Ariel Ciano, el Director de Transporte, Guillermo Iglesias, funcionarios\u2026","rel":"","context":"En \u00abMunicipios\u00bb","block_context":{"text":"Municipios","link":"https:\/\/www.24baires.com\/?cat=44"},"img":{"alt_text":"","src":"https:\/\/i0.wp.com\/www.24baires.com\/wp-content\/uploads\/2012\/10\/boletomdp-300x199.jpg?resize=350%2C200","width":350,"height":200},"classes":[]},{"id":113651,"url":"https:\/\/www.24baires.com\/?p=113651","url_meta":{"origin":38294,"position":3},"title":"El viernes regir\u00e1 el nuevo valor del colectivo en Mar del Plata","author":"GB","date":"02\/01\/2020","format":false,"excerpt":"Pasar\u00e1 de los $18,50 actuales a $23. En febrero, volver\u00e1 a incrementarse la tarifa y pasar\u00e1 a valer $25. A partir de ma\u00f1ana, el boleto de colectivo en Mar del Plata pasar\u00e1 de los actuales $18,50 a $23, seg\u00fan lo establecido en uno de los \u00faltimos decretos del ex intendente\u2026","rel":"","context":"En \u00abMunicipios\u00bb","block_context":{"text":"Municipios","link":"https:\/\/www.24baires.com\/?cat=44"},"img":{"alt_text":"","src":"https:\/\/i0.wp.com\/www.24baires.com\/wp-content\/uploads\/2013\/10\/colectivos-mdp.jpg?resize=350%2C200","width":350,"height":200,"srcset":"https:\/\/i0.wp.com\/www.24baires.com\/wp-content\/uploads\/2013\/10\/colectivos-mdp.jpg?resize=350%2C200 1x, https:\/\/i0.wp.com\/www.24baires.com\/wp-content\/uploads\/2013\/10\/colectivos-mdp.jpg?resize=525%2C300 1.5x"},"classes":[]},{"id":106307,"url":"https:\/\/www.24baires.com\/?p=106307","url_meta":{"origin":38294,"position":4},"title":"Aumenta el saldo negativo de la SUBE: el monto se actualiza a 54 pesos","author":"GB","date":"11\/01\/2019","format":false,"excerpt":"A partir de ma\u00f1ana el monto se modificar\u00e1 de forma autom\u00e1tica para todas las tarjetas del pa\u00eds, permitiendo que los usuarios abonen m\u00e1s de 5 viajes en tren y 3 de colectivo una vez agotado su saldo, hasta que en un mes, la tarifa suba a $16,50 y, en marzo,\u2026","rel":"","context":"En \u00abSociedad\u00bb","block_context":{"text":"Sociedad","link":"https:\/\/www.24baires.com\/?cat=1"},"img":{"alt_text":"","src":"https:\/\/i0.wp.com\/www.24baires.com\/wp-content\/uploads\/2015\/07\/sube.jpg?resize=350%2C200","width":350,"height":200,"srcset":"https:\/\/i0.wp.com\/www.24baires.com\/wp-content\/uploads\/2015\/07\/sube.jpg?resize=350%2C200 1x, https:\/\/i0.wp.com\/www.24baires.com\/wp-content\/uploads\/2015\/07\/sube.jpg?resize=525%2C300 1.5x"},"classes":[]},{"id":12609,"url":"https:\/\/www.24baires.com\/?p=12609","url_meta":{"origin":38294,"position":5},"title":"Randazzo lament\u00f3 por Twitter el desplante de Macri","author":"Grupo Sierra","date":"17\/01\/2013","format":false,"excerpt":"Randazzo lament\u00f3 que el jefe de Gobierno porte\u00f1o no participe de la reuni\u00f3n que convoc\u00f3 para ma\u00f1ana a las 11 a \u00e9l y al gobernador Daniel Scioli para abordar la cuesti\u00f3n del transporte y la tarifa de los subtes. Macri, al hablar esta ma\u00f1ana en una conferencia de prensa luego\u2026","rel":"","context":"En \u00abPol\u00edtica\u00bb","block_context":{"text":"Pol\u00edtica","link":"https:\/\/www.24baires.com\/?cat=51"},"img":{"alt_text":"randazzo","src":"https:\/\/i0.wp.com\/www.24baires.com\/wp-content\/uploads\/2013\/01\/randazzo.jpg?resize=350%2C200","width":350,"height":200,"srcset":"https:\/\/i0.wp.com\/www.24baires.com\/wp-content\/uploads\/2013\/01\/randazzo.jpg?resize=350%2C200 1x, https:\/\/i0.wp.com\/www.24baires.com\/wp-content\/uploads\/2013\/01\/randazzo.jpg?resize=525%2C300 1.5x"},"classes":[]}],"jetpack_sharing_enabled":true,"jetpack_likes_enabled":true,"_links":{"self":[{"href":"https:\/\/www.24baires.com\/index.php?rest_route=\/wp\/v2\/posts\/38294","targetHints":{"allow":["GET"]}}],"collection":[{"href":"https:\/\/www.24baires.com\/index.php?rest_route=\/wp\/v2\/posts"}],"about":[{"href":"https:\/\/www.24baires.com\/index.php?rest_route=\/wp\/v2\/types\/post"}],"author":[{"embeddable":true,"href":"https:\/\/www.24baires.com\/index.php?rest_route=\/wp\/v2\/users\/8"}],"replies":[{"embeddable":true,"href":"https:\/\/www.24baires.com\/index.php?rest_route=%2Fwp%2Fv2%2Fcomments&post=38294"}],"version-history":[{"count":1,"href":"https:\/\/www.24baires.com\/index.php?rest_route=\/wp\/v2\/posts\/38294\/revisions"}],"predecessor-version":[{"id":38295,"href":"https:\/\/www.24baires.com\/index.php?rest_route=\/wp\/v2\/posts\/38294\/revisions\/38295"}],"wp:attachment":[{"href":"https:\/\/www.24baires.com\/index.php?rest_route=%2Fwp%2Fv2%2Fmedia&parent=38294"}],"wp:term":[{"taxonomy":"category","embeddable":true,"href":"https:\/\/www.24baires.com\/index.php?rest_route=%2Fwp%2Fv2%2Fcategories&post=38294"},{"taxonomy":"post_tag","embeddable":true,"href":"https:\/\/www.24baires.com\/index.php?rest_route=%2Fwp%2Fv2%2Ftags&post=38294"}],"curies":[{"name":"wp","href":"https:\/\/api.w.org\/{rel}","templated":true}]}}