{"id":3818,"date":"2012-10-30T12:35:57","date_gmt":"2012-10-30T15:35:57","guid":{"rendered":"http:\/\/www.24baires.com\/?p=3818"},"modified":"2012-10-30T12:35:57","modified_gmt":"2012-10-30T15:35:57","slug":"con-fuertes-criticas-al-ministro-arlia-vecinos-coordinan-acciones-por-el-estado-de-las-rutas","status":"publish","type":"post","link":"https:\/\/www.24baires.com\/?p=3818","title":{"rendered":"Con fuertes cr\u00edticas al Ministro Arl\u00eda, vecinos coordinan acciones por el estado de las rutas"},"content":{"rendered":"<p>El pr\u00f3ximo s\u00e1bado, vecinos de Pilar, Pergamino y San Antonio de Areco, entre otras ciudades del interior, coordinar\u00e1n acciones para reclamar por el \u201cp\u00e9simo\u201d estado de las rutas. En ese sentido, intensificaron las cr\u00edticas al Ministro de Infraestructura, Alejandro Arl\u00eda, por \u201csus falsas promesas\u201d.\u00a0Se reunir\u00e1n en Mercedes<!--more--><br \/>\nEl encuentro tendr\u00e1 lugar en la sede de la C\u00e1mara de Comercio Merceina ubicada en la calle 20 y esquina 21 desde las 15 el s\u00e1bado. All\u00ed los habitantes de varias localidades, como Pilar, Pergamino, San Antonio de Areco entre otras, coordinar\u00e1n acciones para reclamar por el mal estado de las rutas bonaerenses.<\/p>\n<p>Al respecto, se mostraron muy disgustados por las declaraciones de Arl\u00eda, que prometi\u00f3 urgente mejoras que a\u00fan no fueron concretadas.<\/p>\n<p>\u201cUn mes y medio despu\u00e9s. Todas sus promesas son una reverenda mentira y enga\u00f1\u00f3 a un pueblo que ve como las obras viales en la ruta provincial 41 las manejan con la misma hipocres\u00eda, de hoy y de siempre\u201d sostienen en un comunicado que transcribe elportalbonaerense.com.ar<\/p>\n<p>En tanto, siguen los reclamos en la zona de Pilar \u2013 Pergamino para que la ruta 8 se convierta en autopista ante los reiterados accidentes que se registran. Bajo el lema \u00abbasta de muertes en la ruta 8, autopista ya\u00bb, los vecinos intensificar\u00e1n su campa\u00f1a que se trasladar\u00e1 tambi\u00e9n al encuentro de Mercedes.<\/p>\n","protected":false},"excerpt":{"rendered":"<p>El pr\u00f3ximo s\u00e1bado, vecinos de Pilar, Pergamino y San Antonio de Areco, entre otras ciudades del interior, coordinar\u00e1n acciones para reclamar por el \u201cp\u00e9simo\u201d estado de las rutas. En ese sentido, intensificaron las cr\u00edticas al Ministro de Infraestructura, Alejandro Arl\u00eda, por \u201csus falsas promesas\u201d.\u00a0Se reunir\u00e1n en Mercedes<\/p>\n","protected":false},"author":11,"featured_media":0,"comment_status":"open","ping_status":"open","sticky":false,"template":"","format":"standard","meta":{"_jetpack_newsletter_access":"","_jetpack_dont_email_post_to_subs":false,"_jetpack_newsletter_tier_id":0,"_jetpack_memberships_contains_paywalled_content":false,"_jetpack_memberships_contains_paid_content":false,"footnotes":""},"categories":[40],"tags":[],"class_list":["post-3818","post","type-post","status-publish","format-standard","hentry","category-provincia"],"jetpack_featured_media_url":"","jetpack_shortlink":"https:\/\/wp.me\/p2JWE0-ZA","jetpack-related-posts":[{"id":48305,"url":"https:\/\/www.24baires.com\/?p=48305","url_meta":{"origin":3818,"position":0},"title":"Arl\u00eda asegur\u00f3 que avanzan las obras en el R\u00edo Luj\u00e1n","author":"AF","date":"19\/06\/2014","format":false,"excerpt":"Lo confirm\u00f3 el ministro de infraestructura Alejandro Arl\u00eda, durante el Comit\u00e9 de Cuenca que se realiz\u00f3 en el municipio de Luj\u00e1n, junto a los jefes comunales que lo integran. \u201cLas obras est\u00e1n avanzando. Hoy presenciamos la llegada de una barcaza con pluma que es una m\u00e1quina que draga en lo\u2026","rel":"","context":"En \u00abLocales\u00bb","block_context":{"text":"Locales","link":"https:\/\/www.24baires.com\/?cat=38"},"img":{"alt_text":"arl\u00eda","src":"https:\/\/i0.wp.com\/www.24baires.com\/wp-content\/uploads\/2014\/06\/arl%C3%ADa.jpg?resize=350%2C200","width":350,"height":200,"srcset":"https:\/\/i0.wp.com\/www.24baires.com\/wp-content\/uploads\/2014\/06\/arl%C3%ADa.jpg?resize=350%2C200 1x, https:\/\/i0.wp.com\/www.24baires.com\/wp-content\/uploads\/2014\/06\/arl%C3%ADa.jpg?resize=525%2C300 1.5x"},"classes":[]},{"id":50632,"url":"https:\/\/www.24baires.com\/?p=50632","url_meta":{"origin":3818,"position":1},"title":"Licitan obras viales en San Antonio de Areco por m\u00e1s de $5 millones","author":"AF","date":"27\/07\/2014","format":false,"excerpt":"El subadministrador de Vialidad, Alan Lynch junto al intendente, Francisco Dura\u00f1ona y a la senadora Marina Moretti, licitaron este viernes en San Antonio de Areco obras viales por m\u00e1s de 5 millones de pesos para el Municipio que ser\u00e1n financiadas a trav\u00e9s del PROFIDE. El subadministrador de Vialidad Alan Lynch,\u2026","rel":"","context":"En \u00abLocales\u00bb","block_context":{"text":"Locales","link":"https:\/\/www.24baires.com\/?cat=38"},"img":{"alt_text":"ruta","src":"https:\/\/i0.wp.com\/www.24baires.com\/wp-content\/uploads\/2013\/12\/ruta.jpg?resize=350%2C200","width":350,"height":200,"srcset":"https:\/\/i0.wp.com\/www.24baires.com\/wp-content\/uploads\/2013\/12\/ruta.jpg?resize=350%2C200 1x, https:\/\/i0.wp.com\/www.24baires.com\/wp-content\/uploads\/2013\/12\/ruta.jpg?resize=525%2C300 1.5x"},"classes":[]},{"id":31837,"url":"https:\/\/www.24baires.com\/?p=31837","url_meta":{"origin":3818,"position":2},"title":"En octubre repavimentar\u00e1n la Ruta 41","author":"GB","date":"14\/09\/2013","format":false,"excerpt":"MERCEDES- Juan Ignacio Ustarroz confirm\u00f3 que en octubre se har\u00e1 la licitaci\u00f3n para la repavimentaci\u00f3n total de la Ruta provincial 41. Asegur\u00f3 que \"las obras ser\u00e1n el resultado de un trabajo en equipo con los vecinos de la Comisi\u00f3n, la confirmaci\u00f3n de que tenemos que tirar todos para el mismo\u2026","rel":"","context":"En \u00abLocales\u00bb","block_context":{"text":"Locales","link":"https:\/\/www.24baires.com\/?cat=38"},"img":{"alt_text":"Mercedes","src":"https:\/\/i0.wp.com\/www.24baires.com\/wp-content\/uploads\/2013\/09\/Mercedes.jpg?resize=350%2C200","width":350,"height":200,"srcset":"https:\/\/i0.wp.com\/www.24baires.com\/wp-content\/uploads\/2013\/09\/Mercedes.jpg?resize=350%2C200 1x, https:\/\/i0.wp.com\/www.24baires.com\/wp-content\/uploads\/2013\/09\/Mercedes.jpg?resize=525%2C300 1.5x"},"classes":[]},{"id":8748,"url":"https:\/\/www.24baires.com\/?p=8748","url_meta":{"origin":3818,"position":3},"title":"Ahora Arl\u00eda promete luminarias para rutas provinciales","author":"Grupo Sierra","date":"11\/12\/2012","format":false,"excerpt":"El ministro de Infraestructura, Alejandro Arl\u00eda, y jefes comunales de 16 distritos bonaerenses acordaron la transferencia de luminarias viales con el objetivo \"optimizar la transitabilidad de las rutas provinciales\". En una primera etapa, se beneficiar\u00e1 a las localidades de Saladillo, Pergamino, Tres Arroyos, Lober\u00eda, Azul, Olavarr\u00eda y Navarro, cuyos jefes\u2026","rel":"","context":"En \u00abProvincia\u00bb","block_context":{"text":"Provincia","link":"https:\/\/www.24baires.com\/?cat=40"},"img":{"alt_text":"","src":"","width":0,"height":0},"classes":[]},{"id":4569,"url":"https:\/\/www.24baires.com\/?p=4569","url_meta":{"origin":3818,"position":4},"title":"Arl\u00eda y la intenci\u00f3n de acabar con los canales clandestinos","author":"AF","date":"06\/11\/2012","format":false,"excerpt":"El ministro de Infraestructura, Alejandro Arl\u00eda, protagoniz\u00f3 una reuni\u00f3n con el Jefe comunal de San Antonio de Areco, Francisco Dura\u00f1ona, donde anunci\u00f3 la intenci\u00f3n de una iniciativa para endurecer \u201clas penas\u201d por este tipo de acciones, que gener\u00f3 disputas entre municipios y denuncias varias. El ministro de Infraestructura bonaerense y\u2026","rel":"","context":"En \u00abLocales\u00bb","block_context":{"text":"Locales","link":"https:\/\/www.24baires.com\/?cat=38"},"img":{"alt_text":"","src":"","width":0,"height":0},"classes":[]},{"id":17087,"url":"https:\/\/www.24baires.com\/?p=17087","url_meta":{"origin":3818,"position":5},"title":"Ruta 51: Arl\u00eda confirm\u00f3 que la visitar\u00e1 y acept\u00f3 que est\u00e9 el intendente Eseverri","author":"AF","date":"01\/03\/2013","format":false,"excerpt":"OLAVARR\u00cdA - Tras varios d\u00edas de incertidumbre y luego de la fuerte pelea que el Ministro de infraestrucura Alejandro Arl\u00eda mantuvo con el intendente Jos\u00e9 Eseverri en la red social Twitter, el funcionario se comunic\u00f3 telef\u00f3nicamente con vecinos de Loma Negra y ratific\u00f3 su llegada a la ciudad el pr\u00f3ximo\u2026","rel":"","context":"En \u00abLocales\u00bb","block_context":{"text":"Locales","link":"https:\/\/www.24baires.com\/?cat=38"},"img":{"alt_text":"","src":"","width":0,"height":0},"classes":[]}],"jetpack_sharing_enabled":true,"jetpack_likes_enabled":true,"_links":{"self":[{"href":"https:\/\/www.24baires.com\/index.php?rest_route=\/wp\/v2\/posts\/3818","targetHints":{"allow":["GET"]}}],"collection":[{"href":"https:\/\/www.24baires.com\/index.php?rest_route=\/wp\/v2\/posts"}],"about":[{"href":"https:\/\/www.24baires.com\/index.php?rest_route=\/wp\/v2\/types\/post"}],"author":[{"embeddable":true,"href":"https:\/\/www.24baires.com\/index.php?rest_route=\/wp\/v2\/users\/11"}],"replies":[{"embeddable":true,"href":"https:\/\/www.24baires.com\/index.php?rest_route=%2Fwp%2Fv2%2Fcomments&post=3818"}],"version-history":[{"count":2,"href":"https:\/\/www.24baires.com\/index.php?rest_route=\/wp\/v2\/posts\/3818\/revisions"}],"predecessor-version":[{"id":3820,"href":"https:\/\/www.24baires.com\/index.php?rest_route=\/wp\/v2\/posts\/3818\/revisions\/3820"}],"wp:attachment":[{"href":"https:\/\/www.24baires.com\/index.php?rest_route=%2Fwp%2Fv2%2Fmedia&parent=3818"}],"wp:term":[{"taxonomy":"category","embeddable":true,"href":"https:\/\/www.24baires.com\/index.php?rest_route=%2Fwp%2Fv2%2Fcategories&post=3818"},{"taxonomy":"post_tag","embeddable":true,"href":"https:\/\/www.24baires.com\/index.php?rest_route=%2Fwp%2Fv2%2Ftags&post=3818"}],"curies":[{"name":"wp","href":"https:\/\/api.w.org\/{rel}","templated":true}]}}