{"id":3805,"date":"2012-10-30T10:48:25","date_gmt":"2012-10-30T13:48:25","guid":{"rendered":"http:\/\/www.24baires.com\/?p=3805"},"modified":"2012-10-30T10:48:25","modified_gmt":"2012-10-30T13:48:25","slug":"el-proyecto-de-jury-de-enjuiciamiento-propone-una-politica-distinta-para-la-provincia","status":"publish","type":"post","link":"https:\/\/www.24baires.com\/?p=3805","title":{"rendered":"\u201cEl proyecto de Jury de enjuiciamiento propone una pol\u00edtica distinta para la Provincia\u201d"},"content":{"rendered":"<p><img data-recalc-dims=\"1\" loading=\"lazy\" decoding=\"async\" class=\"alignleft size-medium wp-image-3806\" title=\"carreras santiago\" src=\"https:\/\/i0.wp.com\/www.24baires.com\/wp-content\/uploads\/2012\/10\/carreras-santiago1.jpg?resize=300%2C175\" alt=\"\" width=\"300\" height=\"175\" srcset=\"https:\/\/i0.wp.com\/www.24baires.com\/wp-content\/uploads\/2012\/10\/carreras-santiago1.jpg?resize=300%2C175&amp;ssl=1 300w, https:\/\/i0.wp.com\/www.24baires.com\/wp-content\/uploads\/2012\/10\/carreras-santiago1.jpg?w=560&amp;ssl=1 560w\" sizes=\"auto, (max-width: 300px) 100vw, 300px\" \/>Lo asegur\u00f3 el senador bonaerense, Santiago Carreras, quien se mostr\u00f3 confiado en que ser\u00e1 aprobado esta semana. Asimismo asegur\u00f3 que \u201ctenemos una fuerte expectativa considerando todo el trabajo que viene realizando la C\u00e1mara Alta, con leyes que son tan trascendentales\u201d.<!--more--><\/p>\n<p>El pr\u00f3ximo jueves ser\u00e1 tratado en el Senado el proyecto de ley de Jury de enjuiciamiento, impulsado por la presidenta del bloque del Frente para la Victoria-Partido Justicialista, Cristina Fioramonti.<\/p>\n<p>En di\u00e1logo con Agepeba, el senador Santiago Carreras adelant\u00f3 que si bien en la sesi\u00f3n del jueves iba a tratarse adem\u00e1s de Presupuesto 2013, los proyectos de Ley Impositiva, Jury de enjuiciamiento y Consejo de la Magistratura, este \u00faltimo proyecto de ley, qued\u00f3 suspendido para dentro de un tiempo.<\/p>\n<p>\u201cEscuchando el pedido de algunos de los integrantes de la C\u00e1mara y sabiendo que la postura de todos no es la misma, se decidi\u00f3 que r\u00e1pidamente se pueda tratar jury y presupuesto este jueves y darle un tiempo m\u00e1s a la ley del Consejo de la Magistratura que l\u00f3gicamente traer\u00e1 modificaciones sustanciales en un tema muy sensible como lo es la elecci\u00f3n de los jueces en la provincia\u201d, indic\u00f3 Carreras.<\/p>\n<p>En ese sentido, Carreras subray\u00f3 que \u201chab\u00eda que darle prioridad a la ley de Jury que ya es m\u00e1s sencilla desde su articulaci\u00f3n y viene siendo tratada en las Comisiones conjuntas y con una postura m\u00e1s clara\u201d.<\/p>\n<p>Adem\u00e1s agreg\u00f3 \u201chemos tenido en la \u00faltima sesi\u00f3n un tratamiento para nuestro punto de vista muy ordenado, con un resultado esperado por como se dio la ley por como se modificaron los art\u00edculos con los bloques opositores y como se trabaj\u00f3 en forma consensuada en la \u00faltima sesi\u00f3n\u201d.<\/p>\n<p>\u201cPudimos sacar Ministerio P\u00fablico, autonom\u00eda de la defensa y con la misma expectativa empezamos a trabajar en el texto de Jury de enjuiciamiento y su nueva secretar\u00eda\u201d, dijo el Senador y agreg\u00f3: \u201centend\u00edamos adem\u00e1s que era muy importante conocer la opini\u00f3n de hombres de la Corte como la del doctor Eduardo De Lazzari y tambi\u00e9n la b\u00fasqueda de consensos no solo en nuestro propio bloque si no con los dem\u00e1s\u201d.<\/p>\n<p>Por \u00faltimo, Carreras subray\u00f3: \u201cconf\u00edo en que el proyecto de Jury de enjuiciamiento se aprobar\u00e1 en el Senado sin ninguna observaci\u00f3n. Esta tarde estaremos comenzando a trabajar con la Comisi\u00f3n de Legislaci\u00f3n General y ma\u00f1ana tendr\u00edamos otra reuni\u00f3n para tratar de dar dictamen y llegar al recinto de la mejor manera\u201d.<\/p>\n<p>\u201cTenemos una fuerte expectativa considerando todo el trabajo que viene realizando esta C\u00e1mara, con estas leyes que son tan trascendentales: Jury, ministerio publico fiscal, polic\u00eda judicial, autonom\u00eda de la defensa, ley publica y pr\u00f3ximamente Consejo de la Magistratura. Se trata de una mirada y una pol\u00edtica distinta en la provincia de Buenos Aires\u201d, enfatiz\u00f3 Carreras.<\/p>\n<p>Seg\u00fan hab\u00eda explicado a esta agencia la impulsora del proyecto, Cristina Fioramonti, el jury de enjuiciamiento busca \u201cgenerar modificaciones a trav\u00e9s de una ley que haga que se puedan seleccionar a los mejores para ser jueces y fiscales, modificar la ley de Jurado de Enjuiciamiento que haga que cuando se denuncia a un juez o fiscal por alguna situaci\u00f3n grave de irregularidad que ese juicio pol\u00edtico no dure a\u00f1os y que si se trata de un buen magistrado, r\u00e1pidamente pueda sacarse esta situaci\u00f3n de encima y si no lo es, que pueda ser removido como la ley lo contempla\u201d.<\/p>\n","protected":false},"excerpt":{"rendered":"<p>Lo asegur\u00f3 el senador bonaerense, Santiago Carreras, quien se mostr\u00f3 confiado en que ser\u00e1 aprobado esta semana. Asimismo asegur\u00f3 que \u201ctenemos una fuerte expectativa considerando todo el trabajo que viene realizando la C\u00e1mara Alta, con leyes que son tan trascendentales\u201d.<\/p>\n","protected":false},"author":11,"featured_media":0,"comment_status":"open","ping_status":"open","sticky":false,"template":"","format":"standard","meta":{"_jetpack_newsletter_access":"","_jetpack_dont_email_post_to_subs":false,"_jetpack_newsletter_tier_id":0,"_jetpack_memberships_contains_paywalled_content":false,"_jetpack_memberships_contains_paid_content":false,"footnotes":""},"categories":[40],"tags":[],"class_list":["post-3805","post","type-post","status-publish","format-standard","hentry","category-provincia"],"jetpack_featured_media_url":"","jetpack_shortlink":"https:\/\/wp.me\/p2JWE0-Zn","jetpack-related-posts":[{"id":4189,"url":"https:\/\/www.24baires.com\/?p=4189","url_meta":{"origin":3805,"position":0},"title":"Ley de Enjuiciamiento: \u201cUna ley que sale por unanimidad, nace fortalecida\u201d","author":"AF","date":"02\/11\/2012","format":false,"excerpt":"La senadora Cristina Fioramonti destac\u00f3 el consenso que obtuvo la reforma de Ley de Enjuiciamiento de Magistrados de la Provincia en los bloques oficialistas y opositores del Senado. La autora de la iniciativa consider\u00f3 que el proyecto, que ahora deber\u00e1 ser votado por la C\u00e1mara baja, es \u201cparte de la\u2026","rel":"","context":"En \u00abPol\u00edtica\u00bb","block_context":{"text":"Pol\u00edtica","link":"https:\/\/www.24baires.com\/?cat=51"},"img":{"alt_text":"","src":"","width":0,"height":0},"classes":[]},{"id":8699,"url":"https:\/\/www.24baires.com\/?p=8699","url_meta":{"origin":3805,"position":1},"title":"Esta semana en la Legislatura se aprobar\u00e1 la Reforma a la Procuraci\u00f3n y la Ley de Jury","author":"Grupo Sierra","date":"11\/12\/2012","format":false,"excerpt":"Con amplio respaldo opositor, la C\u00e1mara de diputados bonaerense convertir\u00e1 en ley los dos proyectos del paquete de reformas judiciales y aprobar\u00e1 la iniciativa para establecer los juicios por jurados. En su \u00faltima sesi\u00f3n del a\u00f1o, la C\u00e1mara de Diputados sancionar\u00e1 el pr\u00f3ximo jueves dos de los proyectos pendientes del\u2026","rel":"","context":"En \u00abProvincia\u00bb","block_context":{"text":"Provincia","link":"https:\/\/www.24baires.com\/?cat=40"},"img":{"alt_text":"","src":"","width":0,"height":0},"classes":[]},{"id":116071,"url":"https:\/\/www.24baires.com\/?p=116071","url_meta":{"origin":3805,"position":2},"title":"La Reforma Judicial llega al recinto del Senado este jueves","author":"GB","date":"26\/08\/2020","format":false,"excerpt":"Hay fuertes rumores de acuerdo entre el oficialismo y un pu\u00f1ado de legisladores de Juntos por el Cambio que estar\u00edan dispuestos a acompa\u00f1ar el proyecto si hay modificaciones La C\u00e1mara de Senadores de la Naci\u00f3n debatier\u00e1 este jueves en sesi\u00f3n especial el proyecto de Ley de Reforma Judicial impulsado por\u2026","rel":"","context":"En \u00abPol\u00edtica\u00bb","block_context":{"text":"Pol\u00edtica","link":"https:\/\/www.24baires.com\/?cat=51"},"img":{"alt_text":"","src":"https:\/\/i0.wp.com\/www.24baires.com\/wp-content\/uploads\/2020\/06\/senado.jpg?resize=350%2C200","width":350,"height":200,"srcset":"https:\/\/i0.wp.com\/www.24baires.com\/wp-content\/uploads\/2020\/06\/senado.jpg?resize=350%2C200 1x, https:\/\/i0.wp.com\/www.24baires.com\/wp-content\/uploads\/2020\/06\/senado.jpg?resize=525%2C300 1.5x"},"classes":[]},{"id":3201,"url":"https:\/\/www.24baires.com\/?p=3201","url_meta":{"origin":3805,"position":3},"title":"Ministerio P\u00fablico Fiscal y de la Defensa: se aprob\u00f3 el proyecto para su creaci\u00f3n","author":"AF","date":"25\/10\/2012","format":false,"excerpt":"Se trata de una iniciativa impulsada por los senadores Santiago Carreras y Cristina Fioramonti, que determina la implementaci\u00f3n de un Ministerio P\u00fablico Fiscal y uno de la Defensa. Tambi\u00e9n obtuvo media sanci\u00f3n la creaci\u00f3n del Departamento Judicial Avellaneda-Lan\u00fas y la ampliaci\u00f3n del Departamento Judicial de Lomas de Zamora . El\u2026","rel":"","context":"En \u00abPol\u00edtica\u00bb","block_context":{"text":"Pol\u00edtica","link":"https:\/\/www.24baires.com\/?cat=51"},"img":{"alt_text":"","src":"https:\/\/i0.wp.com\/www.24baires.com\/wp-content\/uploads\/2012\/10\/senado-bonaerense1.jpg?resize=350%2C200","width":350,"height":200,"srcset":"https:\/\/i0.wp.com\/www.24baires.com\/wp-content\/uploads\/2012\/10\/senado-bonaerense1.jpg?resize=350%2C200 1x, https:\/\/i0.wp.com\/www.24baires.com\/wp-content\/uploads\/2012\/10\/senado-bonaerense1.jpg?resize=525%2C300 1.5x"},"classes":[]},{"id":8955,"url":"https:\/\/www.24baires.com\/?p=8955","url_meta":{"origin":3805,"position":4},"title":"Amplia agenda para la Legislatura bonaerense","author":"AF","date":"13\/12\/2012","format":false,"excerpt":"La C\u00e1mara de Diputados tiene previsto sancionar la creaci\u00f3n del Polo Judicial Avellaneda-Lan\u00fas, la divisi\u00f3n de la Procuraci\u00f3n General y la reforma de la Ley de Enjuiciamiento de Magistrados. En el Senado, en tanto, se debatir\u00e1 el voto joven y la ley que limita las excarcelaciones, entre otros proyectos. Antes\u2026","rel":"","context":"En \u00abPol\u00edtica\u00bb","block_context":{"text":"Pol\u00edtica","link":"https:\/\/www.24baires.com\/?cat=51"},"img":{"alt_text":"","src":"https:\/\/i0.wp.com\/www.24baires.com\/wp-content\/uploads\/2012\/12\/diputados-ba-300x198.jpg?resize=350%2C200","width":350,"height":200},"classes":[]},{"id":3580,"url":"https:\/\/www.24baires.com\/?p=3580","url_meta":{"origin":3805,"position":5},"title":"Lesa Humanidad: \u00abHooft es el \u00fanico Juez con jury de la Provincia que no est\u00e1 suspendido\u00bb","author":"AF","date":"28\/10\/2012","format":false,"excerpt":"El abogado C\u00e9sar Sivo, representante de la querella por varias v\u00edctimas y organizaciones, manifest\u00f3 su repudio con la inoperancia por parte de las autoridades provinciales con respecto al jury al juez Pedro Hooft, quien fue denunciado hace seis a\u00f1os por ser part\u00edcipe de cr\u00edmenes de Lesa Humanidad y a\u00fan contin\u00faa\u2026","rel":"","context":"En \u00abMemoria\u00bb","block_context":{"text":"Memoria","link":"https:\/\/www.24baires.com\/?cat=50"},"img":{"alt_text":"","src":"https:\/\/i0.wp.com\/www.24baires.com\/wp-content\/uploads\/2012\/10\/Hooft-na14fo01-300x296.jpg?resize=350%2C200","width":350,"height":200},"classes":[]}],"jetpack_sharing_enabled":true,"jetpack_likes_enabled":true,"_links":{"self":[{"href":"https:\/\/www.24baires.com\/index.php?rest_route=\/wp\/v2\/posts\/3805","targetHints":{"allow":["GET"]}}],"collection":[{"href":"https:\/\/www.24baires.com\/index.php?rest_route=\/wp\/v2\/posts"}],"about":[{"href":"https:\/\/www.24baires.com\/index.php?rest_route=\/wp\/v2\/types\/post"}],"author":[{"embeddable":true,"href":"https:\/\/www.24baires.com\/index.php?rest_route=\/wp\/v2\/users\/11"}],"replies":[{"embeddable":true,"href":"https:\/\/www.24baires.com\/index.php?rest_route=%2Fwp%2Fv2%2Fcomments&post=3805"}],"version-history":[{"count":3,"href":"https:\/\/www.24baires.com\/index.php?rest_route=\/wp\/v2\/posts\/3805\/revisions"}],"predecessor-version":[{"id":3809,"href":"https:\/\/www.24baires.com\/index.php?rest_route=\/wp\/v2\/posts\/3805\/revisions\/3809"}],"wp:attachment":[{"href":"https:\/\/www.24baires.com\/index.php?rest_route=%2Fwp%2Fv2%2Fmedia&parent=3805"}],"wp:term":[{"taxonomy":"category","embeddable":true,"href":"https:\/\/www.24baires.com\/index.php?rest_route=%2Fwp%2Fv2%2Fcategories&post=3805"},{"taxonomy":"post_tag","embeddable":true,"href":"https:\/\/www.24baires.com\/index.php?rest_route=%2Fwp%2Fv2%2Ftags&post=3805"}],"curies":[{"name":"wp","href":"https:\/\/api.w.org\/{rel}","templated":true}]}}