{"id":3795,"date":"2012-10-30T10:29:37","date_gmt":"2012-10-30T13:29:37","guid":{"rendered":"http:\/\/www.24baires.com\/?p=3795"},"modified":"2012-10-31T10:43:46","modified_gmt":"2012-10-31T13:43:46","slug":"una-reunion-de-scioli-con-mariotto-fue-un-festin-para-los-medios-hegemonicos","status":"publish","type":"post","link":"https:\/\/www.24baires.com\/?p=3795","title":{"rendered":"Una reuni\u00f3n de Scioli con Mariotto fue un fest\u00edn para los medios hegem\u00f3nicos"},"content":{"rendered":"<p><img data-recalc-dims=\"1\" loading=\"lazy\" decoding=\"async\" class=\"aligncenter size-full wp-image-3796\" title=\"scioli mariotto\" src=\"https:\/\/i0.wp.com\/www.24baires.com\/wp-content\/uploads\/2012\/10\/scioli-mariotto.jpg?resize=560%2C272\" alt=\"\" width=\"560\" height=\"272\" srcset=\"https:\/\/i0.wp.com\/www.24baires.com\/wp-content\/uploads\/2012\/10\/scioli-mariotto.jpg?w=560&amp;ssl=1 560w, https:\/\/i0.wp.com\/www.24baires.com\/wp-content\/uploads\/2012\/10\/scioli-mariotto.jpg?resize=300%2C145&amp;ssl=1 300w\" sizes=\"auto, (max-width: 560px) 100vw, 560px\" \/><\/p>\n<p>El Gobernador y el Vice repasaron la agenda parlamentaria y dieron lugar a m\u00faltiples lecturas pol\u00edticas. De alguna manera, rompieron con la inercia de un an\u00e1lisis medi\u00e1tico predominante que los muestra como parte de grupos enfrentados por el poder, casi como adversarios irreconciliables.<!--more--><\/p>\n<p>Con \u201cmensajes\u201d y \u201csuspicacias\u201d reales o imaginadas por los medios dominantes, el gobernador de la Provincia, Daniel Scioli, y el Presidente del Senado, Gabriel Mariotto, se reunieron para hablar de la agenda legislativa \u2013 por la \u201crosca\u201d parlamentaria, seg\u00fan el diario Hoy \u2013. La disposici\u00f3n al di\u00e1logo del Vicegobernador no alcanz\u00f3, no obstante, para ganarse el favor de los medios hegem\u00f3nicos, en especial Clar\u00edn, que lo presenta como adversario interno del gobernador.<\/p>\n<p>El t\u00edtulo elegido por Clar\u00edn es por dem\u00e1s curioso: \u201cScioli frena una ley impulsada por el kirchnerismo duro\u201d, dice. Y se refiere al \u201cproyecto que obliga a los countries y barrios cerrados a ceder parte de sus terrenos\u201d. Seg\u00fan el diario de Noble-Magnetto-Aranda, \u201cla representaci\u00f3n parlamentaria de Daniel Scioli en el Senado bonaerense obligar\u00eda al kircherismo a modificar el proyecto de Ley de H\u00e1bitat\u201d. Es decir, ya no ser\u00eda \u201cfrenar\u201d sino \u201cmodificar\u201d. Clar\u00edn cita declaraciones del senador Osvaldo Goicoechea y presenta al proyecto aprobado como \u201cla primera acci\u00f3n conjunta de la agrupaci\u00f3n Unidos y Organizados\u201d. Luego die: \u201cScioli ocup\u00f3 un segmento de la charla con su vice para este tema. Pero su preocupaci\u00f3n inmediata es el tratamiento del presupuesto 2013\u201d.<\/p>\n<p>No obstante todo lo anterior, \u201cel Gobernador y vice acordaron avanzar en la Legislatura con el juicio por jurados, jury por enjuiciamiento, la posibilidad de voto a partir de los 16 a\u00f1os, Consejo de la Magistratura, y adhesi\u00f3n a la Ley Nacional de Desarmaderos\u201d. Es decir, la ley de Tierras no habr\u00eda sido el n\u00facleo de la conversaci\u00f3n, con lo cual su inclusi\u00f3n en la nota parece destinada a suplir la ausencia del tema en las ediciones del fin de semana.<\/p>\n<p>Para Clar\u00edn, adem\u00e1s, \u201cLa C\u00e1mpora y bancadas aliadas al kirchnerismo desarrollaron estrategias diferenciadas del Ejecutivo bonaerense. Divorciadas, incluso, en la organizaci\u00f3n pol\u00edtica preliminar de los comicios de 2013\u201d, dice. Y como muestra habla del lanzamiento de la agrupaci\u00f3n DOS,\u201d que trabaja activamente para la eventual mudanza del gobernador a la Casa Rosada en 2015\u201d.<\/p>\n<p>En nota aparte, con firma de Ignacio Miri, el diario dice: \u201cEl gobernador, m\u00e1s cerca de sus rivales\u201d, donde reitera que el encuentro \u201cno tuvo como centro (\u2026) el proyecto que logr\u00f3 aprobar el kirchnerismo duro en Diputados para que los countries cedan parte de sus terrenos\u201c y afirma que la relaci\u00f3n entre el gobernador y el vice \u201ctendr\u00e1 su prueba mayor el a\u00f1o que viene, cuando el kirchnerismo (Cristina Kirchner en soledad, por si quedaba alguna duda) decida qui\u00e9nes ser\u00e1n sus candidatos en la provincia de Buenos Aires para las legislativas\u201d.<\/p>\n<p>Seg\u00fan Miri, \u201cese mismo escenario es el que definir\u00e1 hasta donde llega el acercamiento entre Scioli y el diputado Francisco De Narv\u00e1ez, una relaci\u00f3n que le permiti\u00f3 al gobernador equilibrar los n\u00fameros de la Legislatura en los peores momentos del combate con el kirchnerismo que no lo considera tropa propia\u201d. El supuesto \u201cacercamiento\u201d se habr\u00eda dado en torno al debate por la Ley de H\u00e1bitat, a la que los diputados \u201csciolistas\u201d votaron a favor.<\/p>\n<p>Seg\u00fan La Naci\u00f3n, \u201cScioli arm\u00f3 una foto junto a Mariotto para diluir las suspicacias\u201d. Mar\u00eda Jos\u00e9 Lucesole, que firma el art\u00edculo y ubica a Mariotto del lado de los \u201cultra\u201d (extremos, radicales), interpreta que \u201ctras reunirse con disidentes del PJ, busc\u00f3 ratificar su pertenencia kirchnerista (\u2026) con una foto poco frecuente\u201d que lo muestra con el vice \u201cdistendidos\u201d en una sala en la que \u201ccuelgan un cuadro con la imagen de la Presidenta con el pecho atravesado por la banda presidencial y una serie de portarretratos con fotos de Scioli con N\u00e9stor y Cristina Kirchner\u201d. Para Lucesole \u201dFue evidente la intenci\u00f3n de mostrar un clima de concordia entre Scioli y el ultrakirchnerista Mariotto, sobre todo luego de las sucesivas reuniones que en las \u00faltimas semanas mantuvo el sciolismo con representantes del PJ disidente (\u2026) y con el intendente de Tigre, Sergio Massa, quien, como Scioli, tambi\u00e9n es mirado con desconfianza por el kirchnerismo\u201d.<\/p>\n<p>Para Lucesole, \u201cEste principio de acuerdo (para avanzar en la \u201cagenda legislativa\u201d) se pondr\u00e1 a prueba pasado ma\u00f1ana, cuando sesionen las c\u00e1maras de Diputados y Senadores para intentar sancionar el presupuesto 2013 y la ley impositiva, que dispone fuertes alzas de impuestos\u201d. Para la periodista, \u201cen Diputados, las diferencias internas en el oficialismo no impedir\u00edan la votaci\u00f3n unificada de la ley impositiva y del presupuesto\u201d. En tanto, \u201cen la C\u00e1mara de Senadores ser\u00e1 gravitante la sinton\u00eda entre Scioli y Mariotto\u201d.<\/p>\n<p>\u201cScioli-Mariotto, en una reuni\u00f3n plagada de mensajes pol\u00edticos\u201d, es el t\u00edtulo elegido por El D\u00eda. Seg\u00fan el diario del Grupo Kraiselburd, \u201cdieron ayer muestras de sinton\u00eda pol\u00edtica, al avanzar con una amplia agenda legislativa para lo que queda del a\u00f1o entre la que se encuentra el Presupuesto 2013\u201d. Adem\u00e1s, \u201cel encuentro estuvo rodeado de fuertes mensajes pol\u00edticos. En primer t\u00e9rmino, se produjo luego de que Scioli exhibiera cierta dosis de independencia tras autorizar el lanzamiento de la DOS, un sector hiperpropio que busca apuntalar sus aspiraciones presidenciales, y de reunirse con varios dirigentes peronistas desencantados del kirchnerismo\u201d.<\/p>\n<p>Entonces, \u201cel mandatario se mostr\u00f3 ayer una vez m\u00e1s alineado a la Casa Rosada. No s\u00f3lo se encontr\u00f3 con Mariotto, un hombre del ri\u00f1\u00f3n K: se retrat\u00f3 con varias fotos de fondo en la que aparece junto a N\u00e9stor y Cristina Kirchner y otras en la que se ve en primer plano a la Presidenta\u201d. Adem\u00e1s, el diario insiste con dar cuerpo a \u201crumores\u201d contra el vicegobernador; \u201cScioli recibi\u00f3 a Mariotto en momentos en que el vicegobernador atraviesa, seg\u00fan diversas versiones, horas turbulentas en su relaci\u00f3n con el pin\u00e1culo del poder. Por eso, la reuni\u00f3n se interpret\u00f3 como un gesto de amplitud pol\u00edtica del mandatario frente a un dirigente con el que tuvo fuertes chispazos durante la mayor parte del a\u00f1o\u201d.<\/p>\n<p>Seg\u00fan El D\u00eda, \u201clas diferencias entre Scioli y Mariotto tuvieron su consecuencia en el Parlamento bonaerense, donde el vicegobernador ejerce influencia sobre legisladores kirchneristas. Y se profundizaron como consecuencia del proyecto releccionista de Cristina Kirchner que promueven sectores del kirchnerismo y el anuncio de Scioli de que buscar\u00e1 ser el sucesor en caso de que la presidenta no pueda aspirar a otro mandato\u201d, aunque \u201cCristina Kirchner orden\u00f3 una tregua de cara a las elecciones del a\u00f1o pr\u00f3ximo en el principal distrito electoral del pa\u00eds\u201d.<\/p>\n<p>El diario Hoy habla, por su parte, de una \u201cintensa rosca pol\u00edtica por leyes claves para la Provincia\u201d, ya que el gobernador \u201cacord\u00f3 con Mariotto una agenda legislativa, pero hay resistencia a la ley de H\u00e1bitat\u201d.<\/p>\n<p>Seg\u00fan el diario, \u201cen su rol de conciliador, el gobernador Daniel Scioli recibi\u00f3 a su vice Gabriel Mariotto, el mismo que hasta no hace muchos d\u00edas atr\u00e1s presentaba pedidos de informes para complicarle la gesti\u00f3n y lo criticaba sin piedad. Ahora, la situaci\u00f3n es muy distinta. Scioli necesita el apoyo de la Legislatura para sancionar leyes claves para su gesti\u00f3n\u201d y \u201cel kirchnerismo tambi\u00e9n tiene una serie de proyectos para los que necesita apoyo legislativo\u201d.<\/p>\n<p>Para el matutino de la familia Balcedo, el acuerdo se produjo \u201cluego de que el vice cayera en desgracia para el c\u00edrculo \u00edntimo de la presidenta Cristina Fern\u00e1ndez\u201d, cuesti\u00f3n manejada por los medios como hip\u00f3tesis, pero no avalada por hechos emp\u00edricos.<\/p>\n<p>Hoy habla de \u201cla intenci\u00f3n de un cambio de rumbo en la relaci\u00f3n entre los compa\u00f1eros de f\u00f3rmula\u201d pero agrega: \u201cSin embargo, el sciolismo buscar\u00e1 frenar uno de los proyectos m\u00e1s fogoneados por los K, la llamada ley de H\u00e1bitat (\u2026) Desde calle 6 bajaron la orden a los legisladores sciolistas para revisar el proyecto aprobado doce d\u00edas atr\u00e1s en Diputados e introducirle modificaciones en el Senado\u201d.<\/p>\n<p>A su vez, seg\u00fan titula el portal Infocielo, \u201ctras ordenar \u2018embestida\u2018 legislativa, Scioli posa conciliador con Mariotto\u201d, aunque no presenta evidencias de esa \u201corden\u201d de \u201cembestir\u201d. \u201cScioli y Mariotto, juntos por la agenda\u201d, titula, sin entrar en especulaciones, La Tecla.<\/p>\n<p>Por cuerda separada, El D\u00eda habla de \u201cApoyo a la unificaci\u00f3n electoral de la Regi\u00f3n (capital)\u201d por parte del vicegobernador y \u201cMariotto brinda su apoyo a la \u0384nueva\u0384 octava\u201d, dice La Tecla.<\/p>\n","protected":false},"excerpt":{"rendered":"<p>El Gobernador y el Vice repasaron la agenda parlamentaria y dieron lugar a m\u00faltiples lecturas pol\u00edticas. De alguna manera, rompieron con la inercia de un an\u00e1lisis medi\u00e1tico predominante que los muestra como parte de grupos enfrentados por el poder, casi como adversarios irreconciliables.<\/p>\n","protected":false},"author":11,"featured_media":0,"comment_status":"open","ping_status":"open","sticky":false,"template":"","format":"standard","meta":{"_jetpack_newsletter_access":"","_jetpack_dont_email_post_to_subs":false,"_jetpack_newsletter_tier_id":0,"_jetpack_memberships_contains_paywalled_content":false,"_jetpack_memberships_contains_paid_content":false,"footnotes":""},"categories":[54],"tags":[],"class_list":["post-3795","post","type-post","status-publish","format-standard","hentry","category-medios"],"jetpack_featured_media_url":"","jetpack_shortlink":"https:\/\/wp.me\/p2JWE0-Zd","jetpack-related-posts":[{"id":99,"url":"https:\/\/www.24baires.com\/?p=99","url_meta":{"origin":3795,"position":0},"title":"El Juego de las Diferencias volvi\u00f3 a escena","author":"Grupo Sierra","date":"24\/09\/2012","format":false,"excerpt":"Varios medios reprodujeron fragmentos de las declaraciones de Daniel Scioli a un portal misionero y las reinterpretaron para presentar al Gobernador confrontado con la administraci\u00f3n nacional. Los medios dominantes contin\u00faan empecinados en construir un candidato a imagen y semejanza de la oposici\u00f3n medi\u00e1tica . Por Germ\u00e1n Celesia*\u00a0\u00a0El gobernador de la\u2026","rel":"","context":"En \u00abPol\u00edtica\u00bb","block_context":{"text":"Pol\u00edtica","link":"https:\/\/www.24baires.com\/?cat=51"},"img":{"alt_text":"","src":"https:\/\/i0.wp.com\/www.24baires.com\/wp-content\/uploads\/2012\/09\/scioli-cristina.jpg?resize=350%2C200","width":350,"height":200,"srcset":"https:\/\/i0.wp.com\/www.24baires.com\/wp-content\/uploads\/2012\/09\/scioli-cristina.jpg?resize=350%2C200 1x, https:\/\/i0.wp.com\/www.24baires.com\/wp-content\/uploads\/2012\/09\/scioli-cristina.jpg?resize=525%2C300 1.5x"},"classes":[]},{"id":63280,"url":"https:\/\/www.24baires.com\/?p=63280","url_meta":{"origin":3795,"position":1},"title":"Mariotto y Scioli presentaron la conferencia de Ramonet","author":"GB","date":"17\/03\/2015","format":false,"excerpt":"El titular del Senado encabez\u00f3 un acto en el recinto de sesiones, donde el intelectual Ignacio Ramonet disert\u00f3 sobre la realidad latinoamericana bajo el eje \u201cDi\u00e1logo con los pueblos\u201d. Con la presencia de Daniel Scioli, el vicegobernador Gabriel Mariotto recibi\u00f3 en el Palacio legislativo al escritor y periodista Ignacio Ramonet,\u2026","rel":"","context":"En \u00abProvincia\u00bb","block_context":{"text":"Provincia","link":"https:\/\/www.24baires.com\/?cat=40"},"img":{"alt_text":"scioli 1","src":"https:\/\/i0.wp.com\/www.24baires.com\/wp-content\/uploads\/2015\/01\/scioli-1.jpg?resize=350%2C200","width":350,"height":200,"srcset":"https:\/\/i0.wp.com\/www.24baires.com\/wp-content\/uploads\/2015\/01\/scioli-1.jpg?resize=350%2C200 1x, https:\/\/i0.wp.com\/www.24baires.com\/wp-content\/uploads\/2015\/01\/scioli-1.jpg?resize=525%2C300 1.5x"},"classes":[]},{"id":30483,"url":"https:\/\/www.24baires.com\/?p=30483","url_meta":{"origin":3795,"position":2},"title":"Para Alberto P\u00e9rez, \u00abH\u00e9ctor Magnetto cuida a Sergio Massa\u00bb","author":"AF","date":"20\/08\/2013","format":false,"excerpt":"El jefe de Gabinete bonaerense dijo que ambos \"tienen la clara intenci\u00f3n de socavar la gobernabilidad de este Gobierno\u201d. \"Daniel est\u00e1 donde est\u00e1 hace 10 a\u00f1os\", afirm\u00f3. Antes el gobernador Scioli calific\u00f3 de \"inquietante\" la pol\u00edtica econ\u00f3mica de Massa. El jefe de Gabinete bonaerense, Alberto P\u00e9rez, asegur\u00f3 hoy que el\u2026","rel":"","context":"En \u00abPol\u00edtica\u00bb","block_context":{"text":"Pol\u00edtica","link":"https:\/\/www.24baires.com\/?cat=51"},"img":{"alt_text":"p\u00e9rez alberto","src":"https:\/\/i0.wp.com\/www.24baires.com\/wp-content\/uploads\/2013\/03\/p%C3%A9rez-alberto.jpg?resize=350%2C200","width":350,"height":200,"srcset":"https:\/\/i0.wp.com\/www.24baires.com\/wp-content\/uploads\/2013\/03\/p%C3%A9rez-alberto.jpg?resize=350%2C200 1x, https:\/\/i0.wp.com\/www.24baires.com\/wp-content\/uploads\/2013\/03\/p%C3%A9rez-alberto.jpg?resize=525%2C300 1.5x"},"classes":[]},{"id":1708,"url":"https:\/\/www.24baires.com\/?p=1708","url_meta":{"origin":3795,"position":3},"title":"El tratamiento de las noticias en tiempos de &#8216;c\u00f3lera&#8217;","author":"AF","date":"11\/10\/2012","format":false,"excerpt":"El vicegobernador valor\u00f3 positivamente el pago en pesos de papeles emitidos por Chaco y dijo que apoyar\u00eda una medida de ese tipo en caso de que Scioli la propusiera. Los medios dominantes le adjudicaron intenciones ocultas e incluso la baja de la cotizaci\u00f3n de t\u00edtulos de deuda. \"Me parece muy\u2026","rel":"","context":"En \u00abMedios\u00bb","block_context":{"text":"Medios","link":"https:\/\/www.24baires.com\/?cat=54"},"img":{"alt_text":"","src":"","width":0,"height":0},"classes":[]},{"id":18006,"url":"https:\/\/www.24baires.com\/?p=18006","url_meta":{"origin":3795,"position":4},"title":"La foto de Scioli en ExpoAgro \u201cle hace da\u00f1o al FpV y confunde a la militancia\u00bb dijo D\u00edaz P\u00e9rez","author":"Grupo Sierra","date":"10\/03\/2013","format":false,"excerpt":"El intendente de Lan\u00fas se sum\u00f3 hoy a los jefes municipales que salieron a cuestionar al mandatario bonaerense por retratarse con \u201cadversarios muy enconados\u201d del proyecto nacional que encabeza Cristina Fern\u00e1ndez de Kirchner. \u201cEstamos muy preocupados, porque la pol\u00edtica se hace con hechos pero tambi\u00e9n tiene mucho de simb\u00f3lico\", explic\u00f3.\u2026","rel":"","context":"En \u00abPol\u00edtica\u00bb","block_context":{"text":"Pol\u00edtica","link":"https:\/\/www.24baires.com\/?cat=51"},"img":{"alt_text":"diaz-perez","src":"https:\/\/i0.wp.com\/www.24baires.com\/wp-content\/uploads\/2013\/03\/diaz-perez-300x216.jpg?resize=350%2C200","width":350,"height":200},"classes":[]},{"id":7970,"url":"https:\/\/www.24baires.com\/?p=7970","url_meta":{"origin":3795,"position":5},"title":"\u201cEstamos peleando contra un monstruo poderoso, mentiroso, difamador y corruptor\u201d","author":"Grupo Sierra","date":"05\/12\/2012","format":false,"excerpt":"LAN\u00daS - El Intendente Dar\u00edo D\u00edaz P\u00e9rez, en di\u00e1logo radial habl\u00f3 del \u201c7D\u201d y asegur\u00f3 que Clar\u00edn \u201cno es cualquier adversario\u201d y que \u201chay que estar atento\u201d. Adem\u00e1s, explic\u00f3 el nuevo Plan Saludable, opin\u00f3 sobre el problema con la basura y la seguridad en los municipios. A horas de la\u2026","rel":"","context":"En \u00abPol\u00edtica\u00bb","block_context":{"text":"Pol\u00edtica","link":"https:\/\/www.24baires.com\/?cat=51"},"img":{"alt_text":"","src":"https:\/\/i0.wp.com\/www.24baires.com\/wp-content\/uploads\/2012\/11\/diaz-perez-300x216.jpg?resize=350%2C200","width":350,"height":200},"classes":[]}],"jetpack_sharing_enabled":true,"jetpack_likes_enabled":true,"_links":{"self":[{"href":"https:\/\/www.24baires.com\/index.php?rest_route=\/wp\/v2\/posts\/3795","targetHints":{"allow":["GET"]}}],"collection":[{"href":"https:\/\/www.24baires.com\/index.php?rest_route=\/wp\/v2\/posts"}],"about":[{"href":"https:\/\/www.24baires.com\/index.php?rest_route=\/wp\/v2\/types\/post"}],"author":[{"embeddable":true,"href":"https:\/\/www.24baires.com\/index.php?rest_route=\/wp\/v2\/users\/11"}],"replies":[{"embeddable":true,"href":"https:\/\/www.24baires.com\/index.php?rest_route=%2Fwp%2Fv2%2Fcomments&post=3795"}],"version-history":[{"count":3,"href":"https:\/\/www.24baires.com\/index.php?rest_route=\/wp\/v2\/posts\/3795\/revisions"}],"predecessor-version":[{"id":3938,"href":"https:\/\/www.24baires.com\/index.php?rest_route=\/wp\/v2\/posts\/3795\/revisions\/3938"}],"wp:attachment":[{"href":"https:\/\/www.24baires.com\/index.php?rest_route=%2Fwp%2Fv2%2Fmedia&parent=3795"}],"wp:term":[{"taxonomy":"category","embeddable":true,"href":"https:\/\/www.24baires.com\/index.php?rest_route=%2Fwp%2Fv2%2Fcategories&post=3795"},{"taxonomy":"post_tag","embeddable":true,"href":"https:\/\/www.24baires.com\/index.php?rest_route=%2Fwp%2Fv2%2Ftags&post=3795"}],"curies":[{"name":"wp","href":"https:\/\/api.w.org\/{rel}","templated":true}]}}