{"id":3793,"date":"2012-10-30T10:23:05","date_gmt":"2012-10-30T13:23:05","guid":{"rendered":"http:\/\/www.24baires.com\/?p=3793"},"modified":"2012-10-31T10:43:54","modified_gmt":"2012-10-31T13:43:54","slug":"medicos-y-judiciales-se-suman-al-paro-contra-el-ajuste-en-la-provincia","status":"publish","type":"post","link":"https:\/\/www.24baires.com\/?p=3793","title":{"rendered":"M\u00e9dicos y Judiciales se suman al paro \u00abcontra el ajuste en la Provincia\u00bb"},"content":{"rendered":"<p>M\u00e9dicos de los hospitales p\u00fablicos nucleados en la Cicop, y miembros de la Asociaci\u00f3n Judicial Bonaerense (AJB) adhieren a la jornada de lucha impulsada por los gremios que integran la CTA opositora. Hoy a las 11, desde ATE dar\u00e1n una conferencia de prensa para dar detalles de la manifestaci\u00f3n a la Legislatura bonaerense que se realizar\u00e1 ma\u00f1ana.<!--more--><\/p>\n<p>Los m\u00e9dicos de los hospitales p\u00fablicos nucleados en la Asociaci\u00f3n Sindical de Profesionales de la Salud de la provincia de Buenos Aires (Cicop) anunciaron que se sumar\u00e1n ma\u00f1ana a la primera jornada del paro por 48 horas dispuesto por la Asociaci\u00f3n de Trabajadores del Estado (ATE).<\/p>\n<p>Desde la Ciciop, alegaron que adhieren en reclamo de mejoras salariales y en rechazo al proyecto de Presupuesto 2013, enviado por el Poder Ejecutivo, y que podr\u00eda ser aprobado esta semana en la Legislatura bonaerense. Desde el gremio, piden mayores fondos para la cartera sanitaria, exigen el congelamiento de cargos y reclama unos 2.000 nombramientos en diversas \u00e1reas cr\u00edticas.<\/p>\n<p>En tanto, tambi\u00e9n ma\u00f1ana los judiciales se sumar\u00e1n a la protesta y, si bien no har\u00e1n paro, realizar\u00e1n asambleas con retiro de sus lugares de trabajo.<\/p>\n<p>Por otra parte, la Central de Trabajadores de la Argentina (CTA) bonaerense, alineada a nivel nacional con Pablo Micheli, realizar\u00e1 este martes a las 11 una conferencia de prensa de cara a la marcha a la Legislatura, que se realizar\u00e1 ma\u00f1ana.<\/p>\n<p>El encuentro se desarrollar\u00e1 en la sede de ATE, 8 entre 55 y 56, y ser\u00e1 encabezado por Julio Ortellado, referente de la Provincia y Director de Organizaci\u00f3n de CTA nacional, junto a Oscar \u201cColo\u201d de Isasi, secretario general de ATE.<\/p>\n<p>Tambi\u00e9n estar\u00e1n tambi\u00e9n presentes dirigentes de la de la AJB, Cicop, APL y organizaciones sociales, como as\u00ed tambi\u00e9n de otros gremios de la CGT, que acompa\u00f1an esta propuesta.<\/p>\n","protected":false},"excerpt":{"rendered":"<p>M\u00e9dicos de los hospitales p\u00fablicos nucleados en la Cicop, y miembros de la Asociaci\u00f3n Judicial Bonaerense (AJB) adhieren a la jornada de lucha impulsada por los gremios que integran la CTA opositora. Hoy a las 11, desde ATE dar\u00e1n una conferencia de prensa para dar detalles de la manifestaci\u00f3n a la Legislatura bonaerense que se realizar\u00e1 ma\u00f1ana.<\/p>\n","protected":false},"author":11,"featured_media":0,"comment_status":"open","ping_status":"open","sticky":false,"template":"","format":"standard","meta":{"_jetpack_newsletter_access":"","_jetpack_dont_email_post_to_subs":false,"_jetpack_newsletter_tier_id":0,"_jetpack_memberships_contains_paywalled_content":false,"_jetpack_memberships_contains_paid_content":false,"footnotes":""},"categories":[40],"tags":[],"class_list":["post-3793","post","type-post","status-publish","format-standard","hentry","category-provincia"],"jetpack_featured_media_url":"","jetpack_shortlink":"https:\/\/wp.me\/p2JWE0-Zb","jetpack-related-posts":[{"id":58645,"url":"https:\/\/www.24baires.com\/?p=58645","url_meta":{"origin":3793,"position":0},"title":"ATE y Cicop parar\u00e1n otra vez esta semana","author":"AF","date":"15\/12\/2014","format":false,"excerpt":"Gremios de estatales, m\u00e9dicos y judiciales se sumar\u00e1n al paro nacional que la CTA disidente planea realizar el jueves de esta semana en reclamo del pago de un bono de 4 mil pesos para fin de a\u00f1o. Los empleados de la administraci\u00f3n bonaerense nucleados en ATE anunciaron que se plegar\u00e1n\u2026","rel":"","context":"En \u00abSociedad\u00bb","block_context":{"text":"Sociedad","link":"https:\/\/www.24baires.com\/?cat=1"},"img":{"alt_text":"cicop paro","src":"https:\/\/i0.wp.com\/www.24baires.com\/wp-content\/uploads\/2014\/11\/cicop-paro.jpg?resize=350%2C200","width":350,"height":200,"srcset":"https:\/\/i0.wp.com\/www.24baires.com\/wp-content\/uploads\/2014\/11\/cicop-paro.jpg?resize=350%2C200 1x, https:\/\/i0.wp.com\/www.24baires.com\/wp-content\/uploads\/2014\/11\/cicop-paro.jpg?resize=525%2C300 1.5x"},"classes":[]},{"id":112007,"url":"https:\/\/www.24baires.com\/?p=112007","url_meta":{"origin":3793,"position":1},"title":"Estatales y judiciales bonaerenses adhieren al paro nacional con movilizaci\u00f3n","author":"GB","date":"10\/09\/2019","format":false,"excerpt":"Este martes comenz\u00f3 la medida de fuerza en todo el pa\u00eds y se replica, a trav\u00e9s de ATE y AJB, en la provincia de Buenos Aires. La Asociaci\u00f3n Trabajadores del Estado (ATE) y la Central de los Trabajadores de la Argentina Aut\u00f3noma (CTAA) encabezan una nueva jornada de protesta con\u2026","rel":"","context":"En \u00abProvincia\u00bb","block_context":{"text":"Provincia","link":"https:\/\/www.24baires.com\/?cat=40"},"img":{"alt_text":"","src":"https:\/\/i0.wp.com\/www.24baires.com\/wp-content\/uploads\/2019\/09\/paro-nac.jpg?resize=350%2C200","width":350,"height":200,"srcset":"https:\/\/i0.wp.com\/www.24baires.com\/wp-content\/uploads\/2019\/09\/paro-nac.jpg?resize=350%2C200 1x, https:\/\/i0.wp.com\/www.24baires.com\/wp-content\/uploads\/2019\/09\/paro-nac.jpg?resize=525%2C300 1.5x"},"classes":[]},{"id":43191,"url":"https:\/\/www.24baires.com\/?p=43191","url_meta":{"origin":3793,"position":2},"title":"Judiciales, Ate y m\u00e9dicos de hospitales p\u00fablicos anunciaron un nuevo paro","author":"GB","date":"02\/04\/2014","format":false,"excerpt":"Trabajadores bonaerenses de ATE, judiciales y m\u00e9dicos de hospitales p\u00fablicos iniciar\u00e1n ma\u00f1ana medidas de fuerza que continuar\u00e1n hasta el viernes en demanda de mejoras salariales que superen el incremento de entre 23 y 28 por ciento en dos cuotas ofrecido por la administraci\u00f3n de Daniel Scioli. Los afiliados de la\u2026","rel":"","context":"En \u00abProvincia\u00bb","block_context":{"text":"Provincia","link":"https:\/\/www.24baires.com\/?cat=40"},"img":{"alt_text":"cicop","src":"https:\/\/i0.wp.com\/www.24baires.com\/wp-content\/uploads\/2013\/05\/cicop1.jpg?resize=350%2C200","width":350,"height":200,"srcset":"https:\/\/i0.wp.com\/www.24baires.com\/wp-content\/uploads\/2013\/05\/cicop1.jpg?resize=350%2C200 1x, https:\/\/i0.wp.com\/www.24baires.com\/wp-content\/uploads\/2013\/05\/cicop1.jpg?resize=525%2C300 1.5x"},"classes":[]},{"id":41963,"url":"https:\/\/www.24baires.com\/?p=41963","url_meta":{"origin":3793,"position":3},"title":"Trabajadores de ATE y Cicop paran en toda la Provincia","author":"Grupo Sierra","date":"12\/03\/2014","format":false,"excerpt":"Trabajadores bonaerenses nucleados en ATE, judiciales y m\u00e9dicos que responden a la Cicop, comenzar\u00e1n hoy un nuevo paro de actividades en reclamo de mejoras en los sueldos. En el caso de los profesionales de la Salud, le medida de fuerza ser\u00e1 por 48 horas. Como la primera jornada coincide con\u2026","rel":"","context":"En \u00abProvincia\u00bb","block_context":{"text":"Provincia","link":"https:\/\/www.24baires.com\/?cat=40"},"img":{"alt_text":"ate cta","src":"https:\/\/i0.wp.com\/www.24baires.com\/wp-content\/uploads\/2012\/10\/ate-cta.jpg?resize=350%2C200","width":350,"height":200,"srcset":"https:\/\/i0.wp.com\/www.24baires.com\/wp-content\/uploads\/2012\/10\/ate-cta.jpg?resize=350%2C200 1x, https:\/\/i0.wp.com\/www.24baires.com\/wp-content\/uploads\/2012\/10\/ate-cta.jpg?resize=525%2C300 1.5x"},"classes":[]},{"id":86649,"url":"https:\/\/www.24baires.com\/?p=86649","url_meta":{"origin":3793,"position":4},"title":"Jornada de paro y movilizaciones en la Provincia","author":"GB","date":"24\/08\/2016","format":false,"excerpt":"Los docentes nucleados en SUTEBA adelantaron una \u201chuelga masiva\u201d en el territorio bonaerense, al tiempo que se paralizar\u00e1 la administraci\u00f3n judicial. Los m\u00e9dicos de la CICOP impulsar\u00e1n jornadas de protestas y asambleas en las distintas dependencias sanitarias. Los trabajadores de distintos gremios bonaerense realizar\u00e1n paros y movilizaciones a lo largo\u2026","rel":"","context":"En \u00abProvincia\u00bb","block_context":{"text":"Provincia","link":"https:\/\/www.24baires.com\/?cat=40"},"img":{"alt_text":"suteba","src":"https:\/\/i0.wp.com\/www.24baires.com\/wp-content\/uploads\/2013\/04\/suteba.jpg?resize=350%2C200","width":350,"height":200},"classes":[]},{"id":21442,"url":"https:\/\/www.24baires.com\/?p=21442","url_meta":{"origin":3793,"position":5},"title":"M\u00e9dicos y judiciales se re\u00fanen hoy para determinar su plan de lucha","author":"AF","date":"19\/04\/2013","format":false,"excerpt":"Los trabajadores judiciales nucleados en la AJB y miembros de la Cicop se reunir\u00e1n este viernes para determinar el plan de lucha a seguir en el marco del conflicto por el aumento salarial que mantienen con el gobierno de Daniel Scioli. En la misma l\u00ednea, ATE realizar\u00e1 ma\u00f1ana un congreso\u2026","rel":"","context":"En \u00abSociedad\u00bb","block_context":{"text":"Sociedad","link":"https:\/\/www.24baires.com\/?cat=1"},"img":{"alt_text":"cicop","src":"https:\/\/i0.wp.com\/www.24baires.com\/wp-content\/uploads\/2012\/12\/cicop-300x187.jpg?resize=350%2C200","width":350,"height":200},"classes":[]}],"jetpack_sharing_enabled":true,"jetpack_likes_enabled":true,"_links":{"self":[{"href":"https:\/\/www.24baires.com\/index.php?rest_route=\/wp\/v2\/posts\/3793","targetHints":{"allow":["GET"]}}],"collection":[{"href":"https:\/\/www.24baires.com\/index.php?rest_route=\/wp\/v2\/posts"}],"about":[{"href":"https:\/\/www.24baires.com\/index.php?rest_route=\/wp\/v2\/types\/post"}],"author":[{"embeddable":true,"href":"https:\/\/www.24baires.com\/index.php?rest_route=\/wp\/v2\/users\/11"}],"replies":[{"embeddable":true,"href":"https:\/\/www.24baires.com\/index.php?rest_route=%2Fwp%2Fv2%2Fcomments&post=3793"}],"version-history":[{"count":3,"href":"https:\/\/www.24baires.com\/index.php?rest_route=\/wp\/v2\/posts\/3793\/revisions"}],"predecessor-version":[{"id":3939,"href":"https:\/\/www.24baires.com\/index.php?rest_route=\/wp\/v2\/posts\/3793\/revisions\/3939"}],"wp:attachment":[{"href":"https:\/\/www.24baires.com\/index.php?rest_route=%2Fwp%2Fv2%2Fmedia&parent=3793"}],"wp:term":[{"taxonomy":"category","embeddable":true,"href":"https:\/\/www.24baires.com\/index.php?rest_route=%2Fwp%2Fv2%2Fcategories&post=3793"},{"taxonomy":"post_tag","embeddable":true,"href":"https:\/\/www.24baires.com\/index.php?rest_route=%2Fwp%2Fv2%2Ftags&post=3793"}],"curies":[{"name":"wp","href":"https:\/\/api.w.org\/{rel}","templated":true}]}}