{"id":37920,"date":"2014-01-04T20:20:49","date_gmt":"2014-01-04T23:20:49","guid":{"rendered":"http:\/\/www.24baires.com\/?p=37920"},"modified":"2014-01-04T20:20:49","modified_gmt":"2014-01-04T23:20:49","slug":"nueva-secretaria-para-seguir-batallando-por-malvinas","status":"publish","type":"post","link":"https:\/\/www.24baires.com\/?p=37920","title":{"rendered":"Nueva Secretar\u00eda para seguir batallando por Malvinas"},"content":{"rendered":"<p><img data-recalc-dims=\"1\" loading=\"lazy\" decoding=\"async\" class=\"aligncenter size-full wp-image-37172\" alt=\"daniel-filmus\" src=\"https:\/\/i0.wp.com\/www.24baires.com\/wp-content\/uploads\/2013\/12\/daniel-filmus.jpg?resize=560%2C337\" width=\"560\" height=\"337\" srcset=\"https:\/\/i0.wp.com\/www.24baires.com\/wp-content\/uploads\/2013\/12\/daniel-filmus.jpg?w=560&amp;ssl=1 560w, https:\/\/i0.wp.com\/www.24baires.com\/wp-content\/uploads\/2013\/12\/daniel-filmus.jpg?resize=300%2C180&amp;ssl=1 300w\" sizes=\"auto, (max-width: 560px) 100vw, 560px\" \/><\/p>\n<p>A 181 de la primera ocupaci\u00f3n brit\u00e1nica de las Islas Malvinas, aun vivimos soportando las reglas de un anacr\u00f3nico juego impuesto otrora por los invasores, el colonialismo residual del siglo XXI.<!--more--><\/p>\n<p>Un 20 de diciembre de 1832, los ingleses pudieron hacerse con el control de las islas gracias a la ayuda de la corbeta estadounidense USS Lexington, que destruy\u00f3 las defensas militares del asentamiento argentino de Puerto Soledad. Eso dice la historia, eso ocurri\u00f3 y a pesar de estar en relaciones de paz con la Confederaci\u00f3n Argentina, catorce d\u00edas despu\u00e9s, el 3 de enero de 1983, los brit\u00e1nicos desalojaron a la guarnici\u00f3n argentina de 26 soldados, pero no a la poblaci\u00f3n civil. Y as\u00ed comenz\u00f3 esta ocupaci\u00f3n ilegal, que lleva casi dos siglos.<\/p>\n<p>Pero Argentina no se ha quedado en el molde en que Reino Unido desea que permanezca, todo lo contrario. Sobre todo en los \u00faltimos a\u00f1os ha avanzado estrat\u00e9gicamente con pol\u00edticas regionales que ponen un sus puntos m\u00e1s altos de acuerdos y debates el tema Malvinas. Y as\u00ed ha obtenido el apoyo estatal de casi todos los pa\u00edses latinoamericanos y africanos en el reclamo soberano hecho por v\u00edas diplom\u00e1ticas por el gobierno nacional: la reapertura del di\u00e1logo por las islas. Gran Breta\u00f1a no s\u00f3lo no ha accedido, incumpliendo resoluciones de la ONU, sino que ha militarizado el Atl\u00e1ntico Sur, entre otros hechos reprochables.<br \/>\nAdem\u00e1s de esto, y m\u00e1s recientemente, El Gobierno de Cristina Fern\u00e1ndez de Kirchner, ha creado la Secretar\u00eda de Asuntos Relativos a las Islas Malvinas, Georgias del Sur y S\u00e1ndwich del Sur y los espacios mar\u00edtimos circundantes en el Atl\u00e1ntico Sur y a puesto al frente al ex senador Daniel Filmus, quien ha afirmado que \u201cArgentina no concibe otra forma de recuperaci\u00f3n de la soberan\u00eda que no sea la diplom\u00e1tica\u201d.<\/p>\n<p>Despu\u00e9s de d\u00e9cadas, Argentina tiene finalmente pol\u00edticas de estado con lo referente a Malvinas: no se trata de mandar ositos de peluche a los isle\u00f1os esperando que amen nuestro gesto. Ni mucho menos desentenderse del tema y asumir perdido ese pedazo de nuestra tierra, como se hizo durante mucho tiempo, donde quienes nos gobernaban se atrincheraban en la comodidad de hacer como si no pasara nada, mientras los veteranos de guerra reclamaban sus derechos con el mismo efecto que se tiene si se le grita a las paredes y se espera que respondan.<\/p>\n<p>Ahora es diferente, desde hace a\u00f1os lo es. Este es un paso fundamental en el camino diplom\u00e1tico y necesario para el cumplimiento de una resoluci\u00f3n de Naciones Unidas que ya tiene m\u00e1s de 50 a\u00f1os, en \u00e9pocas donde aun existe la usurpaci\u00f3n colonial a manos de un pa\u00eds que se ubica como uno de los m\u00e1s civilizados del planeta, mientras nosotros, los pa\u00edses \u201cen v\u00edas de desarrollo\u201d, somos los invadidos, los despojados, los ultrajados.<\/p>\n<p>Sin dudas la organizaci\u00f3n latinoamericana que varios l\u00edderes regionales comenzaron y consolidaron, como Lula, Ch\u00e1vez, Kirchner, Evo, y contin\u00faan junto a Cristina, Dilma, Mujica, Maduro, Correa, entre otros, ha sido una sorpresa para otros pa\u00edses que no debieron luchar para salir de debajo de la cruel bota imperialista, como Inglaterra, que hace siglos es el que pisa, el que invade, roba y mata como piratas de pel\u00edcula. Pero tienen miedo, y a eso huelen las palabras de Cameron, cuando celebra refer\u00e9ndums de votos cantados o cuando afirma que \u201cEl Gobierno argentino nunca triunfar\u00e1\u201d. Pero esa unidad de Patria Grande, que los que aun se arrodillan ante reyes desconocen, traer\u00e1 m\u00e1s frutos de los ya obtenidos y las Malvinas volver\u00e1n a Argentina, a Latinoam\u00e9rica, m\u00e1s temprano que tarde.<\/p>\n<p>&nbsp;<\/p>\n<p>&nbsp;<\/p>\n<p>&nbsp;<\/p>\n","protected":false},"excerpt":{"rendered":"<p>A 181 de la primera ocupaci\u00f3n brit\u00e1nica de las Islas Malvinas, aun vivimos soportando las reglas de un anacr\u00f3nico juego impuesto otrora por los invasores, el colonialismo residual del siglo XXI.<\/p>\n","protected":false},"author":11,"featured_media":0,"comment_status":"open","ping_status":"open","sticky":false,"template":"","format":"standard","meta":{"_jetpack_newsletter_access":"","_jetpack_dont_email_post_to_subs":false,"_jetpack_newsletter_tier_id":0,"_jetpack_memberships_contains_paywalled_content":false,"_jetpack_memberships_contains_paid_content":false,"footnotes":""},"categories":[64],"tags":[],"class_list":["post-37920","post","type-post","status-publish","format-standard","hentry","category-opinion"],"jetpack_featured_media_url":"","jetpack_shortlink":"https:\/\/wp.me\/p2JWE0-9RC","jetpack-related-posts":[{"id":112214,"url":"https:\/\/www.24baires.com\/?p=112214","url_meta":{"origin":37920,"position":0},"title":"Denuncian a Macri y a varios ministros por \u00abtraici\u00f3n a la patria\u00bb","author":"GB","date":"24\/09\/2019","format":false,"excerpt":"Es por la entrega de la Soberan\u00eda Argentina al Reino Unido en relaci\u00f3n a la explotaci\u00f3n de recursos naturales, gas hidrocarburos y la libre navegaci\u00f3n del espacio a\u00e9reo. El presidente Mauricio Macri, el ministro de Transporte Guillermo Dietrich, el ministro de Energ\u00eda Gustavo Lopetegui y el canciller Jorge Faurie fueron\u2026","rel":"","context":"En \u00abPol\u00edtica\u00bb","block_context":{"text":"Pol\u00edtica","link":"https:\/\/www.24baires.com\/?cat=51"},"img":{"alt_text":"","src":"https:\/\/i0.wp.com\/www.24baires.com\/wp-content\/uploads\/2019\/09\/Macri-y-ministros.jpg?resize=350%2C200","width":350,"height":200,"srcset":"https:\/\/i0.wp.com\/www.24baires.com\/wp-content\/uploads\/2019\/09\/Macri-y-ministros.jpg?resize=350%2C200 1x, https:\/\/i0.wp.com\/www.24baires.com\/wp-content\/uploads\/2019\/09\/Macri-y-ministros.jpg?resize=525%2C300 1.5x"},"classes":[]},{"id":104915,"url":"https:\/\/www.24baires.com\/?p=104915","url_meta":{"origin":37920,"position":1},"title":"Identificaron a otro soldado de Malvinas y ya suman 101","author":"AF","date":"12\/10\/2018","format":false,"excerpt":"Mario Ram\u00f3n Luna ten\u00eda 18 a\u00f1os, era oriundo de Santiago del Estero y cay\u00f3 el 28 de mayo de 1982 en la batalla Pradera del Ganso, el primer combate terrestre tras el desembarco de las tropas brit\u00e1nicas en las islas. El Equipo Argentino de Antropolog\u00eda Forense (EAAF) identific\u00f3 a otro\u2026","rel":"","context":"En \u00abSociedad\u00bb","block_context":{"text":"Sociedad","link":"https:\/\/www.24baires.com\/?cat=1"},"img":{"alt_text":"","src":"https:\/\/i0.wp.com\/www.24baires.com\/wp-content\/uploads\/2016\/12\/cementerio-malvinas.jpg?resize=350%2C200","width":350,"height":200,"srcset":"https:\/\/i0.wp.com\/www.24baires.com\/wp-content\/uploads\/2016\/12\/cementerio-malvinas.jpg?resize=350%2C200 1x, https:\/\/i0.wp.com\/www.24baires.com\/wp-content\/uploads\/2016\/12\/cementerio-malvinas.jpg?resize=525%2C300 1.5x"},"classes":[]},{"id":117331,"url":"https:\/\/www.24baires.com\/?p=117331","url_meta":{"origin":37920,"position":2},"title":"Argentina y Reino Unido acordaron nuevas identificaciones a soldados ca\u00eddos en Malvinas","author":"GB","date":"19\/03\/2021","format":false,"excerpt":"El acuerdo consistir\u00e1 en la exhumaci\u00f3n de restos humanos pertenecientes a varios individuos colocados en una sola sepultura conocida como C1.10. En v\u00edsperas de un nuevo aniversario del inicio de la Guerra de Malvinas, los gobiernos de Argentina y el Reino Unido firmaron un nuevo acuerdo para identificar restos de\u2026","rel":"","context":"En \u00abSociedad\u00bb","block_context":{"text":"Sociedad","link":"https:\/\/www.24baires.com\/?cat=1"},"img":{"alt_text":"","src":"https:\/\/i0.wp.com\/www.24baires.com\/wp-content\/uploads\/2016\/12\/cementerio-malvinas.jpg?resize=350%2C200","width":350,"height":200,"srcset":"https:\/\/i0.wp.com\/www.24baires.com\/wp-content\/uploads\/2016\/12\/cementerio-malvinas.jpg?resize=350%2C200 1x, https:\/\/i0.wp.com\/www.24baires.com\/wp-content\/uploads\/2016\/12\/cementerio-malvinas.jpg?resize=525%2C300 1.5x"},"classes":[]},{"id":119690,"url":"https:\/\/www.24baires.com\/?p=119690","url_meta":{"origin":37920,"position":3},"title":"Fern\u00e1ndez asegur\u00f3 que la usurpaci\u00f3n de Malvinas \u00abdeber\u00eda avergonzar a todo el mundo\u00bb","author":"AF","date":"03\/01\/2023","format":false,"excerpt":"El Presidente encabez\u00f3 la inauguraci\u00f3n, junto al ministro de Defensa, Jorge Taiana, de un monumento conmemorativo de las Malvinas construido por el Astillero Tandanor frente al Edificio Libertador. El presidente Alberto Fern\u00e1ndez advirti\u00f3 hoy que la usurpaci\u00f3n de las Islas Malvinas por parte del Reino Unido \"deber\u00eda avergonzar a todo\u2026","rel":"","context":"En \u00abSociedad\u00bb","block_context":{"text":"Sociedad","link":"https:\/\/www.24baires.com\/?cat=1"},"img":{"alt_text":"","src":"https:\/\/i0.wp.com\/www.24baires.com\/wp-content\/uploads\/2023\/01\/malvinas.jpg?resize=350%2C200","width":350,"height":200,"srcset":"https:\/\/i0.wp.com\/www.24baires.com\/wp-content\/uploads\/2023\/01\/malvinas.jpg?resize=350%2C200 1x, https:\/\/i0.wp.com\/www.24baires.com\/wp-content\/uploads\/2023\/01\/malvinas.jpg?resize=525%2C300 1.5x, https:\/\/i0.wp.com\/www.24baires.com\/wp-content\/uploads\/2023\/01\/malvinas.jpg?resize=700%2C400 2x"},"classes":[]},{"id":119005,"url":"https:\/\/www.24baires.com\/?p=119005","url_meta":{"origin":37920,"position":4},"title":"Cafiero pidi\u00f3 al Reino Unido retomar las negociaciones por la soberan\u00eda sobre Malvinas","author":"AF","date":"23\/06\/2022","format":false,"excerpt":"Durante su exposici\u00f3n en la Sesi\u00f3n Especial del Comit\u00e9 de Descolonizaci\u00f3n de la Organizaci\u00f3n de las Naciones Unidas, el Canciller le dijo adem\u00e1s que \"es momento\" de que \"deje en las p\u00e1ginas de la historia su ejercicio de potencia colonial\". El canciller Santiago Cafiero pidi\u00f3 que el Reino Unido \"no\u2026","rel":"","context":"En \u00abInternacionales\u00bb","block_context":{"text":"Internacionales","link":"https:\/\/www.24baires.com\/?cat=73"},"img":{"alt_text":"","src":"https:\/\/i0.wp.com\/www.24baires.com\/wp-content\/uploads\/2022\/06\/cafiero.jpg?resize=350%2C200","width":350,"height":200,"srcset":"https:\/\/i0.wp.com\/www.24baires.com\/wp-content\/uploads\/2022\/06\/cafiero.jpg?resize=350%2C200 1x, https:\/\/i0.wp.com\/www.24baires.com\/wp-content\/uploads\/2022\/06\/cafiero.jpg?resize=525%2C300 1.5x, https:\/\/i0.wp.com\/www.24baires.com\/wp-content\/uploads\/2022\/06\/cafiero.jpg?resize=700%2C400 2x"},"classes":[]},{"id":57090,"url":"https:\/\/www.24baires.com\/?p=57090","url_meta":{"origin":37920,"position":5},"title":"El Gobierno rechaz\u00f3 la \u00abprovocaci\u00f3n militar\u00bb brit\u00e1nica en Malvinas","author":"Grupo Sierra","date":"13\/11\/2014","format":false,"excerpt":"La Canciller\u00eda indic\u00f3 que las nuevas maniobras en las islas constituyen \u201cuna nueva provocaci\u00f3n del Reino Unido mediante una pretendida demostraci\u00f3n del poder de fuego del buque brit\u00e1nico\". Fue tras conocer los movimientos de la fragata HMS Iron Duke. El gobierno nacional tuvo conocimiento de que la fragata HMS Iron\u2026","rel":"","context":"En \u00abInternacionales\u00bb","block_context":{"text":"Internacionales","link":"https:\/\/www.24baires.com\/?cat=73"},"img":{"alt_text":"islas-malvinas_13","src":"https:\/\/i0.wp.com\/www.24baires.com\/wp-content\/uploads\/2014\/11\/islas-malvinas_13.jpg?resize=350%2C200","width":350,"height":200,"srcset":"https:\/\/i0.wp.com\/www.24baires.com\/wp-content\/uploads\/2014\/11\/islas-malvinas_13.jpg?resize=350%2C200 1x, https:\/\/i0.wp.com\/www.24baires.com\/wp-content\/uploads\/2014\/11\/islas-malvinas_13.jpg?resize=525%2C300 1.5x"},"classes":[]}],"jetpack_sharing_enabled":true,"jetpack_likes_enabled":true,"_links":{"self":[{"href":"https:\/\/www.24baires.com\/index.php?rest_route=\/wp\/v2\/posts\/37920","targetHints":{"allow":["GET"]}}],"collection":[{"href":"https:\/\/www.24baires.com\/index.php?rest_route=\/wp\/v2\/posts"}],"about":[{"href":"https:\/\/www.24baires.com\/index.php?rest_route=\/wp\/v2\/types\/post"}],"author":[{"embeddable":true,"href":"https:\/\/www.24baires.com\/index.php?rest_route=\/wp\/v2\/users\/11"}],"replies":[{"embeddable":true,"href":"https:\/\/www.24baires.com\/index.php?rest_route=%2Fwp%2Fv2%2Fcomments&post=37920"}],"version-history":[{"count":2,"href":"https:\/\/www.24baires.com\/index.php?rest_route=\/wp\/v2\/posts\/37920\/revisions"}],"predecessor-version":[{"id":37922,"href":"https:\/\/www.24baires.com\/index.php?rest_route=\/wp\/v2\/posts\/37920\/revisions\/37922"}],"wp:attachment":[{"href":"https:\/\/www.24baires.com\/index.php?rest_route=%2Fwp%2Fv2%2Fmedia&parent=37920"}],"wp:term":[{"taxonomy":"category","embeddable":true,"href":"https:\/\/www.24baires.com\/index.php?rest_route=%2Fwp%2Fv2%2Fcategories&post=37920"},{"taxonomy":"post_tag","embeddable":true,"href":"https:\/\/www.24baires.com\/index.php?rest_route=%2Fwp%2Fv2%2Ftags&post=37920"}],"curies":[{"name":"wp","href":"https:\/\/api.w.org\/{rel}","templated":true}]}}