{"id":3789,"date":"2012-10-30T10:17:43","date_gmt":"2012-10-30T13:17:43","guid":{"rendered":"http:\/\/www.24baires.com\/?p=3789"},"modified":"2012-10-30T10:17:43","modified_gmt":"2012-10-30T13:17:43","slug":"280-personas-continuaban-evacuadas-en-quilmes-y-150-en-san-pedro","status":"publish","type":"post","link":"https:\/\/www.24baires.com\/?p=3789","title":{"rendered":"280 personas continuaban evacuadas en Quilmes y 150 en San Pedro"},"content":{"rendered":"<p><img data-recalc-dims=\"1\" loading=\"lazy\" decoding=\"async\" class=\"aligncenter size-full wp-image-3790\" title=\"inundaciones\" src=\"https:\/\/i0.wp.com\/www.24baires.com\/wp-content\/uploads\/2012\/10\/inundaciones.jpg?resize=560%2C335\" alt=\"\" width=\"560\" height=\"335\" srcset=\"https:\/\/i0.wp.com\/www.24baires.com\/wp-content\/uploads\/2012\/10\/inundaciones.jpg?w=560&amp;ssl=1 560w, https:\/\/i0.wp.com\/www.24baires.com\/wp-content\/uploads\/2012\/10\/inundaciones.jpg?resize=300%2C179&amp;ssl=1 300w\" sizes=\"auto, (max-width: 560px) 100vw, 560px\" \/><\/p>\n<p>Unas 280 personas continuaban evacuadas en el distrito bonaerense de Quilmes a ra\u00edz de la tormenta de viento y lluvia registrada el lunes. En tanto, casi 150 personas siguen evacuadas en R\u00edo Tala, San Pedro.<!--more--><br \/>\nEl intendente de Quilmes, Francisco Guti\u00e9rrez, precis\u00f3 que \u00abunas 280 personas siguen evacuadas en los tres centros de evacuados que tenemos\u00bb.<br \/>\n\u00abLa situaci\u00f3n se tranquiliz\u00f3, los arroyos de la cuenca de Las Piedras, San Francisco y el G\u00fcemes est\u00e1n bajando la cota y las estaciones de bombeo est\u00e1n funcionando por lo que creemos que en el transcurso del d\u00eda se normalizar\u00e1 la situaci\u00f3n\u00bb, afirm\u00f3.<br \/>\nGuti\u00e9rrez, en declaraciones a Radio Provincia, aclar\u00f3 que el R\u00edo de La Plata \u00abtiene una cota de 2,60 metros y si sube se har\u00e1 m\u00e1s lento el drenaje de agua proveniente de los arroyos, ya que no podr\u00e1 ingresar al r\u00edo porque de \u00e9ste est\u00e1 saliendo el agua\u00bb.<br \/>\nEl funcionario destac\u00f3 adem\u00e1s que por prevenci\u00f3n se cort\u00f3 el suministro el\u00e9ctrico en la zona del distrito inundada.<\/p>\n","protected":false},"excerpt":{"rendered":"<p>Unas 280 personas continuaban evacuadas en el distrito bonaerense de Quilmes a ra\u00edz de la tormenta de viento y lluvia registrada el lunes. En tanto, casi 150 personas siguen evacuadas en R\u00edo Tala, San Pedro.<\/p>\n","protected":false},"author":11,"featured_media":0,"comment_status":"open","ping_status":"open","sticky":false,"template":"","format":"standard","meta":{"_jetpack_newsletter_access":"","_jetpack_dont_email_post_to_subs":false,"_jetpack_newsletter_tier_id":0,"_jetpack_memberships_contains_paywalled_content":false,"_jetpack_memberships_contains_paid_content":false,"footnotes":""},"categories":[1],"tags":[],"class_list":["post-3789","post","type-post","status-publish","format-standard","hentry","category-sociedad"],"jetpack_featured_media_url":"","jetpack_shortlink":"https:\/\/wp.me\/p2JWE0-Z7","jetpack-related-posts":[{"id":112512,"url":"https:\/\/www.24baires.com\/?p=112512","url_meta":{"origin":3789,"position":0},"title":"M\u00e1s de 5 mil personas siguen evacuadas en el Conurbano","author":"GB","date":"16\/10\/2019","format":false,"excerpt":"M\u00e1s de cinco mil personas continuaban evacuadas hoy en varios distritos del Conurbano bonaerense a ra\u00edz de las inundaciones provocadas a partir del temporal del s\u00e1bado pasado, que impact\u00f3 principalmente en La Matanza, Esteban Echeverr\u00eda, Quilmes, Ezeiza y Lomas de Zamora. La crecida del R\u00edo de la Plata, cuyas aguas\u2026","rel":"","context":"En \u00abProvincia\u00bb","block_context":{"text":"Provincia","link":"https:\/\/www.24baires.com\/?cat=40"},"img":{"alt_text":"","src":"https:\/\/i0.wp.com\/www.24baires.com\/wp-content\/uploads\/2019\/10\/inundacion-1-300x200.jpg?resize=350%2C200","width":350,"height":200},"classes":[]},{"id":105393,"url":"https:\/\/www.24baires.com\/?p=105393","url_meta":{"origin":3789,"position":1},"title":"M\u00e1s de 1.300 evacuados en el conurbano por el temporal","author":"GB","date":"12\/11\/2018","format":false,"excerpt":"Las fuertes lluvias que se iniciaron ayer afectan severamente al conurbano bonaerense, en donde m\u00e1s de 1.300 personas resultaron evacuadas en distintos distritos. Si bien hoy aminoraron las tormentas en la zona metropolitana, se siguen registrando crecidas en los cursos de agua. En La Matanza, seg\u00fan le detallaron fuentes oficiales\u2026","rel":"","context":"En \u00abProvincia\u00bb","block_context":{"text":"Provincia","link":"https:\/\/www.24baires.com\/?cat=40"},"img":{"alt_text":"","src":"https:\/\/i0.wp.com\/www.24baires.com\/wp-content\/uploads\/2018\/04\/evacuados-mdp-300x200.jpg?resize=350%2C200","width":350,"height":200},"classes":[]},{"id":81596,"url":"https:\/\/www.24baires.com\/?p=81596","url_meta":{"origin":3789,"position":2},"title":"Hay casi 500 evacuados en San Pedro por la crecida del r\u00edo","author":"GB","date":"18\/04\/2016","format":false,"excerpt":"El intendente Cecilio Salazar indic\u00f3 que, por la crecida del r\u00edo, que alcanz\u00f3 un pico de 4.50 metros, hay 400 autoevacuados y cerca de 70 evacuados. El pueblo de Vuelta de Obligado qued\u00f3 aislado por el desborde de un arroyo. El intendente Cecilio Salazar inform\u00f3 que hay cerca de 70\u2026","rel":"","context":"En \u00abLocales\u00bb","block_context":{"text":"Locales","link":"https:\/\/www.24baires.com\/?cat=38"},"img":{"alt_text":"","src":"","width":0,"height":0},"classes":[]},{"id":56464,"url":"https:\/\/www.24baires.com\/?p=56464","url_meta":{"origin":3789,"position":3},"title":"En Quilmes hay 90 evacuados por la sudestada","author":"AF","date":"03\/11\/2014","format":false,"excerpt":"El director de Defensa Civil local, N\u00e9stor Gugliemino, dijo que en el distrito hay 90 evacuados, no obstante indic\u00f3 que la situaci\u00f3n \u201cse est\u00e1 normalizando en la zona de la ribera porque el r\u00edo est\u00e1 bajando\u201d. El funcionario precis\u00f3 que \"la marea lleg\u00f3 a 2,90 metros y con esa altura\u2026","rel":"","context":"En \u00abLocales\u00bb","block_context":{"text":"Locales","link":"https:\/\/www.24baires.com\/?cat=38"},"img":{"alt_text":"inundaciones","src":"https:\/\/i0.wp.com\/www.24baires.com\/wp-content\/uploads\/2012\/10\/inundaciones.jpg?resize=350%2C200","width":350,"height":200,"srcset":"https:\/\/i0.wp.com\/www.24baires.com\/wp-content\/uploads\/2012\/10\/inundaciones.jpg?resize=350%2C200 1x, https:\/\/i0.wp.com\/www.24baires.com\/wp-content\/uploads\/2012\/10\/inundaciones.jpg?resize=525%2C300 1.5x"},"classes":[]},{"id":39706,"url":"https:\/\/www.24baires.com\/?p=39706","url_meta":{"origin":3789,"position":4},"title":"Un fuerte temporal en San Pedro dej\u00f3 m\u00e1s de 80 evacuados","author":"GB","date":"02\/02\/2014","format":false,"excerpt":"Por el temporal de intensas lluvias en la ciudad bonaerense, donde cayeron entre 150 y 200 mil\u00edmetros de agua en los \u00faltimos dos d\u00edas, m\u00e1s de 80 personas debieron ser evacuadas. Aproximadamente 40 personas fueron evacuadas y llevadas al Instituto Sarmiento y al Centro Integrador Comunitario, y otras 50 se\u2026","rel":"","context":"En \u00abSociedad\u00bb","block_context":{"text":"Sociedad","link":"https:\/\/www.24baires.com\/?cat=1"},"img":{"alt_text":"temporal en san pedro","src":"https:\/\/i0.wp.com\/www.24baires.com\/wp-content\/uploads\/2014\/02\/temporal-en-san-pedro.jpg?resize=350%2C200","width":350,"height":200},"classes":[]},{"id":2923,"url":"https:\/\/www.24baires.com\/?p=2923","url_meta":{"origin":3789,"position":5},"title":"Evacuados en San Pedro y hay alerta en la cuenca del R\u00edo Areco","author":"Grupo Sierra","date":"22\/10\/2012","format":false,"excerpt":"El Consejo Provincial de Emergencia sigue la situaci\u00f3n en Ramallo, San Nicol\u00e1s, Baradero y Capit\u00e1n Sarmiento. \"Estamos monitoreando la cuenca del R\u00edo Areco que desbord\u00f3 en una de las zonas y esperamos una crecida para alrededor de las 19\u201d, informaron las autoridades. Varias personas fueron evacuadas en San Pedro a\u2026","rel":"","context":"En \u00abLocales\u00bb","block_context":{"text":"Locales","link":"https:\/\/www.24baires.com\/?cat=38"},"img":{"alt_text":"","src":"","width":0,"height":0},"classes":[]}],"jetpack_sharing_enabled":true,"jetpack_likes_enabled":true,"_links":{"self":[{"href":"https:\/\/www.24baires.com\/index.php?rest_route=\/wp\/v2\/posts\/3789","targetHints":{"allow":["GET"]}}],"collection":[{"href":"https:\/\/www.24baires.com\/index.php?rest_route=\/wp\/v2\/posts"}],"about":[{"href":"https:\/\/www.24baires.com\/index.php?rest_route=\/wp\/v2\/types\/post"}],"author":[{"embeddable":true,"href":"https:\/\/www.24baires.com\/index.php?rest_route=\/wp\/v2\/users\/11"}],"replies":[{"embeddable":true,"href":"https:\/\/www.24baires.com\/index.php?rest_route=%2Fwp%2Fv2%2Fcomments&post=3789"}],"version-history":[{"count":2,"href":"https:\/\/www.24baires.com\/index.php?rest_route=\/wp\/v2\/posts\/3789\/revisions"}],"predecessor-version":[{"id":3792,"href":"https:\/\/www.24baires.com\/index.php?rest_route=\/wp\/v2\/posts\/3789\/revisions\/3792"}],"wp:attachment":[{"href":"https:\/\/www.24baires.com\/index.php?rest_route=%2Fwp%2Fv2%2Fmedia&parent=3789"}],"wp:term":[{"taxonomy":"category","embeddable":true,"href":"https:\/\/www.24baires.com\/index.php?rest_route=%2Fwp%2Fv2%2Fcategories&post=3789"},{"taxonomy":"post_tag","embeddable":true,"href":"https:\/\/www.24baires.com\/index.php?rest_route=%2Fwp%2Fv2%2Ftags&post=3789"}],"curies":[{"name":"wp","href":"https:\/\/api.w.org\/{rel}","templated":true}]}}