{"id":37730,"date":"2013-12-31T14:30:41","date_gmt":"2013-12-31T17:30:41","guid":{"rendered":"http:\/\/www.24baires.com\/?p=37730"},"modified":"2013-12-31T16:13:57","modified_gmt":"2013-12-31T19:13:57","slug":"deseos-de-finales-y-comienzos","status":"publish","type":"post","link":"https:\/\/www.24baires.com\/?p=37730","title":{"rendered":"Deseos de finales y comienzos"},"content":{"rendered":"<p><img data-recalc-dims=\"1\" loading=\"lazy\" decoding=\"async\" src=\"https:\/\/i0.wp.com\/www.24baires.com\/wp-content\/uploads\/2013\/12\/bebidas-para-el-brindis-de-navidad.jpg?resize=560%2C373\" alt=\"bebidas-para-el-brindis-de-navidad\" width=\"560\" height=\"373\" class=\"aligncenter size-full wp-image-37731\" srcset=\"https:\/\/i0.wp.com\/www.24baires.com\/wp-content\/uploads\/2013\/12\/bebidas-para-el-brindis-de-navidad.jpg?w=560&amp;ssl=1 560w, https:\/\/i0.wp.com\/www.24baires.com\/wp-content\/uploads\/2013\/12\/bebidas-para-el-brindis-de-navidad.jpg?resize=300%2C199&amp;ssl=1 300w\" sizes=\"auto, (max-width: 560px) 100vw, 560px\" \/>Cierto es que si quisi\u00e9ramos hacer aqu\u00ed un racconto pol\u00edtico o balance del a\u00f1o vivido nos extender\u00edamos demasiado y nos pasar\u00edamos por lejos de la extensi\u00f3n acostumbrada de estas opiniones y, probablemente, aburrir\u00edamos con tanta ch\u00e1chara porque seguro abordar\u00edamos temas que interesan a unos y fastidian a otros. <!--more--><\/p>\n<p>Entonces mejor elijamos alg\u00fan t\u00f3pico, algo que se haya repetido mucho, algo de lo que quisi\u00e9ramos hablar. Yo esta vez voy a elegir lo que no quiero, lo que no quiero m\u00e1s, ni para mi, ni para el que lee, para nadie en Argentina, as\u00ed, amplio: la desconfianza, la mentira, la falacia, el invento cuentapropista, el da\u00f1o cruel de decir lo que no es en beneficio propio.<\/p>\n<p>Eso no quiero m\u00e1s, ni para el 2014 ni para el resto de nuestras vidas. Aunque s\u00e9 la de utop\u00eda de este deseo, tambi\u00e9n s\u00e9 de la imperiosa necesidad de desearlo, fuerte. Porque el invento y la mentira es algo que sobr\u00f3 durante el 2013 que se va, y aunque no va a cambiar m\u00e1gicamente el 1 de enero para que todos digan, escriban e informen las cosas como son aunque se perjudiquen, repensemos juntos un poco por qu\u00e9 sucede esto y por qu\u00e9 dejamos que siga sucediendo.<\/p>\n<p>Los medios de comunicaci\u00f3n han tenido un a\u00f1o duro. Muchos usan y abusan de ellos para llevar sus mentiras confeccionadas a medida a nuestras casas mediante diarios, programas de tv o radios, y esas mentiras que inventan con imaginaci\u00f3n y desparpajo no tienen otro motivo que perjudicar a alguien y que, a su vez, ese da\u00f1o hecho los beneficie a ellos o a quienes les pagan por hacer y decir determinadas cosas. Simple. <\/p>\n<p>Muchas falacias han sido grandes operaciones que han implicado a periodistas, pol\u00edticos, empresarios y, triste, han logrado incluir a televidentes, lectores y radioescuchas en sus embustes, porque sin ellos creyendo de nada servir\u00eda perge\u00f1arlos. Nos han mentido en la cara, mir\u00e1ndonos a los ojos, y nos hemos escandalizado y juzgando a los dem\u00e1s con el admonitorio dedo de las ficciones que lograron instalar, que fueron muchas\u2026<\/p>\n<p>Denunciadores (o denunciadoras) seriales que no atinan a hacer m\u00e1s que eso, porque eso son, porque eso les ha funcionado, y gastan energ\u00eda a veces desde una playa en Punta para decir cosas que atentan contra la cordura ajena, en vez de invertir tiempo y ganas en intentar mejorarle la vida a alguien que la pasa mal. Son profetizadores del caos que nunca llega, pero que anhelan. <\/p>\n<p>Infames escribas de los poderosos, que usan la pluma o la palabra para sembrar el miedo en el otro, en lo diferente, intentando hacernos creer que eso o ese es el malo. Que se llenan los bolsillos anunciando realidades que no existen m\u00e1s que en sus guiones, que entregan con gusto a otros menos locuaces que los repiten como loros: les dan con placer la papa a Pedrito y Pedrito habla sin saber y replica sus mentiras, y a veces hasta consigue muchos votos as\u00ed. Esos difamadores de traje caro, de cara dura, y lengua viperina abundaron este a\u00f1o. <\/p>\n<p>Esto es lo que no quiero m\u00e1s, lo que deseo que deje de suceder. Si fuera rom\u00e1ntica esperar\u00eda la noche y buscar\u00eda el brillo de una estrella y se lo pedir\u00eda. Si fuera rom\u00e1ntica o si me aseguraran que funciona, pero dudo que as\u00ed sea. Aunque creo en que hay una manera de lograrlo, o varias. Podemos empezar por asumir la simpleza de que nadie es tan bueno o malo como parece o como a alguien le conviene hacernos creer que es. Podemos eligir nuestras propias batallas, en vez de ser los sacrificables peones de un ajedrez de hombres y mujeres que se han pasado d\u00e9cadas y d\u00e9cadas utilizando sus medios contra el pueblo, atacando a quienes han intentado y muchas veces logrado elevar las clases m\u00e1s desprotegidas, quienes han gozado y gozan con obscenidad mientras las mayor\u00edas sufren, quienes gustan de poner a unos contra otros porque as\u00ed se sostienen sus imperios de millones y mentiras. <\/p>\n<p>Podemos hacer eso, sin dudas. Podemos elegir la batalla de la solidaridad, que no es caridad, que no es dar lo que sobra, sino que es comprometerse con lo que siente y necesita el otro. Podemos elegir nunca m\u00e1s apartar la mirada del dolor ajeno y tender la mano, sin esperar nada m\u00e1s que otra mano que apriete la nuestra. Podemos hacer eso, lo hemos hecho, muchos lo hacen a diario. <\/p>\n<p>Podemos despreciar la comodidad del sill\u00f3n del living, del control remoto en la mano y analizar con empe\u00f1o lo que nos dicen, de pasar lo que vemos y escuchamos por el tamiz de nuestras propias conclusiones. Podemos hacerles dif\u00edcil el desparramo de las noticias que no existen y buscar las cosas buenas que pasan, que son m\u00e1s que las malas, aunque se esfuerzan con esmero por hacernos creer lo contrario. <\/p>\n<p>Podemos ver a los que se muestran en las buenas y huyen en las malas y tiran piedras desde la vereda de enfrente, tratando de que nos vaya mal para que a ellos les vaya bien. Y no olvidarlos. <\/p>\n<p>Y tambi\u00e9n podemos ver a los que siguen trabajando, sosteniendo el estandarte de la verdad y la memoria que impide repetir los errores, contra el viento que quiere arrasar y logran mantenerlo en alto y aun as\u00ed logran seguir en el mismo lugar, firmes, aunque lleguen los palazos, aunque pierdan, aunque los desgarre la pena propia sin dudar en dejar la vida de ser necesario por evitar la pena ajena: ellos son los que dicen lo que hacen y hacen lo que dicen. Bueno, de ellos quiero un 2014 a pleno, y una eternidad, de ser posible. <\/p>\n","protected":false},"excerpt":{"rendered":"<p>Cierto es que si quisi\u00e9ramos hacer aqu\u00ed un racconto pol\u00edtico o balance del a\u00f1o vivido nos extender\u00edamos demasiado y nos pasar\u00edamos por lejos de la extensi\u00f3n acostumbrada de estas opiniones y, probablemente, aburrir\u00edamos con tanta ch\u00e1chara porque seguro abordar\u00edamos temas que interesan a unos y fastidian a otros.<\/p>\n","protected":false},"author":11,"featured_media":0,"comment_status":"open","ping_status":"open","sticky":false,"template":"","format":"standard","meta":{"_jetpack_newsletter_access":"","_jetpack_dont_email_post_to_subs":false,"_jetpack_newsletter_tier_id":0,"_jetpack_memberships_contains_paywalled_content":false,"_jetpack_memberships_contains_paid_content":false,"footnotes":""},"categories":[64],"tags":[],"class_list":["post-37730","post","type-post","status-publish","format-standard","hentry","category-opinion"],"jetpack_featured_media_url":"","jetpack_shortlink":"https:\/\/wp.me\/p2JWE0-9Oy","jetpack-related-posts":[{"id":51171,"url":"https:\/\/www.24baires.com\/?p=51171","url_meta":{"origin":37730,"position":0},"title":"Bonfatti quiere que todos \u00abse unan ante los fondos buitre\u00bb","author":"Grupo Sierra","date":"04\/08\/2014","format":false,"excerpt":"El gobernador de Santa Fe calific\u00f3 a los holdouts como \"uno de los enemigos m\u00e1s grandes del sistema econ\u00f3mico\". \"Son el capital que no trabaja, especula y gana mucha plata\", sostuvo. El mandatario consider\u00f3 que frente a los holdouts \"tenemos que estar unidos sin fisuras, es lo que planteo desde\u2026","rel":"","context":"En \u00abSociedad\u00bb","block_context":{"text":"Sociedad","link":"https:\/\/www.24baires.com\/?cat=1"},"img":{"alt_text":"bonfatti","src":"https:\/\/i0.wp.com\/www.24baires.com\/wp-content\/uploads\/2014\/08\/bonfatti.jpg?resize=350%2C200","width":350,"height":200,"srcset":"https:\/\/i0.wp.com\/www.24baires.com\/wp-content\/uploads\/2014\/08\/bonfatti.jpg?resize=350%2C200 1x, https:\/\/i0.wp.com\/www.24baires.com\/wp-content\/uploads\/2014\/08\/bonfatti.jpg?resize=525%2C300 1.5x"},"classes":[]},{"id":21502,"url":"https:\/\/www.24baires.com\/?p=21502","url_meta":{"origin":37730,"position":1},"title":"Patricia Bullrich: \u201cNo me quiero poner ning\u00fan t\u00edtulo, pero fui la articuladora\u201d del 18A","author":"AF","date":"20\/04\/2013","format":false,"excerpt":"La diputada nacional de Uni\u00f3n por Todos se arrog\u00f3 el hecho que \"la dirigencia pol\u00edtica estuviese en la marcha\" antikirchnerista del jueves. De todos modos, consider\u00f3 que \"las consignas\" de la movilizaci\u00f3n \"se tienen que articular en alg\u00fan triunfo parlamentario y despu\u00e9s en las elecciones\". La diputada nacional de Uni\u00f3n\u2026","rel":"","context":"En \u00abPol\u00edtica\u00bb","block_context":{"text":"Pol\u00edtica","link":"https:\/\/www.24baires.com\/?cat=51"},"img":{"alt_text":"bullrich patricia","src":"https:\/\/i0.wp.com\/www.24baires.com\/wp-content\/uploads\/2013\/04\/bullrich-patricia.jpg?resize=350%2C200","width":350,"height":200,"srcset":"https:\/\/i0.wp.com\/www.24baires.com\/wp-content\/uploads\/2013\/04\/bullrich-patricia.jpg?resize=350%2C200 1x, https:\/\/i0.wp.com\/www.24baires.com\/wp-content\/uploads\/2013\/04\/bullrich-patricia.jpg?resize=525%2C300 1.5x"},"classes":[]},{"id":76772,"url":"https:\/\/www.24baires.com\/?p=76772","url_meta":{"origin":37730,"position":2},"title":"El padre de los ni\u00f1os que murieron en el taller clandestino de Flores pidi\u00f3 \u00abjusticia\u00bb","author":"GB","date":"22\/12\/2015","format":false,"excerpt":"Esteban Mur, padre de Rodrigo Menchaca, de 10 a\u00f1os, y Adair Rolando Mur Menchaca, de cinco, reclam\u00f3 \"que se haga justicia\" por sus hijos, tras la declaraci\u00f3n de Lee Sung Yop, el empresario coreano due\u00f1o del taller e imputado por trata con fines laborales. \"Trabajamos muchos a\u00f1os para \u00e9l y\u2026","rel":"","context":"En \u00abPoliciales\u00bb","block_context":{"text":"Policiales","link":"https:\/\/www.24baires.com\/?cat=49"},"img":{"alt_text":"taller clandestino","src":"https:\/\/i0.wp.com\/www.24baires.com\/wp-content\/uploads\/2015\/04\/taller-clandestino.jpg?resize=350%2C200","width":350,"height":200,"srcset":"https:\/\/i0.wp.com\/www.24baires.com\/wp-content\/uploads\/2015\/04\/taller-clandestino.jpg?resize=350%2C200 1x, https:\/\/i0.wp.com\/www.24baires.com\/wp-content\/uploads\/2015\/04\/taller-clandestino.jpg?resize=525%2C300 1.5x"},"classes":[]},{"id":18546,"url":"https:\/\/www.24baires.com\/?p=18546","url_meta":{"origin":37730,"position":3},"title":"Batakis descart\u00f3 por completo la posibilidad de emitir &#8216;cuasimonedas&#8217;","author":"AF","date":"16\/03\/2013","format":false,"excerpt":"La ministra de Econom\u00eda bonaerense, Silvina Batakis, descart\u00f3 \"totalmente\" que la Provincia eval\u00fae lanzar cuasimonedas para financiar su d\u00e9ficit, ni emitir deuda. \"Est\u00e1 totalmente descartado lanzar cuasimonedas en la Provincia. Eso nos trae recuerdos muy tristes de otras \u00e9pocas\", enfatiz\u00f3 la funcionaria. En declaraciones radiales, Batakis coment\u00f3 descart\u00f3 adem\u00e1s la\u2026","rel":"","context":"En \u00abEconom\u00eda\u00bb","block_context":{"text":"Econom\u00eda","link":"https:\/\/www.24baires.com\/?cat=45"},"img":{"alt_text":"","src":"","width":0,"height":0},"classes":[]},{"id":66308,"url":"https:\/\/www.24baires.com\/?p=66308","url_meta":{"origin":37730,"position":4},"title":"Romper al ni\u00f1o roto","author":"AF","date":"21\/05\/2015","format":false,"excerpt":"Hay un nene, chiquito, que tuvo que atravesar lo peor. Unos hombres, que ten\u00edan que protegerlo, lo rompieron, lo despedazaron por mil partes, abusaron de \u00e9l, aun as\u00ed, tan peque\u00f1o y fr\u00e1gil. Despu\u00e9s, unos jueces, que ten\u00edan que protegerlo, tomaron esos pedazos y los esparcieron lejos, como deseando que nuca\u2026","rel":"","context":"En \u00abOpini\u00f3n\u00bb","block_context":{"text":"Opini\u00f3n","link":"https:\/\/www.24baires.com\/?cat=64"},"img":{"alt_text":"ni\u00f1o sufriendo","src":"https:\/\/i0.wp.com\/www.24baires.com\/wp-content\/uploads\/2015\/05\/ni%C3%B1o-sufriendo.jpg?resize=350%2C200","width":350,"height":200,"srcset":"https:\/\/i0.wp.com\/www.24baires.com\/wp-content\/uploads\/2015\/05\/ni%C3%B1o-sufriendo.jpg?resize=350%2C200 1x, https:\/\/i0.wp.com\/www.24baires.com\/wp-content\/uploads\/2015\/05\/ni%C3%B1o-sufriendo.jpg?resize=525%2C300 1.5x"},"classes":[]},{"id":64030,"url":"https:\/\/www.24baires.com\/?p=64030","url_meta":{"origin":37730,"position":5},"title":"Un sorpresivo paro de micros de larga distancia afecta a Mar del Plata","author":"GB","date":"09\/04\/2015","format":false,"excerpt":"Ser\u00e1 indeterminado, hasta que los choferes reciban respuesta al reclamo de una deuda. Afectar\u00e1 a empresas como El R\u00e1pido y R\u00edo Paran\u00e1. A partir de las 10, los choferes de larga distancia realizar\u00e1n un paro sorpresivo e indeterminado tras exigir el pago de tres cuotas pactadas en concepto de retroactivo\u2026","rel":"","context":"En \u00abMunicipios\u00bb","block_context":{"text":"Municipios","link":"https:\/\/www.24baires.com\/?cat=44"},"img":{"alt_text":"ferroautomotora","src":"https:\/\/i0.wp.com\/www.24baires.com\/wp-content\/uploads\/2015\/04\/ferroautomotora.jpg?resize=350%2C200","width":350,"height":200,"srcset":"https:\/\/i0.wp.com\/www.24baires.com\/wp-content\/uploads\/2015\/04\/ferroautomotora.jpg?resize=350%2C200 1x, https:\/\/i0.wp.com\/www.24baires.com\/wp-content\/uploads\/2015\/04\/ferroautomotora.jpg?resize=525%2C300 1.5x"},"classes":[]}],"jetpack_sharing_enabled":true,"jetpack_likes_enabled":true,"_links":{"self":[{"href":"https:\/\/www.24baires.com\/index.php?rest_route=\/wp\/v2\/posts\/37730","targetHints":{"allow":["GET"]}}],"collection":[{"href":"https:\/\/www.24baires.com\/index.php?rest_route=\/wp\/v2\/posts"}],"about":[{"href":"https:\/\/www.24baires.com\/index.php?rest_route=\/wp\/v2\/types\/post"}],"author":[{"embeddable":true,"href":"https:\/\/www.24baires.com\/index.php?rest_route=\/wp\/v2\/users\/11"}],"replies":[{"embeddable":true,"href":"https:\/\/www.24baires.com\/index.php?rest_route=%2Fwp%2Fv2%2Fcomments&post=37730"}],"version-history":[{"count":1,"href":"https:\/\/www.24baires.com\/index.php?rest_route=\/wp\/v2\/posts\/37730\/revisions"}],"predecessor-version":[{"id":37732,"href":"https:\/\/www.24baires.com\/index.php?rest_route=\/wp\/v2\/posts\/37730\/revisions\/37732"}],"wp:attachment":[{"href":"https:\/\/www.24baires.com\/index.php?rest_route=%2Fwp%2Fv2%2Fmedia&parent=37730"}],"wp:term":[{"taxonomy":"category","embeddable":true,"href":"https:\/\/www.24baires.com\/index.php?rest_route=%2Fwp%2Fv2%2Fcategories&post=37730"},{"taxonomy":"post_tag","embeddable":true,"href":"https:\/\/www.24baires.com\/index.php?rest_route=%2Fwp%2Fv2%2Ftags&post=37730"}],"curies":[{"name":"wp","href":"https:\/\/api.w.org\/{rel}","templated":true}]}}