{"id":3767,"date":"2012-10-29T11:10:07","date_gmt":"2012-10-29T14:10:07","guid":{"rendered":"http:\/\/www.24baires.com\/?p=3767"},"modified":"2012-10-29T21:17:15","modified_gmt":"2012-10-30T00:17:15","slug":"el-intendente-de-junin-resposabilizo-a-la-justicia-y-la-policia-por-el-aumento-de-delitos","status":"publish","type":"post","link":"https:\/\/www.24baires.com\/?p=3767","title":{"rendered":"El Intendente de Jun\u00edn resposabiliz\u00f3 a la Justicia y la Polic\u00eda por el aumento de delitos"},"content":{"rendered":"<p><img data-recalc-dims=\"1\" loading=\"lazy\" decoding=\"async\" class=\"alignleft size-full wp-image-3771\" title=\"meoni\" src=\"https:\/\/i0.wp.com\/www.24baires.com\/wp-content\/uploads\/2012\/10\/meoni.png?resize=250%2C175\" alt=\"\" width=\"250\" height=\"175\" \/>El intendente de Jun\u00edn, Mario Meoni, admiti\u00f3 este lunes que en su distrito hay \u201cmayores problemas con la seguridad\u201d, pero responsabiliz\u00f3 a la Justicia y a la Polic\u00eda por la situaci\u00f3n.<!--more--><\/p>\n<p>Meoni reconoci\u00f3 que en Jun\u00edn hay \u201cmayores problemas con la seguridad de los que ven\u00edamos teniendo\u201d, y adelant\u00f3 que a partir de ahora difundir\u00e1 \u201cestad\u00edsticas propias\u201d.<\/p>\n<p>El jefe comunal responsabiliz\u00f3 a la Justicia, por las excarcelaciones, y a la Polic\u00eda, por la \u201cfalta de prevenci\u00f3n\u201d, y detall\u00f3 que hay una \u201crepetici\u00f3n de nombres\u201d en los hechos delictivos que se iban esclareciendo.<\/p>\n<p>\u201cSe enojar\u00e1n los se\u00f1ores jueces o no, pero tenemos una situaci\u00f3n en la que se est\u00e1n repitiendo muchos delincuentes y muchos de ellos son excarcelados en el mismo d\u00eda o a las 24 horas, sin siquiera considerarse la peligrosidad de esos individuos\u201d, indic\u00f3 el mandatario local.<\/p>\n<p>Sobre el tipo de delito, Meoni sostuvo que \u201cla mayor\u00eda son hechos delictivos, robos, hurtos, sin violencia, pero tampoco tenemos que esperar a que haya una muerte para darnos cuenta de que el joven que cometi\u00f3 siete u ocho delitos era peligroso.\u201d<\/p>\n<p>\u201cSi el tema es la ley, que vengan, nos lo cuenten y nosotros trabajaremos como pol\u00edticos para que se cambie el C\u00f3digo de Procesamiento y se aplique otro tipo de legislaci\u00f3n\u201d, a\u00f1adi\u00f3.<\/p>\n<p>Sobre la Polic\u00eda, denunci\u00f3 \u201cfalencias que se dan en todos lados\u201d, aunque no evit\u00f3 reclamar \u201cuna mayor presencia en la prevenci\u00f3n del delito\u201d.<\/p>\n","protected":false},"excerpt":{"rendered":"<p>El intendente de Jun\u00edn, Mario Meoni, admiti\u00f3 este lunes que en su distrito hay \u201cmayores problemas con la seguridad\u201d, pero responsabiliz\u00f3 a la Justicia y a la Polic\u00eda por la situaci\u00f3n.<\/p>\n","protected":false},"author":4,"featured_media":0,"comment_status":"open","ping_status":"open","sticky":false,"template":"","format":"standard","meta":{"_jetpack_newsletter_access":"","_jetpack_dont_email_post_to_subs":false,"_jetpack_newsletter_tier_id":0,"_jetpack_memberships_contains_paywalled_content":false,"_jetpack_memberships_contains_paid_content":false,"footnotes":""},"categories":[38],"tags":[],"class_list":["post-3767","post","type-post","status-publish","format-standard","hentry","category-locales"],"jetpack_featured_media_url":"","jetpack_shortlink":"https:\/\/wp.me\/p2JWE0-YL","jetpack-related-posts":[{"id":16303,"url":"https:\/\/www.24baires.com\/?p=16303","url_meta":{"origin":3767,"position":0},"title":"Jun\u00edn: el Intendente y el Fiscal coordinan trabajos en com\u00fan","author":"AF","date":"21\/02\/2013","format":false,"excerpt":"El jefe comunal de Jun\u00edn, Mario Meoni coordin\u00f3 junto al funcionario de la Justicia trabajos en com\u00fan y solicit\u00f3 mayor celeridad y respuestas en casos puntuales, como tambi\u00e9n se habl\u00f3 acerca de la seguridad del municipio de Jun\u00edn y la responsabilidad de las fiscal\u00edas. En representaci\u00f3n de los vecinos de\u2026","rel":"","context":"En \u00abLocales\u00bb","block_context":{"text":"Locales","link":"https:\/\/www.24baires.com\/?cat=38"},"img":{"alt_text":"meoni","src":"https:\/\/i0.wp.com\/www.24baires.com\/wp-content\/uploads\/2013\/02\/meoni.jpeg?resize=350%2C200","width":350,"height":200},"classes":[]},{"id":18016,"url":"https:\/\/www.24baires.com\/?p=18016","url_meta":{"origin":3767,"position":1},"title":"Incidentes en Jun\u00edn: \u00abLa Gendarmer\u00eda Nacional no puede convertirse en la Polic\u00eda Bonaerense 2\u00bb","author":"Grupo Sierra","date":"10\/03\/2013","format":false,"excerpt":"La Ministra Nilda Garr\u00e9 critic\u00f3 al intendente de Jun\u00edn, Mario Meoni, \"quien intenta manipular los incidentes ocurridos en su distrito\", adem\u00e1s de recordarle que la presencia de Gendarmer\u00eda en territorio bonaerense se da \"en casos puntuales\". El mensaje fue un tiro por elevaci\u00f3n tambi\u00e9n al Minisitro de Seguridad bonaerense Ricardo\u2026","rel":"","context":"En \u00abPol\u00edtica\u00bb","block_context":{"text":"Pol\u00edtica","link":"https:\/\/www.24baires.com\/?cat=51"},"img":{"alt_text":"garr\u00e9 casal","src":"https:\/\/i0.wp.com\/www.24baires.com\/wp-content\/uploads\/2013\/02\/garr%C3%A9-casal.jpg?resize=350%2C200","width":350,"height":200},"classes":[]},{"id":19078,"url":"https:\/\/www.24baires.com\/?p=19078","url_meta":{"origin":3767,"position":2},"title":"La inseguridad en Jun\u00edn contin\u00faa en el centro de la pol\u00e9mica provincial","author":"AF","date":"22\/03\/2013","format":false,"excerpt":"Un proyecto de resoluci\u00f3n para manifestar \u201crepudio\u201d a los hechos de violencia acontecidos luego del asesinato de la joven Karen Campos de 17 a\u00f1os y de Olga Macedo ocurridos en la ciudad de Jun\u00edn gener\u00f3 ayer en el Senado una fuerte discusi\u00f3n entre el oficialismo y la oposici\u00f3n. En el\u2026","rel":"","context":"En \u00abLocales\u00bb","block_context":{"text":"Locales","link":"https:\/\/www.24baires.com\/?cat=38"},"img":{"alt_text":"junin marcha maestra","src":"https:\/\/i0.wp.com\/www.24baires.com\/wp-content\/uploads\/2013\/03\/junin-marcha-maestra.jpg?resize=350%2C200","width":350,"height":200,"srcset":"https:\/\/i0.wp.com\/www.24baires.com\/wp-content\/uploads\/2013\/03\/junin-marcha-maestra.jpg?resize=350%2C200 1x, https:\/\/i0.wp.com\/www.24baires.com\/wp-content\/uploads\/2013\/03\/junin-marcha-maestra.jpg?resize=525%2C300 1.5x"},"classes":[]},{"id":18124,"url":"https:\/\/www.24baires.com\/?p=18124","url_meta":{"origin":3767,"position":3},"title":"\u201cLa alianza de Meoni con Scioli hace que se victimice siempre y responsabilice a la Naci\u00f3n\u00bb","author":"Grupo Sierra","date":"11\/03\/2013","format":false,"excerpt":"JUN\u00cdN.- Luego de los hechos de violencia y represi\u00f3n policial ocurridos durante este fin de semana en la localidad bonaerense de Jun\u00edn, 24Baires tuvo oportunidad de dialogar con el Concejal Juan Manuel Sequeira, del Socialismo Para La Victoria. Sequeira, que sigui\u00f3 de cerca el conflicto de su ciudad natal, donde\u2026","rel":"","context":"En \u00abPol\u00edtica\u00bb","block_context":{"text":"Pol\u00edtica","link":"https:\/\/www.24baires.com\/?cat=51"},"img":{"alt_text":"","src":"","width":0,"height":0},"classes":[]},{"id":86530,"url":"https:\/\/www.24baires.com\/?p=86530","url_meta":{"origin":3767,"position":4},"title":"Exfuncionario de Meoni fue procesado por desv\u00edo de fondos para la campa\u00f1a electoral","author":"Grupo Sierra","date":"21\/08\/2016","format":false,"excerpt":"El exsecretario general del municipio bonaerense de Jun\u00edn, Javier Gabrielli, fue procesado hoy por la presunta comisi\u00f3n del delito de malversaci\u00f3n de fondos, ya que se lo acusa de haber destinado dinero p\u00fablico a la campa\u00f1a electoral de 2015, cuando el intendente era Mario Meoni y buscaba su reelecci\u00f3n. La\u2026","rel":"","context":"En \u00abJUDICIALES\u00bb","block_context":{"text":"JUDICIALES","link":"https:\/\/www.24baires.com\/?cat=68"},"img":{"alt_text":"","src":"","width":0,"height":0},"classes":[]},{"id":17490,"url":"https:\/\/www.24baires.com\/?p=17490","url_meta":{"origin":3767,"position":5},"title":"Vecinos de Jun\u00edn marchar\u00e1n por mayor seguridad","author":"AF","date":"05\/03\/2013","format":false,"excerpt":"El pr\u00f3ximo viernes 7 de marzo, los vecinos de Jun\u00edn realizar\u00e1n un cacerolazo frente al Palacio Municipal para reclamarle m\u00e1s seguridad al intendente Mario Meoni. Cansados de los numerosos robos, los vecinos del municipio de Jun\u00edn decidieron convocar a un cacerolazo para reclamarle al jefe comunal, Mario Meoni, m\u00e1s seguridad\u2026","rel":"","context":"En \u00abLocales\u00bb","block_context":{"text":"Locales","link":"https:\/\/www.24baires.com\/?cat=38"},"img":{"alt_text":"","src":"","width":0,"height":0},"classes":[]}],"jetpack_sharing_enabled":true,"jetpack_likes_enabled":true,"_links":{"self":[{"href":"https:\/\/www.24baires.com\/index.php?rest_route=\/wp\/v2\/posts\/3767","targetHints":{"allow":["GET"]}}],"collection":[{"href":"https:\/\/www.24baires.com\/index.php?rest_route=\/wp\/v2\/posts"}],"about":[{"href":"https:\/\/www.24baires.com\/index.php?rest_route=\/wp\/v2\/types\/post"}],"author":[{"embeddable":true,"href":"https:\/\/www.24baires.com\/index.php?rest_route=\/wp\/v2\/users\/4"}],"replies":[{"embeddable":true,"href":"https:\/\/www.24baires.com\/index.php?rest_route=%2Fwp%2Fv2%2Fcomments&post=3767"}],"version-history":[{"count":2,"href":"https:\/\/www.24baires.com\/index.php?rest_route=\/wp\/v2\/posts\/3767\/revisions"}],"predecessor-version":[{"id":3778,"href":"https:\/\/www.24baires.com\/index.php?rest_route=\/wp\/v2\/posts\/3767\/revisions\/3778"}],"wp:attachment":[{"href":"https:\/\/www.24baires.com\/index.php?rest_route=%2Fwp%2Fv2%2Fmedia&parent=3767"}],"wp:term":[{"taxonomy":"category","embeddable":true,"href":"https:\/\/www.24baires.com\/index.php?rest_route=%2Fwp%2Fv2%2Fcategories&post=3767"},{"taxonomy":"post_tag","embeddable":true,"href":"https:\/\/www.24baires.com\/index.php?rest_route=%2Fwp%2Fv2%2Ftags&post=3767"}],"curies":[{"name":"wp","href":"https:\/\/api.w.org\/{rel}","templated":true}]}}