{"id":3757,"date":"2012-10-29T20:28:41","date_gmt":"2012-10-29T23:28:41","guid":{"rendered":"http:\/\/www.24baires.com\/?p=3757"},"modified":"2012-10-29T20:28:41","modified_gmt":"2012-10-29T23:28:41","slug":"murio-harguindeguy-el-represor-solo-cumplia-prision-domiciliaria","status":"publish","type":"post","link":"https:\/\/www.24baires.com\/?p=3757","title":{"rendered":"Muri\u00f3 Harguindeguy. El represor solo cumpl\u00eda prisi\u00f3n domiciliaria."},"content":{"rendered":"<p><img data-recalc-dims=\"1\" loading=\"lazy\" decoding=\"async\" class=\"alignleft size-medium wp-image-3759\" title=\"harguindeguy\" src=\"https:\/\/i0.wp.com\/www.24baires.com\/wp-content\/uploads\/2012\/10\/harguindeguy1.jpg?resize=300%2C179\" alt=\"\" width=\"300\" height=\"179\" srcset=\"https:\/\/i0.wp.com\/www.24baires.com\/wp-content\/uploads\/2012\/10\/harguindeguy1.jpg?resize=300%2C179&amp;ssl=1 300w, https:\/\/i0.wp.com\/www.24baires.com\/wp-content\/uploads\/2012\/10\/harguindeguy1.jpg?w=560&amp;ssl=1 560w\" sizes=\"auto, (max-width: 300px) 100vw, 300px\" \/>El ex ministro del Interior de la \u00faltima dictadura c\u00edvico-militar Albano Harguindeguy, de 85 a\u00f1os, muri\u00f3 este lunes mientras cumpl\u00eda prisi\u00f3n domiciliaria por cr\u00edmenes de lesa humanidad.<!--more--><\/p>\n<p>El ex general de divisi\u00f3n fue uno de los mentores del golpe de 1976 y uno de los hombres m\u00e1s poderosos durante el gobierno del dictador Jorge Rafael Videla (1976 \u2013 1981).<\/p>\n<p>Harguindeguy, quien fue beneficiado por indultos, hab\u00eda logrado eludir a la Justicia, pero finalmente fue detenido, acusado por cr\u00edmenes de lesa humanidad cometidos en Entre R\u00edos.<\/p>\n<p>Tambi\u00e9n en abril de este a\u00f1o la Justicia Federal de San Mart\u00edn orden\u00f3 allanamientos en su domicilio junto a los de Videla y del ex general Omar Santiago Riveros, jefe de Institutos Militares de Campo de Mayo.<\/p>\n","protected":false},"excerpt":{"rendered":"<p>El ex ministro del Interior de la \u00faltima dictadura c\u00edvico-militar Albano Harguindeguy, de 85 a\u00f1os, muri\u00f3 este lunes mientras cumpl\u00eda prisi\u00f3n domiciliaria por cr\u00edmenes de lesa humanidad.<\/p>\n","protected":false},"author":11,"featured_media":0,"comment_status":"open","ping_status":"open","sticky":false,"template":"","format":"standard","meta":{"_jetpack_newsletter_access":"","_jetpack_dont_email_post_to_subs":false,"_jetpack_newsletter_tier_id":0,"_jetpack_memberships_contains_paywalled_content":false,"_jetpack_memberships_contains_paid_content":false,"footnotes":""},"categories":[50],"tags":[],"class_list":["post-3757","post","type-post","status-publish","format-standard","hentry","category-memoria"],"jetpack_featured_media_url":"","jetpack_shortlink":"https:\/\/wp.me\/p2JWE0-YB","jetpack-related-posts":[{"id":10914,"url":"https:\/\/www.24baires.com\/?p=10914","url_meta":{"origin":3757,"position":0},"title":"El 2012, un a\u00f1o positivo para la b\u00fasqueda de la Memoria, la Verdad y la Justicia","author":"Grupo Sierra","date":"01\/01\/2013","format":false,"excerpt":"\u00a0 Entre los juicios realizados el a\u00f1o pasado se destaca el proceso por el que la justicia reconoci\u00f3 la existencia de un plan sistem\u00e1tico de robo de beb\u00e9s, adem\u00e1s de registrarse la primera condena a un funcionario civil y declarar como de lesa humanidad las violaciones en cautiverio.\u00a0 Entre las\u2026","rel":"","context":"En \u00abMemoria\u00bb","block_context":{"text":"Memoria","link":"https:\/\/www.24baires.com\/?cat=50"},"img":{"alt_text":"memoria verdad justicia","src":"https:\/\/i0.wp.com\/www.24baires.com\/wp-content\/uploads\/2013\/01\/memoria-verdad-justicia.jpg?resize=350%2C200","width":350,"height":200,"srcset":"https:\/\/i0.wp.com\/www.24baires.com\/wp-content\/uploads\/2013\/01\/memoria-verdad-justicia.jpg?resize=350%2C200 1x, https:\/\/i0.wp.com\/www.24baires.com\/wp-content\/uploads\/2013\/01\/memoria-verdad-justicia.jpg?resize=525%2C300 1.5x"},"classes":[]},{"id":100202,"url":"https:\/\/www.24baires.com\/?p=100202","url_meta":{"origin":3757,"position":1},"title":"Vecinos y organizaciones de DDHH realizar\u00e1n un ruidazo contra la domiciliaria de Etchecolatz","author":"GB","date":"28\/01\/2018","format":false,"excerpt":"MAR DEL PLATA-Ser\u00e1 ma\u00f1ana a partir de las 16hs, en el Bosque Peralta Ramos en donde se aloja el genocida. Es en respuesta a su salida transitoria, en la cual se pudo confirmar la vulnerabilidad que tiene la prisi\u00f3n domiciliaria. Este lunes 29, vecinos y vecinas del barrio de Peralta\u2026","rel":"","context":"En \u00abMemoria\u00bb","block_context":{"text":"Memoria","link":"https:\/\/www.24baires.com\/?cat=50"},"img":{"alt_text":"","src":"https:\/\/i0.wp.com\/www.24baires.com\/wp-content\/uploads\/2018\/01\/marcha-contra-represor.jpg?resize=350%2C200","width":350,"height":200,"srcset":"https:\/\/i0.wp.com\/www.24baires.com\/wp-content\/uploads\/2018\/01\/marcha-contra-represor.jpg?resize=350%2C200 1x, https:\/\/i0.wp.com\/www.24baires.com\/wp-content\/uploads\/2018\/01\/marcha-contra-represor.jpg?resize=525%2C300 1.5x"},"classes":[]},{"id":49270,"url":"https:\/\/www.24baires.com\/?p=49270","url_meta":{"origin":3757,"position":2},"title":"Perpetua para Men\u00e9ndez y Estrella por el asesinato de Angelelli","author":"Grupo Sierra","date":"04\/07\/2014","format":false,"excerpt":"Ambos fueron considerados por los jueces del tribunal como autores mediatos del asesinato del obispo, ocurrido en agosto de 1976, y de la tentativa de homicidio de quien lo acompa\u00f1aba, su amigo Arturo Pinto. Los represores Luciano Benjam\u00edn Men\u00e9ndez y Luis Fernando Estrella fueron condenados hoy a prisi\u00f3n perpetua en\u2026","rel":"","context":"En \u00abJUDICIALES\u00bb","block_context":{"text":"JUDICIALES","link":"https:\/\/www.24baires.com\/?cat=68"},"img":{"alt_text":"Men\u00e9ndez y Estrella","src":"https:\/\/i0.wp.com\/www.24baires.com\/wp-content\/uploads\/2014\/07\/Men%C3%A9ndez-y-Estrella.jpg?resize=350%2C200","width":350,"height":200,"srcset":"https:\/\/i0.wp.com\/www.24baires.com\/wp-content\/uploads\/2014\/07\/Men%C3%A9ndez-y-Estrella.jpg?resize=350%2C200 1x, https:\/\/i0.wp.com\/www.24baires.com\/wp-content\/uploads\/2014\/07\/Men%C3%A9ndez-y-Estrella.jpg?resize=525%2C300 1.5x"},"classes":[]},{"id":111849,"url":"https:\/\/www.24baires.com\/?p=111849","url_meta":{"origin":3757,"position":3},"title":"Grave: un genocida con prisi\u00f3n domiciliaria fue visto caminando sin custodio en Olavarr\u00eda","author":"GB","date":"29\/08\/2019","format":false,"excerpt":"La Comisi\u00f3n Provincial por la Memoria lo denunci\u00f3 y dej\u00f3 en manifiesto el buen estado de salud del ex polic\u00eda, Alberto Balquinta, imputado por delitos de lesa humanidad en la causa Monte Pelloni. Luego que el Tribunal Oral Federal de Mar del Plata ratificara la prisi\u00f3n domiciliaria de Alberto Balquinta,\u2026","rel":"","context":"En \u00abMemoria\u00bb","block_context":{"text":"Memoria","link":"https:\/\/www.24baires.com\/?cat=50"},"img":{"alt_text":"","src":"https:\/\/i0.wp.com\/www.24baires.com\/wp-content\/uploads\/2019\/08\/represor.jpeg?resize=350%2C200","width":350,"height":200,"srcset":"https:\/\/i0.wp.com\/www.24baires.com\/wp-content\/uploads\/2019\/08\/represor.jpeg?resize=350%2C200 1x, https:\/\/i0.wp.com\/www.24baires.com\/wp-content\/uploads\/2019\/08\/represor.jpeg?resize=525%2C300 1.5x"},"classes":[]},{"id":17268,"url":"https:\/\/www.24baires.com\/?p=17268","url_meta":{"origin":3757,"position":4},"title":"Esta semana se inicia el juicio oral por la causa &#8216;Plan C\u00f3ndor&#8217; que involucra a Videla y otros","author":"Grupo Sierra","date":"03\/03\/2013","format":false,"excerpt":"El Tribunal Oral Federal N\u00ba 1 de Capital Federal encabezar\u00e1 a partir del pr\u00f3ximo martes 5 de marzo el juicio oral en la causa conocida como \u201cPlan C\u00f3ndor\u201d, en la que se juzgar\u00e1 a 18 imputados por cr\u00edmenes de lesa humanidad cometidos durante la dictadura c\u00edvico militar. En este marco,\u2026","rel":"","context":"En \u00abMemoria\u00bb","block_context":{"text":"Memoria","link":"https:\/\/www.24baires.com\/?cat=50"},"img":{"alt_text":"plan condor juicio","src":"https:\/\/i0.wp.com\/www.24baires.com\/wp-content\/uploads\/2013\/03\/plan-condor-juicio.jpg?resize=350%2C200","width":350,"height":200,"srcset":"https:\/\/i0.wp.com\/www.24baires.com\/wp-content\/uploads\/2013\/03\/plan-condor-juicio.jpg?resize=350%2C200 1x, https:\/\/i0.wp.com\/www.24baires.com\/wp-content\/uploads\/2013\/03\/plan-condor-juicio.jpg?resize=525%2C300 1.5x"},"classes":[]},{"id":116254,"url":"https:\/\/www.24baires.com\/?p=116254","url_meta":{"origin":3757,"position":5},"title":"Internaron de urgencia a Etchecolatz","author":"AF","date":"16\/09\/2020","format":false,"excerpt":"La noticia de su descompensaci\u00f3n se conoce justamente en un nuevo aniversario de la Noche de los L\u00e1pices, causa por la que el ex jefe de investigaciones de la Bonaerense est\u00e1 siendo investigado por la Justicia. Miguel Etchecolatz, ex jefe de investigaciones de la Bonaerense durante la \u00faltima dictadura c\u00edvico-militar,\u2026","rel":"","context":"En \u00abSociedad\u00bb","block_context":{"text":"Sociedad","link":"https:\/\/www.24baires.com\/?cat=1"},"img":{"alt_text":"","src":"https:\/\/i0.wp.com\/www.24baires.com\/wp-content\/uploads\/2016\/08\/etchecolaz.jpg?resize=350%2C200","width":350,"height":200,"srcset":"https:\/\/i0.wp.com\/www.24baires.com\/wp-content\/uploads\/2016\/08\/etchecolaz.jpg?resize=350%2C200 1x, https:\/\/i0.wp.com\/www.24baires.com\/wp-content\/uploads\/2016\/08\/etchecolaz.jpg?resize=525%2C300 1.5x"},"classes":[]}],"jetpack_sharing_enabled":true,"jetpack_likes_enabled":true,"_links":{"self":[{"href":"https:\/\/www.24baires.com\/index.php?rest_route=\/wp\/v2\/posts\/3757","targetHints":{"allow":["GET"]}}],"collection":[{"href":"https:\/\/www.24baires.com\/index.php?rest_route=\/wp\/v2\/posts"}],"about":[{"href":"https:\/\/www.24baires.com\/index.php?rest_route=\/wp\/v2\/types\/post"}],"author":[{"embeddable":true,"href":"https:\/\/www.24baires.com\/index.php?rest_route=\/wp\/v2\/users\/11"}],"replies":[{"embeddable":true,"href":"https:\/\/www.24baires.com\/index.php?rest_route=%2Fwp%2Fv2%2Fcomments&post=3757"}],"version-history":[{"count":3,"href":"https:\/\/www.24baires.com\/index.php?rest_route=\/wp\/v2\/posts\/3757\/revisions"}],"predecessor-version":[{"id":3762,"href":"https:\/\/www.24baires.com\/index.php?rest_route=\/wp\/v2\/posts\/3757\/revisions\/3762"}],"wp:attachment":[{"href":"https:\/\/www.24baires.com\/index.php?rest_route=%2Fwp%2Fv2%2Fmedia&parent=3757"}],"wp:term":[{"taxonomy":"category","embeddable":true,"href":"https:\/\/www.24baires.com\/index.php?rest_route=%2Fwp%2Fv2%2Fcategories&post=3757"},{"taxonomy":"post_tag","embeddable":true,"href":"https:\/\/www.24baires.com\/index.php?rest_route=%2Fwp%2Fv2%2Ftags&post=3757"}],"curies":[{"name":"wp","href":"https:\/\/api.w.org\/{rel}","templated":true}]}}