{"id":37428,"date":"2013-12-26T09:00:08","date_gmt":"2013-12-26T12:00:08","guid":{"rendered":"http:\/\/www.24baires.com\/?p=37428"},"modified":"2013-12-26T09:15:33","modified_gmt":"2013-12-26T12:15:33","slug":"massa-soldado-de-facundo","status":"publish","type":"post","link":"https:\/\/www.24baires.com\/?p=37428","title":{"rendered":"Massa, soldado de Facundo"},"content":{"rendered":"<p><img data-recalc-dims=\"1\" loading=\"lazy\" decoding=\"async\" class=\"aligncenter size-full wp-image-37429\" alt=\"massa moyano\" src=\"https:\/\/i0.wp.com\/www.24baires.com\/wp-content\/uploads\/2013\/12\/massa-moyano.jpg?resize=560%2C450\" width=\"560\" height=\"450\" srcset=\"https:\/\/i0.wp.com\/www.24baires.com\/wp-content\/uploads\/2013\/12\/massa-moyano.jpg?w=560&amp;ssl=1 560w, https:\/\/i0.wp.com\/www.24baires.com\/wp-content\/uploads\/2013\/12\/massa-moyano.jpg?resize=300%2C241&amp;ssl=1 300w\" sizes=\"auto, (max-width: 560px) 100vw, 560px\" \/>Las \u00faltimas elecciones legislativas marcaron algunos caminos que con el paso de las semanas se hicieron calles, y con el transcurso de los meses se volvieron amplias avenidas donde ahora circulan dirigentes\u00a0 pol\u00edticos, para un lado y para el otro. En el caso de la m\u00e1s reciente conglomeraci\u00f3n que ya llamamos hace tiempo \u201cmassismo\u201d en honor al ahora Diputado Nacional, Sergio Massa, esa avenida, brillante y llamativa como nuevos zapatos de baile, tiene un tr\u00e1nsito profuso, como la Ruta 2 en el recambio de quincena de enero.<!--more--><\/p>\n<p>Ahora, el Frente Renovador que conduce el ex Intendente de Tigre, hace uso y abuso de la nada despreciable cantidad de hilo que se enroll\u00f3 en su carretel despu\u00e9s del 27 de Octubre. Y all\u00ed nadie pierde tiempo, ni desaprovecha ninguna ocasi\u00f3n, como pueden ser los festejos por el a\u00f1o que se va o por el a\u00f1o que est\u00e1 por comenzar, como m\u00e1s guste. Como sucedi\u00f3 en la fiesta de fin de a\u00f1o del gremio de trabajadores de peajes (SUTPA), que conduce una de las recientes incorporaciones a este espacio, Facundo Moyano, quien no tuvo reparos en llevarse la banca obtenida por el Frente para la Victoria de la mano de Cristina Fern\u00e1ndez en 2011 al massimo y quien dice tener \u201caspiraciones de poder\u201d. Si, Facundo, ya nos hab\u00edamos dado cuenta de eso.<\/p>\n<p>\u00c9l, naturalmente, afirma que Massa es una \u201calternativa totalmente viable para los argentinos de cara a 2015\u201d y el aludido, que particip\u00f3 una vez m\u00e1s de la fiesta de SUTPA, dijo que \u201cFacundo entendi\u00f3 la coyuntura pol\u00edtica y le agradezco su acompa\u00f1amiento, porque todos tenemos que tener un mismo objetivo, que es defender a los laburantes\u201d. Parece que los Moyano lo entendieron hace poquito, porque durante las \u00faltimas elecciones fueron aliados al ahora relegado Francisco de Narv\u00e1ez: el hilo en el carretel conseguido en las elecciones del 2009 por el colombiano parece ya haberse agotado.<\/p>\n<p>Entonces, a\u00f1o nuevo, armado nuevo para esta familia que tan bien sabe acomodarse siempre ante las vicisitudes pol\u00edticas, y que tan bien sabe explotar su poder gremial para apretar y obtener lo deseado. Ellos pueden llamar conquistas sindicales a querer paralizar la provincia o el pa\u00eds con sus requerimientos particulares, otros podemos llamarlas extorsi\u00f3n. Todo depende el ojo de la aguja con el que se mire, ese que tanto Facundo como Hugo usan tan h\u00e1bilmente para no dar puntada sin ese hilo, que por ahora sobra. Pero el por ahora no dura para siempre.<br \/>\nPor el momento, Sergio Massa, plet\u00f3rico y envalentonado, con las anteojeras puestas que s\u00f3lo le dejan ver el 2015, se da el lujo de cantar en fiestas: \u201cOh, levanten las manos, los soldados de Moyano\u201d, junto a los militantes de Facundo, acompa\u00f1ado tambi\u00e9n por su esposa Malena Galmarini y por Dar\u00edo Giustozzi.<\/p>\n<p>Habr\u00e1 que ver cuanto duran esos supuestos soldados en este frente, porque se sabe que son proclives a abandonar trincheras de un lado y pasar a las del otro bando.<\/p>\n<p>&nbsp;<\/p>\n","protected":false},"excerpt":{"rendered":"<p>Las \u00faltimas elecciones legislativas marcaron algunos caminos que con el paso de las semanas se hicieron calles, y con el transcurso de los meses se volvieron amplias avenidas donde ahora circulan dirigentes\u00a0 pol\u00edticos, para un lado y para el otro. En el caso de la m\u00e1s reciente conglomeraci\u00f3n que ya llamamos hace tiempo \u201cmassismo\u201d en honor al ahora Diputado Nacional, [&#8230;]<\/p>\n","protected":false},"author":11,"featured_media":0,"comment_status":"open","ping_status":"open","sticky":false,"template":"","format":"standard","meta":{"_jetpack_newsletter_access":"","_jetpack_dont_email_post_to_subs":false,"_jetpack_newsletter_tier_id":0,"_jetpack_memberships_contains_paywalled_content":false,"_jetpack_memberships_contains_paid_content":false,"footnotes":""},"categories":[64],"tags":[],"class_list":["post-37428","post","type-post","status-publish","format-standard","hentry","category-opinion"],"jetpack_featured_media_url":"","jetpack_shortlink":"https:\/\/wp.me\/p2JWE0-9JG","jetpack-related-posts":[{"id":119163,"url":"https:\/\/www.24baires.com\/?p=119163","url_meta":{"origin":37428,"position":0},"title":"Massa apostar\u00e1 a los incentivos fiscales","author":"AF","date":"30\/07\/2022","format":false,"excerpt":"Desde su equipo de colaboradores adelantaron a T\u00e9lam que el designado ministro de Econom\u00eda buscar\u00e1 potenciar los sectores de la energ\u00eda, la agroindustria y la econom\u00eda del conocimiento, al tiempo que apuntar\u00e1 a profundizar \"la b\u00fasqueda de consensos\" con el FMI. El designado ministro de Econom\u00eda, Sergio Massa, priorizar\u00e1 la\u2026","rel":"","context":"En \u00abEconom\u00eda\u00bb","block_context":{"text":"Econom\u00eda","link":"https:\/\/www.24baires.com\/?cat=45"},"img":{"alt_text":"","src":"https:\/\/i0.wp.com\/www.24baires.com\/wp-content\/uploads\/2022\/07\/6273e672eab38_900.jpg?resize=350%2C200","width":350,"height":200,"srcset":"https:\/\/i0.wp.com\/www.24baires.com\/wp-content\/uploads\/2022\/07\/6273e672eab38_900.jpg?resize=350%2C200 1x, https:\/\/i0.wp.com\/www.24baires.com\/wp-content\/uploads\/2022\/07\/6273e672eab38_900.jpg?resize=525%2C300 1.5x, https:\/\/i0.wp.com\/www.24baires.com\/wp-content\/uploads\/2022\/07\/6273e672eab38_900.jpg?resize=700%2C400 2x"},"classes":[]},{"id":59529,"url":"https:\/\/www.24baires.com\/?p=59529","url_meta":{"origin":37428,"position":1},"title":"Olavarr\u00eda: Eseverri celebr\u00f3 la incorporaci\u00f3n de dos diputados al bloque massistas","author":"AF","date":"04\/01\/2015","format":false,"excerpt":"El Intendente massista, Jos\u00e9 Eseverri celebr\u00f3 las incorporaciones de Diputados Provinciales, Mauricio D\u00b4Alessandro y Guillermo Britos al espacio que lidera Sergio Massa y destac\u00f3 la apertura del Frente Renovador: \"somos un espacio de brazos abiertos para aquellos que quieran trabajar por un pa\u00eds distinto\", afirm\u00f3. Eseverri agreg\u00f3: \"la reciente incorporaci\u00f3n\u2026","rel":"","context":"En \u00abLocales\u00bb","block_context":{"text":"Locales","link":"https:\/\/www.24baires.com\/?cat=38"},"img":{"alt_text":"eseverri","src":"https:\/\/i0.wp.com\/www.24baires.com\/wp-content\/uploads\/2012\/11\/eseverri.jpg?resize=350%2C200","width":350,"height":200,"srcset":"https:\/\/i0.wp.com\/www.24baires.com\/wp-content\/uploads\/2012\/11\/eseverri.jpg?resize=350%2C200 1x, https:\/\/i0.wp.com\/www.24baires.com\/wp-content\/uploads\/2012\/11\/eseverri.jpg?resize=525%2C300 1.5x"},"classes":[]},{"id":88022,"url":"https:\/\/www.24baires.com\/?p=88022","url_meta":{"origin":37428,"position":2},"title":"Stolbizer asegura estar \u00abm\u00e1s cerca\u00bb de Massa que de Macri","author":"AF","date":"27\/09\/2016","format":false,"excerpt":"La diputada nacional Margarita Stolbizer (GEN) dijo que est\u00e1 \"m\u00e1s cerca\" del titular del Frente Renovador (FR) Sergio Massa que del presidente Mauricio Macri en tanto \"oposici\u00f3n\" debido a que \"la gente\" puso al l\u00edder del PRO en el lugar del gobernante, y consider\u00f3 que no ser\u00eda \"disparatado\" compartir una\u2026","rel":"","context":"En \u00abPol\u00edtica\u00bb","block_context":{"text":"Pol\u00edtica","link":"https:\/\/www.24baires.com\/?cat=51"},"img":{"alt_text":"massa estolbizer","src":"https:\/\/i0.wp.com\/www.24baires.com\/wp-content\/uploads\/2016\/02\/massa-estolbizer.jpg?resize=350%2C200","width":350,"height":200,"srcset":"https:\/\/i0.wp.com\/www.24baires.com\/wp-content\/uploads\/2016\/02\/massa-estolbizer.jpg?resize=350%2C200 1x, https:\/\/i0.wp.com\/www.24baires.com\/wp-content\/uploads\/2016\/02\/massa-estolbizer.jpg?resize=525%2C300 1.5x"},"classes":[]},{"id":27428,"url":"https:\/\/www.24baires.com\/?p=27428","url_meta":{"origin":37428,"position":3},"title":"Tundis: De cr\u00edtica de Massa a ser su candidata","author":"AF","date":"02\/07\/2013","format":false,"excerpt":"\u201cSoy socialista y Massa se enter\u00f3 ayer y no lo pod\u00eda creer\u201d, dijo hace unos d\u00edas la pre candidata a diputada por el Frente Renovador, Mirta Tundis, periodista de TN. No s\u00f3lo sorprendi\u00f3 al actual intendente de Tigre, claro. Una frase as\u00ed causa impacto y a varios niveles, y si\u2026","rel":"","context":"En \u00abOpini\u00f3n\u00bb","block_context":{"text":"Opini\u00f3n","link":"https:\/\/www.24baires.com\/?cat=64"},"img":{"alt_text":"tundis massa","src":"https:\/\/i0.wp.com\/www.24baires.com\/wp-content\/uploads\/2013\/07\/tundis-massa.jpg?resize=350%2C200","width":350,"height":200},"classes":[]},{"id":45497,"url":"https:\/\/www.24baires.com\/?p=45497","url_meta":{"origin":37428,"position":4},"title":"El pol\u00e9mico Cariglino, busca ser la ficha fuerte de Massa para el a\u00f1o electoral","author":"Grupo Sierra","date":"07\/05\/2014","format":false,"excerpt":"El ex panadero que lleg\u00f3 a la intendencia de Malvinas Argentinas en 1995 y nunca se fue, es uno de los alfiles de Massa para el 2015. A pesar de las tantas denuncias en su contra, busca lanzar su espacio este a\u00f1o. Los ahora alfiles de Massa buscan pegar el\u2026","rel":"","context":"En \u00abPol\u00edtica\u00bb","block_context":{"text":"Pol\u00edtica","link":"https:\/\/www.24baires.com\/?cat=51"},"img":{"alt_text":"Cariglino","src":"https:\/\/i0.wp.com\/www.24baires.com\/wp-content\/uploads\/2012\/11\/Cariglino.jpg?resize=350%2C200","width":350,"height":200,"srcset":"https:\/\/i0.wp.com\/www.24baires.com\/wp-content\/uploads\/2012\/11\/Cariglino.jpg?resize=350%2C200 1x, https:\/\/i0.wp.com\/www.24baires.com\/wp-content\/uploads\/2012\/11\/Cariglino.jpg?resize=525%2C300 1.5x"},"classes":[]},{"id":69466,"url":"https:\/\/www.24baires.com\/?p=69466","url_meta":{"origin":37428,"position":5},"title":"Bossio: \u00abEstamos pagando los juicios que Massa gener\u00f3 cuando estuvo en la ANSES\u00bb","author":"Grupo Sierra","date":"23\/07\/2015","format":false,"excerpt":"El actual titular de ANSES Diego Bossio se despach\u00f3 contra su antecesor y hoy opositor Sergio Massa luego que este prometiera asignar el 82 por ciento m\u00f3vil a los jubilados. El director ejecutivo de Anses, Diego Bossio, critic\u00f3 al precandidato presidencial del Frente Renovador, Sergio Massa, quien prometi\u00f3 que de\u2026","rel":"","context":"En \u00abPol\u00edtica\u00bb","block_context":{"text":"Pol\u00edtica","link":"https:\/\/www.24baires.com\/?cat=51"},"img":{"alt_text":"diego-bossio-anses","src":"https:\/\/i0.wp.com\/www.24baires.com\/wp-content\/uploads\/2014\/07\/diego-bossio-anses.jpg?resize=350%2C200","width":350,"height":200,"srcset":"https:\/\/i0.wp.com\/www.24baires.com\/wp-content\/uploads\/2014\/07\/diego-bossio-anses.jpg?resize=350%2C200 1x, https:\/\/i0.wp.com\/www.24baires.com\/wp-content\/uploads\/2014\/07\/diego-bossio-anses.jpg?resize=525%2C300 1.5x"},"classes":[]}],"jetpack_sharing_enabled":true,"jetpack_likes_enabled":true,"_links":{"self":[{"href":"https:\/\/www.24baires.com\/index.php?rest_route=\/wp\/v2\/posts\/37428","targetHints":{"allow":["GET"]}}],"collection":[{"href":"https:\/\/www.24baires.com\/index.php?rest_route=\/wp\/v2\/posts"}],"about":[{"href":"https:\/\/www.24baires.com\/index.php?rest_route=\/wp\/v2\/types\/post"}],"author":[{"embeddable":true,"href":"https:\/\/www.24baires.com\/index.php?rest_route=\/wp\/v2\/users\/11"}],"replies":[{"embeddable":true,"href":"https:\/\/www.24baires.com\/index.php?rest_route=%2Fwp%2Fv2%2Fcomments&post=37428"}],"version-history":[{"count":1,"href":"https:\/\/www.24baires.com\/index.php?rest_route=\/wp\/v2\/posts\/37428\/revisions"}],"predecessor-version":[{"id":37430,"href":"https:\/\/www.24baires.com\/index.php?rest_route=\/wp\/v2\/posts\/37428\/revisions\/37430"}],"wp:attachment":[{"href":"https:\/\/www.24baires.com\/index.php?rest_route=%2Fwp%2Fv2%2Fmedia&parent=37428"}],"wp:term":[{"taxonomy":"category","embeddable":true,"href":"https:\/\/www.24baires.com\/index.php?rest_route=%2Fwp%2Fv2%2Fcategories&post=37428"},{"taxonomy":"post_tag","embeddable":true,"href":"https:\/\/www.24baires.com\/index.php?rest_route=%2Fwp%2Fv2%2Ftags&post=37428"}],"curies":[{"name":"wp","href":"https:\/\/api.w.org\/{rel}","templated":true}]}}