{"id":3736,"date":"2012-10-29T19:02:21","date_gmt":"2012-10-29T22:02:21","guid":{"rendered":"http:\/\/www.24baires.com\/?p=3736"},"modified":"2012-10-30T10:12:02","modified_gmt":"2012-10-30T13:12:02","slug":"baltasar-garzon-a-la-ley-de-medios-no-le-veo-los-riesgos-que-determinados-sectores-proclaman","status":"publish","type":"post","link":"https:\/\/www.24baires.com\/?p=3736","title":{"rendered":"\u00abA la Ley de Medios no le veo los riesgos que determinados sectores proclaman\u00bb sostuvo Baltasar Garz\u00f3n"},"content":{"rendered":"<p style=\"text-align: center;\"><img data-recalc-dims=\"1\" loading=\"lazy\" decoding=\"async\" class=\"size-full wp-image-3741 aligncenter\" title=\"sabbbatella garz\u00f3n\" src=\"https:\/\/i0.wp.com\/www.24baires.com\/wp-content\/uploads\/2012\/10\/sabbbatella-garz%C3%B3n.jpg?resize=560%2C219\" alt=\"\" width=\"560\" height=\"219\" srcset=\"https:\/\/i0.wp.com\/www.24baires.com\/wp-content\/uploads\/2012\/10\/sabbbatella-garz%C3%B3n.jpg?w=560&amp;ssl=1 560w, https:\/\/i0.wp.com\/www.24baires.com\/wp-content\/uploads\/2012\/10\/sabbbatella-garz%C3%B3n.jpg?resize=300%2C117&amp;ssl=1 300w\" sizes=\"auto, (max-width: 560px) 100vw, 560px\" \/><\/p>\n<p>En la tarde el lunes, el jurista espa\u00f1ol Baltasar Garz\u00f3n visit\u00f3 la sede de la Autoridad Federal de Comunicaci\u00f3n Audiovisual (AFSCA), donde fue recibido por el presidente del organismo, Mart\u00edn Sabbatella. El prestigioso juez estuvo acompa\u00f1ado por el copresidente de la Comisi\u00f3n Provincial por la Memoria y ex fiscal general de Bah\u00eda Blanca, Hugo Ca\u00f1\u00f3n. Ambos letrados expresaron su apoyo a la gesti\u00f3n de Sabbatella y su inter\u00e9s por el cumplimiento integral de la Ley de Servicios de Comunicaci\u00f3n Audiovisual.<!--more--><\/p>\n<p>\u201cSobre la Ley de Medios puedo decir que no veo los riesgos que determinados sectores proclaman de la misma. Esta ley argentina no cercena los derechos de libertad, informaci\u00f3n veraz y de expresi\u00f3n, sino todo lo contrario\u201d, afirm\u00f3 el juez Baltasar Garz\u00f3n al finalizar el encuentro.<\/p>\n<p>\u201cLo que m\u00e1s me sorprende del mapa de medios de la Argentina es la acumulaci\u00f3n de poder de determinados grupos que ocupan una cuota demasiado alta de informaci\u00f3n, convirti\u00e9ndose as\u00ed en un instrumento pol\u00edtico fuera de los cauces del control democr\u00e1tico. Ese es el problema: no es que no haya libertad de expresi\u00f3n sino que se utiliza la informaci\u00f3n con una intencionalidad pol\u00edtica cuasi partidista, pero fuera del esquema de partidos\u201d, explic\u00f3 Garz\u00f3n y agreg\u00f3 que \u201clo que regula esta ley son las cuotas de poder empresarial que se acumulan en el sector. Porque no deben existir situaciones de aut\u00e9ntico monopolio. Y no lo digo ahora, sino que es algo que he dicho desde hace muchos a\u00f1os. Este es un sector que no debe regirse por esa acumulaci\u00f3n de poder porque se convierte no ya en el controlador del poder democr\u00e1tico sino en el que ejerce realmente el poder\u201d.<\/p>\n<p>\u201cEsta ley se ocupa de un derecho fundamental que es el de la informaci\u00f3n y tambi\u00e9n el de expresi\u00f3n. Es un derecho de doble vuelta, tanto para quien emite como para quien recibe, y es la obligaci\u00f3n de un gobierno democr\u00e1ticamente elegido regular el sector de los medios de comunicaci\u00f3n para garantizar la protecci\u00f3n de los ciudadanos\u201d, concluy\u00f3 Garz\u00f3n.<\/p>\n","protected":false},"excerpt":{"rendered":"<p>En la tarde el lunes, el jurista espa\u00f1ol Baltasar Garz\u00f3n visit\u00f3 la sede de la Autoridad Federal de Comunicaci\u00f3n Audiovisual (AFSCA), donde fue recibido por el presidente del organismo, Mart\u00edn Sabbatella. El prestigioso juez estuvo acompa\u00f1ado por el copresidente de la Comisi\u00f3n Provincial por la Memoria y ex fiscal general de Bah\u00eda Blanca, Hugo Ca\u00f1\u00f3n. Ambos letrados expresaron su apoyo [&#8230;]<\/p>\n","protected":false},"author":4,"featured_media":0,"comment_status":"open","ping_status":"open","sticky":false,"template":"","format":"standard","meta":{"_jetpack_newsletter_access":"","_jetpack_dont_email_post_to_subs":false,"_jetpack_newsletter_tier_id":0,"_jetpack_memberships_contains_paywalled_content":false,"_jetpack_memberships_contains_paid_content":false,"footnotes":""},"categories":[54],"tags":[],"class_list":["post-3736","post","type-post","status-publish","format-standard","hentry","category-medios"],"jetpack_featured_media_url":"","jetpack_shortlink":"https:\/\/wp.me\/p2JWE0-Yg","jetpack-related-posts":[{"id":3041,"url":"https:\/\/www.24baires.com\/?p=3041","url_meta":{"origin":3736,"position":0},"title":"Baltasar Garz\u00f3n dar\u00e1 &#8216;c\u00e1tedra&#8217; en Avellaneda la semana pr\u00f3xima","author":"AF","date":"23\/10\/2012","format":false,"excerpt":"El ex magistrado espa\u00f1ol y actual asesor del Tribunal Penal Internacional de La Haya, Dr. Baltasar Garz\u00f3n, disertar\u00e1 en la Universidad Nacional de Avellaneda sobre Derechos Humanos en Argentina: proceso de Memoria, Verdad y Justicia. El encuentro se llevar\u00e1 a cabo el lunes 29 de octubre a las 16 horas,\u2026","rel":"","context":"En \u00abMemoria\u00bb","block_context":{"text":"Memoria","link":"https:\/\/www.24baires.com\/?cat=50"},"img":{"alt_text":"","src":"","width":0,"height":0},"classes":[]},{"id":3564,"url":"https:\/\/www.24baires.com\/?p=3564","url_meta":{"origin":3736,"position":1},"title":"Este lunes Baltasar Garz\u00f3n disertar\u00e1 en la Universidad Nacional de Avellaneda","author":"Grupo Sierra","date":"28\/10\/2012","format":false,"excerpt":"El actual Consultor externo de la Fiscal\u00eda de la Corte Penal Internacional en La Haya brindar\u00e1 una conferencia este lunes 29 de octubre a las 16 horas en la sede universitaria de Espa\u00f1a 350 de Avellaneda. El ex magistrado espa\u00f1ol y actual asesor del Tribunal Penal Internacional de La Haya,\u2026","rel":"","context":"En \u00abPol\u00edtica\u00bb","block_context":{"text":"Pol\u00edtica","link":"https:\/\/www.24baires.com\/?cat=51"},"img":{"alt_text":"","src":"https:\/\/i0.wp.com\/www.24baires.com\/wp-content\/uploads\/2012\/10\/garzon-avellaneda.jpg?resize=350%2C200","width":350,"height":200,"srcset":"https:\/\/i0.wp.com\/www.24baires.com\/wp-content\/uploads\/2012\/10\/garzon-avellaneda.jpg?resize=350%2C200 1x, https:\/\/i0.wp.com\/www.24baires.com\/wp-content\/uploads\/2012\/10\/garzon-avellaneda.jpg?resize=525%2C300 1.5x"},"classes":[]},{"id":33352,"url":"https:\/\/www.24baires.com\/?p=33352","url_meta":{"origin":3736,"position":2},"title":"El 16 de octubre visitar\u00e1 Mar del Plata el juez Baltasar Garz\u00f3n","author":"GB","date":"10\/10\/2013","format":false,"excerpt":"El reconocido juez espa\u00f1ol ser\u00e1 reconocido por el Concejo Deliberante como \u201cVisitante Notable\u201d. Adem\u00e1s brindar\u00e1 una charla para el p\u00fablico en general en el Asilo Unzu\u00e9. La concejal Ver\u00f3nica Beresiarte present\u00f3 meses atr\u00e1s un proyecto para declarar al doctor Baltasar Garz\u00f3n como Visitante Notable en su lucha por imponer el\u2026","rel":"","context":"En \u00abLocales\u00bb","block_context":{"text":"Locales","link":"https:\/\/www.24baires.com\/?cat=38"},"img":{"alt_text":"","src":"","width":0,"height":0},"classes":[]},{"id":71865,"url":"https:\/\/www.24baires.com\/?p=71865","url_meta":{"origin":3736,"position":3},"title":"Buscan que los delitos econ\u00f3micos puedan considerarse de lesa humanidad","author":"AF","date":"09\/09\/2015","format":false,"excerpt":"Ese ser\u00e1 el eje del debate del Congreso sobre los alcances de la Jurisdicci\u00f3n Universal que se realizar\u00e1 hoy y ma\u00f1ana con la presencia de importantes juristas nacionales e internacionales. El ministro de Justicia y Derechos Humanos de la Naci\u00f3n, Julio Alak, estar\u00e1 en la apertura del encuentro. El Congreso\u2026","rel":"","context":"En \u00abJUDICIALES\u00bb","block_context":{"text":"JUDICIALES","link":"https:\/\/www.24baires.com\/?cat=68"},"img":{"alt_text":"juicio lesa humanidad","src":"https:\/\/i0.wp.com\/www.24baires.com\/wp-content\/uploads\/2012\/11\/juicio-lesa-humanidad.jpg?resize=350%2C200","width":350,"height":200,"srcset":"https:\/\/i0.wp.com\/www.24baires.com\/wp-content\/uploads\/2012\/11\/juicio-lesa-humanidad.jpg?resize=350%2C200 1x, https:\/\/i0.wp.com\/www.24baires.com\/wp-content\/uploads\/2012\/11\/juicio-lesa-humanidad.jpg?resize=525%2C300 1.5x"},"classes":[]},{"id":30625,"url":"https:\/\/www.24baires.com\/?p=30625","url_meta":{"origin":3736,"position":4},"title":"\u00abLa justicia como corporaci\u00f3n se transforma en ciega, sorda y muda\u00bb","author":"GB","date":"22\/08\/2013","format":false,"excerpt":"El ex juez espa\u00f1ol Baltasar Garz\u00f3n remarc\u00f3 la necesidad de democratizar la justicia y asegur\u00f3 que \u201clos jueces deben ser elegidos por el pueblo, as\u00ed como elegimos a los presidentes, a los representantes y a los dem\u00e1s gobernantes\u201d. Garz\u00f3n formul\u00f3 declaraciones durante una jornada en memoria del estudiante Miguel Bru,\u2026","rel":"","context":"En \u00abPol\u00edtica\u00bb","block_context":{"text":"Pol\u00edtica","link":"https:\/\/www.24baires.com\/?cat=51"},"img":{"alt_text":"Garz\u00f3n","src":"https:\/\/i0.wp.com\/www.24baires.com\/wp-content\/uploads\/2013\/08\/Garz%C3%B3n-300x199.jpg?resize=350%2C200","width":350,"height":200},"classes":[]},{"id":77016,"url":"https:\/\/www.24baires.com\/?p=77016","url_meta":{"origin":3736,"position":5},"title":"El Gobierno modific\u00f3 la Ley de Medios por DNU","author":"AF","date":"30\/12\/2015","format":false,"excerpt":"\"Hoy se termina la guerra del Estado contra el periodismo\", afirm\u00f3 el Jefe de Gabinete, Marcos Pe\u00f1a en una conferencia de prensa en Casa de Gobierno. El Jefe de Gabinete, Marcos Pe\u00f1a, anunci\u00f3 hoy la modificaci\u00f3n por decreto de las leyes de Servicios de Comunicaci\u00f3n Audiovisual y de Argentina Digital,\u2026","rel":"","context":"En \u00abMedios\u00bb","block_context":{"text":"Medios","link":"https:\/\/www.24baires.com\/?cat=54"},"img":{"alt_text":"pe\u00f1a","src":"https:\/\/i0.wp.com\/www.24baires.com\/wp-content\/uploads\/2015\/11\/pe%C3%B1a.jpg?resize=350%2C200","width":350,"height":200,"srcset":"https:\/\/i0.wp.com\/www.24baires.com\/wp-content\/uploads\/2015\/11\/pe%C3%B1a.jpg?resize=350%2C200 1x, https:\/\/i0.wp.com\/www.24baires.com\/wp-content\/uploads\/2015\/11\/pe%C3%B1a.jpg?resize=525%2C300 1.5x"},"classes":[]}],"jetpack_sharing_enabled":true,"jetpack_likes_enabled":true,"_links":{"self":[{"href":"https:\/\/www.24baires.com\/index.php?rest_route=\/wp\/v2\/posts\/3736","targetHints":{"allow":["GET"]}}],"collection":[{"href":"https:\/\/www.24baires.com\/index.php?rest_route=\/wp\/v2\/posts"}],"about":[{"href":"https:\/\/www.24baires.com\/index.php?rest_route=\/wp\/v2\/types\/post"}],"author":[{"embeddable":true,"href":"https:\/\/www.24baires.com\/index.php?rest_route=\/wp\/v2\/users\/4"}],"replies":[{"embeddable":true,"href":"https:\/\/www.24baires.com\/index.php?rest_route=%2Fwp%2Fv2%2Fcomments&post=3736"}],"version-history":[{"count":4,"href":"https:\/\/www.24baires.com\/index.php?rest_route=\/wp\/v2\/posts\/3736\/revisions"}],"predecessor-version":[{"id":3788,"href":"https:\/\/www.24baires.com\/index.php?rest_route=\/wp\/v2\/posts\/3736\/revisions\/3788"}],"wp:attachment":[{"href":"https:\/\/www.24baires.com\/index.php?rest_route=%2Fwp%2Fv2%2Fmedia&parent=3736"}],"wp:term":[{"taxonomy":"category","embeddable":true,"href":"https:\/\/www.24baires.com\/index.php?rest_route=%2Fwp%2Fv2%2Fcategories&post=3736"},{"taxonomy":"post_tag","embeddable":true,"href":"https:\/\/www.24baires.com\/index.php?rest_route=%2Fwp%2Fv2%2Ftags&post=3736"}],"curies":[{"name":"wp","href":"https:\/\/api.w.org\/{rel}","templated":true}]}}