{"id":3732,"date":"2012-10-29T18:48:27","date_gmt":"2012-10-29T21:48:27","guid":{"rendered":"http:\/\/www.24baires.com\/?p=3732"},"modified":"2012-10-29T18:48:27","modified_gmt":"2012-10-29T21:48:27","slug":"estatales-bonaerenses-vuelven-a-parar-para-repudiar-el-ajuste-de-scioli","status":"publish","type":"post","link":"https:\/\/www.24baires.com\/?p=3732","title":{"rendered":"Estatales bonaerenses vuelven a parar \u00abpara repudiar el ajuste de Scioli\u00bb"},"content":{"rendered":"<p id=\"copete\"><img data-recalc-dims=\"1\" loading=\"lazy\" decoding=\"async\" class=\"alignleft size-medium wp-image-3733\" title=\"de isasi\" src=\"https:\/\/i0.wp.com\/www.24baires.com\/wp-content\/uploads\/2012\/10\/de-isasi.png?resize=300%2C198\" alt=\"\" width=\"300\" height=\"198\" srcset=\"https:\/\/i0.wp.com\/www.24baires.com\/wp-content\/uploads\/2012\/10\/de-isasi.png?resize=300%2C198&amp;ssl=1 300w, https:\/\/i0.wp.com\/www.24baires.com\/wp-content\/uploads\/2012\/10\/de-isasi.png?w=327&amp;ssl=1 327w\" sizes=\"auto, (max-width: 300px) 100vw, 300px\" \/>La CTA bonaerense, alineada a nivel nacional con Pablo Micheli, realizar\u00e1 un paro el mi\u00e9rcoles y jueves pr\u00f3ximos y una movilizaci\u00f3n a la Legislatura en repudio del proyecto de Presupuesto 2013 y la Ley Fiscal enviados por el Ejecutivo. Parar\u00e1n los trabajadores de la administraci\u00f3n central, de la Direcci\u00f3n General de Cultura y Educaci\u00f3n, de la caja jubilatoria provincial (IPS) y de la mutual IOMA.<!--more--><\/p>\n<div>\u00a0La Central de Trabajadores Argentinos (CTA) bonaerense, alineada a nivel nacional con Pablo Micheli, realizar\u00e1 un paro el mi\u00e9rcoles y jueves pr\u00f3ximos y una movilizaci\u00f3n a la Legislatura en repudio del proyecto de Presupuesto 2013 y la Ley Fiscal enviados por el Ejecutivo.<\/div>\n<p>El secretario general de la Asociaci\u00f3n de Trabajadores del Estado (ATE) bonaerense, Oscar de Isasi, anunci\u00f3 que esta semana parar\u00e1n los trabajadores de la administraci\u00f3n central, de la Direcci\u00f3n General de Cultura y Educaci\u00f3n, de la caja jubilatoria provincial (IPS) y de la mutual IOMA. El dirigente se quej\u00f3 porque \u00abel gobernador (Daniel) Scioli no recibi\u00f3 el dato pol\u00edtico del aguinaldo y decidi\u00f3 profundizar el ajuste, por lo que nosotros decidimos profundizar el plan de acci\u00f3n\u00bb.<\/p>\n<p>La jornada de lucha incluye, adem\u00e1s del paro de 48 horas, una movilizaci\u00f3n el mi\u00e9rcoles a la Legislatura provincial \u00abpara repudiar el ajuste del gobernador Daniel Scioli\u00bb en el presupuesto 2013, a la que se sumar\u00e1n los trabajadores judiciales, m\u00e9dicos de la Cicop, los maestros enrolados en UDocBA y los auxiliares de la educaci\u00f3n de SOEME.<\/p>\n<p>La medida se dispuso \u00abpor la falta de respuesta a nuestros planteos, en lo referente al presupuesto provincial y la sanci\u00f3n de esta ley con fuertes ajustes para el sector laboral\u00bb, explic\u00f3 el dirigente nacional de la CTA, Julio Ortellado.<\/p>\n<p>De Isasi asegur\u00f3 que el proyecto de presupuesto para el a\u00f1o que viene \u00abcontempla 6 mil nombramientos de cargos menos que el del a\u00f1o anterior en planta permanente\u00bb decisi\u00f3n que dijo \u00abes un nuevo paso en precarizaci\u00f3n laboral\u00bb.<\/p>\n","protected":false},"excerpt":{"rendered":"<p>La CTA bonaerense, alineada a nivel nacional con Pablo Micheli, realizar\u00e1 un paro el mi\u00e9rcoles y jueves pr\u00f3ximos y una movilizaci\u00f3n a la Legislatura en repudio del proyecto de Presupuesto 2013 y la Ley Fiscal enviados por el Ejecutivo. Parar\u00e1n los trabajadores de la administraci\u00f3n central, de la Direcci\u00f3n General de Cultura y Educaci\u00f3n, de la caja jubilatoria provincial (IPS) [&#8230;]<\/p>\n","protected":false},"author":4,"featured_media":0,"comment_status":"open","ping_status":"open","sticky":false,"template":"","format":"standard","meta":{"_jetpack_newsletter_access":"","_jetpack_dont_email_post_to_subs":false,"_jetpack_newsletter_tier_id":0,"_jetpack_memberships_contains_paywalled_content":false,"_jetpack_memberships_contains_paid_content":false,"footnotes":""},"categories":[1],"tags":[],"class_list":["post-3732","post","type-post","status-publish","format-standard","hentry","category-sociedad"],"jetpack_featured_media_url":"","jetpack_shortlink":"https:\/\/wp.me\/p2JWE0-Yc","jetpack-related-posts":[{"id":3793,"url":"https:\/\/www.24baires.com\/?p=3793","url_meta":{"origin":3732,"position":0},"title":"M\u00e9dicos y Judiciales se suman al paro \u00abcontra el ajuste en la Provincia\u00bb","author":"Grupo Sierra","date":"30\/10\/2012","format":false,"excerpt":"M\u00e9dicos de los hospitales p\u00fablicos nucleados en la Cicop, y miembros de la Asociaci\u00f3n Judicial Bonaerense (AJB) adhieren a la jornada de lucha impulsada por los gremios que integran la CTA opositora. Hoy a las 11, desde ATE dar\u00e1n una conferencia de prensa para dar detalles de la manifestaci\u00f3n a\u2026","rel":"","context":"En \u00abProvincia\u00bb","block_context":{"text":"Provincia","link":"https:\/\/www.24baires.com\/?cat=40"},"img":{"alt_text":"","src":"","width":0,"height":0},"classes":[]},{"id":106536,"url":"https:\/\/www.24baires.com\/?p=106536","url_meta":{"origin":3732,"position":1},"title":"Mar del Plata march\u00f3 contra el tarifazo","author":"AF","date":"24\/01\/2019","format":false,"excerpt":"Las dos CTA, el Frente Sindical para el Modelo Nacional, la Multisectorial 21F y organizaciones de consumidores realizaron la edici\u00f3n balnearia de la movilizaci\u00f3n contra la suba de los servicios. Detr\u00e1s de una bandera con la consigna \"No a los tarifazos\" avanz\u00f3 por el centro de Mar del Plata la\u2026","rel":"","context":"En \u00abSociedad\u00bb","block_context":{"text":"Sociedad","link":"https:\/\/www.24baires.com\/?cat=1"},"img":{"alt_text":"","src":"https:\/\/i0.wp.com\/www.24baires.com\/wp-content\/uploads\/2019\/01\/tarifazo-mar-del-plata.jpg?resize=350%2C200","width":350,"height":200,"srcset":"https:\/\/i0.wp.com\/www.24baires.com\/wp-content\/uploads\/2019\/01\/tarifazo-mar-del-plata.jpg?resize=350%2C200 1x, https:\/\/i0.wp.com\/www.24baires.com\/wp-content\/uploads\/2019\/01\/tarifazo-mar-del-plata.jpg?resize=525%2C300 1.5x"},"classes":[]},{"id":55074,"url":"https:\/\/www.24baires.com\/?p=55074","url_meta":{"origin":3732,"position":2},"title":"Estatales y m\u00e9dicos de Cicop contin\u00faan con el paro","author":"AF","date":"09\/10\/2014","format":false,"excerpt":"Los estatales de ATE y los m\u00e9dicos de Cicop volvieron a parar este mi\u00e9rcoles en oficinas de la administraci\u00f3n p\u00fablica y hospitales provinciales mientras ya tienen definida una nueva medida de fuerza para el jueves 23. Los gremios, nucleados en la CTA opositora que lidera Pablo Micheli, llevaron a cabo\u2026","rel":"","context":"En \u00abSociedad\u00bb","block_context":{"text":"Sociedad","link":"https:\/\/www.24baires.com\/?cat=1"},"img":{"alt_text":"cicop","src":"https:\/\/i0.wp.com\/www.24baires.com\/wp-content\/uploads\/2013\/05\/cicop1.jpg?resize=350%2C200","width":350,"height":200,"srcset":"https:\/\/i0.wp.com\/www.24baires.com\/wp-content\/uploads\/2013\/05\/cicop1.jpg?resize=350%2C200 1x, https:\/\/i0.wp.com\/www.24baires.com\/wp-content\/uploads\/2013\/05\/cicop1.jpg?resize=525%2C300 1.5x"},"classes":[]},{"id":105078,"url":"https:\/\/www.24baires.com\/?p=105078","url_meta":{"origin":3732,"position":3},"title":"Comenz\u00f3 una jornada de paros en la Provincia en rechazo al Presupuesto","author":"GB","date":"24\/10\/2018","format":false,"excerpt":"Mientras el gobierno nacional espera aprobar el proyecto en la C\u00e1mara de Diputados, gremios y organizaciones sociales marchar\u00e1n en repudio a la iniciativa. En territorio bonaerense, los gremios tambi\u00e9n se hicieron eco de la medida. Comenz\u00f3 una jornada clave para el gobierno nacional que ir\u00e1 en busca de la aprobaci\u00f3n\u2026","rel":"","context":"En \u00abProvincia\u00bb","block_context":{"text":"Provincia","link":"https:\/\/www.24baires.com\/?cat=40"},"img":{"alt_text":"","src":"https:\/\/i0.wp.com\/www.24baires.com\/wp-content\/uploads\/2015\/04\/marcha-docentes.jpg?resize=350%2C200","width":350,"height":200,"srcset":"https:\/\/i0.wp.com\/www.24baires.com\/wp-content\/uploads\/2015\/04\/marcha-docentes.jpg?resize=350%2C200 1x, https:\/\/i0.wp.com\/www.24baires.com\/wp-content\/uploads\/2015\/04\/marcha-docentes.jpg?resize=525%2C300 1.5x"},"classes":[]},{"id":83364,"url":"https:\/\/www.24baires.com\/?p=83364","url_meta":{"origin":3732,"position":4},"title":"Yasky y Micheli ratificar\u00e1n el paro del pr\u00f3ximo jueves","author":"AF","date":"01\/06\/2016","format":false,"excerpt":"Ser\u00e1 a trav\u00e9s de una conferencia de prensa con los secretarios generales de la CTA de los Trabajadores y la CTA Aut\u00f3noma, donde ampliar\u00e1n detalles de la movilizaci\u00f3n y el acto en la Plaza de Mayo. Los secretarios generales de la CTA de los Trabajadores y CTA Aut\u00f3noma Hugo Yasky\u2026","rel":"","context":"En \u00abSociedad\u00bb","block_context":{"text":"Sociedad","link":"https:\/\/www.24baires.com\/?cat=1"},"img":{"alt_text":"yasky micheli","src":"https:\/\/i0.wp.com\/www.24baires.com\/wp-content\/uploads\/2014\/10\/yasky-micheli.jpg?resize=350%2C200","width":350,"height":200,"srcset":"https:\/\/i0.wp.com\/www.24baires.com\/wp-content\/uploads\/2014\/10\/yasky-micheli.jpg?resize=350%2C200 1x, https:\/\/i0.wp.com\/www.24baires.com\/wp-content\/uploads\/2014\/10\/yasky-micheli.jpg?resize=525%2C300 1.5x"},"classes":[]},{"id":4007,"url":"https:\/\/www.24baires.com\/?p=4007","url_meta":{"origin":3732,"position":5},"title":"\u201cHoy le declaramos la guerra al ajuste en la Provincia de Buenos Aires\u201d","author":"Grupo Sierra","date":"31\/10\/2012","format":false,"excerpt":"ATE y otros gremios nucleados en la CTA opositora se movilizaron en el marco de un paro de 48 horas para rechazar el Presupuesto 2013 que ser\u00e1 votado ma\u00f1ana en la C\u00e1mara de Diputados bonaerense. Contin\u00faan la protesta con una vigilia en los jardines de la Legislatura. Los estatales realizaron\u2026","rel":"","context":"En \u00abProvincia\u00bb","block_context":{"text":"Provincia","link":"https:\/\/www.24baires.com\/?cat=40"},"img":{"alt_text":"","src":"","width":0,"height":0},"classes":[]}],"jetpack_sharing_enabled":true,"jetpack_likes_enabled":true,"_links":{"self":[{"href":"https:\/\/www.24baires.com\/index.php?rest_route=\/wp\/v2\/posts\/3732","targetHints":{"allow":["GET"]}}],"collection":[{"href":"https:\/\/www.24baires.com\/index.php?rest_route=\/wp\/v2\/posts"}],"about":[{"href":"https:\/\/www.24baires.com\/index.php?rest_route=\/wp\/v2\/types\/post"}],"author":[{"embeddable":true,"href":"https:\/\/www.24baires.com\/index.php?rest_route=\/wp\/v2\/users\/4"}],"replies":[{"embeddable":true,"href":"https:\/\/www.24baires.com\/index.php?rest_route=%2Fwp%2Fv2%2Fcomments&post=3732"}],"version-history":[{"count":2,"href":"https:\/\/www.24baires.com\/index.php?rest_route=\/wp\/v2\/posts\/3732\/revisions"}],"predecessor-version":[{"id":3735,"href":"https:\/\/www.24baires.com\/index.php?rest_route=\/wp\/v2\/posts\/3732\/revisions\/3735"}],"wp:attachment":[{"href":"https:\/\/www.24baires.com\/index.php?rest_route=%2Fwp%2Fv2%2Fmedia&parent=3732"}],"wp:term":[{"taxonomy":"category","embeddable":true,"href":"https:\/\/www.24baires.com\/index.php?rest_route=%2Fwp%2Fv2%2Fcategories&post=3732"},{"taxonomy":"post_tag","embeddable":true,"href":"https:\/\/www.24baires.com\/index.php?rest_route=%2Fwp%2Fv2%2Ftags&post=3732"}],"curies":[{"name":"wp","href":"https:\/\/api.w.org\/{rel}","templated":true}]}}