{"id":37302,"date":"2013-12-22T21:27:41","date_gmt":"2013-12-23T00:27:41","guid":{"rendered":"http:\/\/www.24baires.com\/?p=37302"},"modified":"2013-12-22T21:27:41","modified_gmt":"2013-12-23T00:27:41","slug":"cuando-quieren-moverle-el-piso-al-estado-el-suelo-tiembla-para-todos","status":"publish","type":"post","link":"https:\/\/www.24baires.com\/?p=37302","title":{"rendered":"Cuando quieren moverle el piso al Estado, el suelo tiembla para todos"},"content":{"rendered":"<p><img data-recalc-dims=\"1\" loading=\"lazy\" decoding=\"async\" class=\"aligncenter size-full wp-image-36742\" alt=\"saqueos\" src=\"https:\/\/i0.wp.com\/www.24baires.com\/wp-content\/uploads\/2013\/12\/saqueos1.jpg?resize=560%2C372\" width=\"560\" height=\"372\" srcset=\"https:\/\/i0.wp.com\/www.24baires.com\/wp-content\/uploads\/2013\/12\/saqueos1.jpg?w=560&amp;ssl=1 560w, https:\/\/i0.wp.com\/www.24baires.com\/wp-content\/uploads\/2013\/12\/saqueos1.jpg?resize=300%2C199&amp;ssl=1 300w\" sizes=\"auto, (max-width: 560px) 100vw, 560px\" \/><\/p>\n<p>Mientras pensaba que escribir hoy y buceaba en la informaci\u00f3n, -\u00e9sa que a veces escasea, \u00e9sa que a veces ahoga-, me ven\u00eda a la mente lo que muchos argentinos y argentinas han utilizado como muletilla en los \u00faltimos tiempos para justificar un sinf\u00edn de conductas que oscilan desde el absurdo hasta algunas aberraciones m\u00edticas. Eso de decir que \u201chay dos argentinas\u201d y acto seguido te tiran un \u201csi yo los mando al pared\u00f3n, no queda un ladrillo sin marcar\u201d, lo he escuchado. O, tambi\u00e9n, los que afirman que \u201cel pa\u00eds est\u00e1 dividido\u201d y por esto se apuran en justificar al gobierno en todo, hasta en lo innecesario, por ejemplo.<!--more--><\/p>\n<p>Particularmente no creo en eso, as\u00ed, al menos. Creo en que hay que tomar posiciones, que hay que saber de que lado se est\u00e1 en determinados temas. Es una cuesti\u00f3n de responsabilidades. Dir\u00eda de \u201cresponsabilidad ciudadana\u201d, pero suena muy Carri\u00f3. Pero los absolutos suelen marginarnos, nada ni nadie es tan bueno o tan malo como parece. O como quieren hac\u00e9rtelo parecer, claro.<\/p>\n<p>Y pensando en esas cantinelas tan de moda, record\u00e9 (y no por vez primera) una canci\u00f3n de Fito P\u00e1ez, Al lado del camino. Algunos pasajes de ese tema se prestan de buena gana: \u201cEn tiempos donde nadie escucha a nadie\/ En tiempos donde todos contra todos\/ En tiempos de ego\u00edstas y mezquinos\u201d. La letra contin\u00faa con \u201cen tiempos donde siempre estamos solos\u201d, pero eso no me parece apropiado ni real, porque no lo estamos. Esto fue escrito en otra \u00e9poca, para otra \u00e9poca. Pero ahora tambi\u00e9n se nos dificulta escucharnos, prestarnos atenci\u00f3n, ni qu\u00e9 decir entendernos.<\/p>\n<p>Es como cuando dijeron aquella mentira de \u201cEl gobierno dice que se puede comer con $6\u201d y quisimos explicar que no, que era un invento, que el Gobierno jam\u00e1s dijo eso, sino que afirm\u00f3 que quien no tenga $6 diarios para comer es indigente y eso no en absoluto lo mismo. Y no escucharon y lo siguieron repitiendo, aun hoy se escucha esa infamia.<\/p>\n<p>No estamos todos contra todos, no es as\u00ed, afortunadamente. Pero si hay quienes eso quieren y buscan. A quienes les beneficia el caos, la violencia, el desconcierto, el miedo y hacen todo lo posible por generarla y promoverla y cuando logran tener \u00e9xito y prenden la llama de la discordia, la cuidan como el excursionista perdido protege el peque\u00f1o fuego que logr\u00f3 conseguir y que le permitir\u00e1 cocinar lo cazado.<\/p>\n<p>Ego\u00edstas y mezquinos hubo siempre. Pasa que ahora los reconocemos mejor porque ya no pueden esconder sus motivos e intereses, sobre todo cuando salen en la tele, o cuando firman notas en los diarios o cuando hacen programas de radio cargados de odios y falacias.<\/p>\n<p>Fito sigue y dice: \u201cHabr\u00e1 que declararse incompetente\/ En todas las materias del mercado\/ Habr\u00e1 que declararse un inocente\/ O habr\u00e1 que ser abyecto y desalmado\u201d. Que los incompetentes den un paso al costado, que los que no quieren involucrarse no opinen. Inocentes no hay, vivimos en una sociedad y como tal, hay que compartir los aciertos y los errores, claro, en mayor y menor medida, unos y otros de acuerdo a los niveles de responsabilidad que en ning\u00fan caso han de llegar a cero.<\/p>\n<p>Abyectos y desalmados tambi\u00e9n hubo siempre. Pero tambi\u00e9n hay solidarios y luchadores por causas propias y ajenas. Tambi\u00e9n hay quienes se ponen en los zapatos del otro, sobre todo cuando esos zapatos est\u00e1n rotos y gastados. Es por eso que yo no creo en dos Argentinas, no creo que el pa\u00eds est\u00e9 dividido, creo en los argentinos y argentinas que se levantan todos los d\u00edas para estudiar, trabajar o buscar trabajo, pensando como estar un poco mejor sin da\u00f1ar a nadie y no pensando en qu\u00e9 invento instalar hoy para beneficiarse. Creo e los que apuestan al futuro, con la memoria siempre fresca, poni\u00e9ndole toda la garra que pueden al presente. Es simple, es cursi, si se quiere, pero no despreciemos las cosas simples por eso. Y esos hombres y mujeres son mayor\u00eda, ampl\u00edsima, estoy segura.<\/p>\n<p>Lo cierto es que no iba a escribir sobre esto, pero as\u00ed sali\u00f3. Es que hemos pasado d\u00edas complejos, donde han querido sembrar caos y miedo para cosechar desestabilizaci\u00f3n, y cuando quieren moverle el piso al Estado, sepamos que estamos todos y todas paradas en el mismo suelo que tiembla. Entonces, como tambi\u00e9n dice el gran Fito, hablando de posibles enemigos a los \u201cQue todo lo que brilla en este mundo\/ Tan solo les da caspa y les da envidia\u201d, pasemos de ellos, pasemos de los que est\u00e1n pico en mano intentando cavar una grieta que nos separe. Asumamos la responsabilidad de vivir juntos y pensar distinto. Y eso no quiere decir que hay que mudarse a una u otra Argentina, sino aceptar la realidad: hay s\u00f3lo una, y es de todos, seamos como seamos. Y si hay que dividir, que sea un pan dulce, en porciones generosas.<\/p>\n","protected":false},"excerpt":{"rendered":"<p>Mientras pensaba que escribir hoy y buceaba en la informaci\u00f3n, -\u00e9sa que a veces escasea, \u00e9sa que a veces ahoga-, me ven\u00eda a la mente lo que muchos argentinos y argentinas han utilizado como muletilla en los \u00faltimos tiempos para justificar un sinf\u00edn de conductas que oscilan desde el absurdo hasta algunas aberraciones m\u00edticas. Eso de decir que \u201chay dos [&#8230;]<\/p>\n","protected":false},"author":11,"featured_media":0,"comment_status":"open","ping_status":"open","sticky":false,"template":"","format":"standard","meta":{"_jetpack_newsletter_access":"","_jetpack_dont_email_post_to_subs":false,"_jetpack_newsletter_tier_id":0,"_jetpack_memberships_contains_paywalled_content":false,"_jetpack_memberships_contains_paid_content":false,"footnotes":""},"categories":[64],"tags":[],"class_list":["post-37302","post","type-post","status-publish","format-standard","hentry","category-opinion"],"jetpack_featured_media_url":"","jetpack_shortlink":"https:\/\/wp.me\/p2JWE0-9HE","jetpack-related-posts":[{"id":117501,"url":"https:\/\/www.24baires.com\/?p=117501","url_meta":{"origin":37302,"position":0},"title":"AstraZeneca admiti\u00f3 el \u00abretraso\u00bb en la entrega","author":"AF","date":"29\/04\/2021","format":false,"excerpt":"Desde la empresa farmac\u00e9utica justificaron los retrasos al se\u00f1alar que hubo \u201crendimientos del proceso inferiores a lo anticipado para los lotes iniciales y acceso limitado a insumos cr\u00edticos\u201d. La empresa farmac\u00e9utica AstraZeneca admiti\u00f3 el incumplimiento con Argentina en la entrega de vacunas contra el coronavirus debido a un \"retraso\" en\u2026","rel":"","context":"En \u00abSociedad\u00bb","block_context":{"text":"Sociedad","link":"https:\/\/www.24baires.com\/?cat=1"},"img":{"alt_text":"","src":"https:\/\/i0.wp.com\/www.24baires.com\/wp-content\/uploads\/2021\/04\/607c64fc04749.04.2021-565_1004x565.jpg?resize=350%2C200","width":350,"height":200,"srcset":"https:\/\/i0.wp.com\/www.24baires.com\/wp-content\/uploads\/2021\/04\/607c64fc04749.04.2021-565_1004x565.jpg?resize=350%2C200 1x, https:\/\/i0.wp.com\/www.24baires.com\/wp-content\/uploads\/2021\/04\/607c64fc04749.04.2021-565_1004x565.jpg?resize=525%2C300 1.5x"},"classes":[]},{"id":111936,"url":"https:\/\/www.24baires.com\/?p=111936","url_meta":{"origin":37302,"position":1},"title":"Macri defendi\u00f3 el default y el cepo, pero asegur\u00f3: \u00abNo nos gustan\u00bb","author":"AF","date":"04\/09\/2019","format":false,"excerpt":"El Presidente habl\u00f3 en la conferencia de AEA y plante\u00f3 que las recientes medidas de su Gobierno \"se justifican en la emergencia y son por tiempo limitado\u201d. Dijo que \u201cfueron dise\u00f1adas para ser lo menos invasivas posibles\u201d. El Presidente habl\u00f3 en la conferencia de AEA y plante\u00f3 que las recientes\u2026","rel":"","context":"En \u00abPol\u00edtica\u00bb","block_context":{"text":"Pol\u00edtica","link":"https:\/\/www.24baires.com\/?cat=51"},"img":{"alt_text":"","src":"https:\/\/i0.wp.com\/www.24baires.com\/wp-content\/uploads\/2019\/08\/macri.jpg?resize=350%2C200","width":350,"height":200,"srcset":"https:\/\/i0.wp.com\/www.24baires.com\/wp-content\/uploads\/2019\/08\/macri.jpg?resize=350%2C200 1x, https:\/\/i0.wp.com\/www.24baires.com\/wp-content\/uploads\/2019\/08\/macri.jpg?resize=525%2C300 1.5x"},"classes":[]},{"id":72919,"url":"https:\/\/www.24baires.com\/?p=72919","url_meta":{"origin":37302,"position":2},"title":"Hasta el 8 de octubre se puede justificar por qu\u00e9 no se vot\u00f3 en las PASO","author":"GB","date":"30\/09\/2015","format":false,"excerpt":"Los electores que no votaron en las primarias del 9 de agosto tienen tiempo hasta el 8 de octubre para justificar por qu\u00e9 no emitieron su voto, sino son considerados infractores y deber\u00e1n pagar una multa en caso de no poder explicar no haber votado, aunque esto no impide que\u2026","rel":"","context":"En \u00abElecciones 2015\u00bb","block_context":{"text":"Elecciones 2015","link":"https:\/\/www.24baires.com\/?cat=74"},"img":{"alt_text":"","src":"","width":0,"height":0},"classes":[]},{"id":73287,"url":"https:\/\/www.24baires.com\/?p=73287","url_meta":{"origin":37302,"position":3},"title":"Vence el plazo para justificar la no emisi\u00f3n del voto","author":"AF","date":"07\/10\/2015","format":false,"excerpt":"La C\u00e1mara Nacional Electoral inform\u00f3 este mi\u00e9rcoles que a partir de ma\u00f1ana vence el plazo para justificar la no emisi\u00f3n del voto del 9 de agosto de 2015. En la Ciudad de Buenos Aires, la justificaci\u00f3n se puede hacer personalmente en Leandro N. Alem 232, en el horario de 8\u2026","rel":"","context":"En \u00abElecciones 2015\u00bb","block_context":{"text":"Elecciones 2015","link":"https:\/\/www.24baires.com\/?cat=74"},"img":{"alt_text":"urna3","src":"https:\/\/i0.wp.com\/www.24baires.com\/wp-content\/uploads\/2013\/08\/urna3.jpg?resize=350%2C200","width":350,"height":200,"srcset":"https:\/\/i0.wp.com\/www.24baires.com\/wp-content\/uploads\/2013\/08\/urna3.jpg?resize=350%2C200 1x, https:\/\/i0.wp.com\/www.24baires.com\/wp-content\/uploads\/2013\/08\/urna3.jpg?resize=525%2C300 1.5x"},"classes":[]},{"id":112365,"url":"https:\/\/www.24baires.com\/?p=112365","url_meta":{"origin":37302,"position":4},"title":"Denuncian a Tagliaferro por entregar comida y colchones a cambio de votos","author":"GB","date":"04\/10\/2019","format":false,"excerpt":"Aseguran que utiliz\u00f3 recursos del municipio para desarrollar su campa\u00f1a. La Fiscal\u00eda de Instrucci\u00f3n en los Criminal y Correccional 6 del Poder Judicial de Mor\u00f3n imput\u00f3 al intendente de Mor\u00f3n, Ramiro Tagliaferro, por \u201cabuso de poder e incumplimiento de los deberes de funcionario p\u00fablico\u201d. La resoluci\u00f3n lleg\u00f3 tras la denuncia\u2026","rel":"","context":"En \u00abMunicipios\u00bb","block_context":{"text":"Municipios","link":"https:\/\/www.24baires.com\/?cat=44"},"img":{"alt_text":"","src":"https:\/\/i0.wp.com\/www.24baires.com\/wp-content\/uploads\/2019\/10\/tagliaferro-300x200.jpg?resize=350%2C200","width":350,"height":200},"classes":[]},{"id":112487,"url":"https:\/\/www.24baires.com\/?p=112487","url_meta":{"origin":37302,"position":5},"title":"\u00abLos piedras son ellos\u00bb: la frase con la que cerr\u00f3 el debate Alberto Fern\u00e1ndez","author":"GB","date":"14\/10\/2019","format":false,"excerpt":"El candidato a presidente por el Frente de Todos ubic\u00f3 al gobierno de Mauricio Macri dentro de los neoliberales que concluyeron con importantes crisis econ\u00f3micas y culpan a supuestos ciclos. \u201cQu\u00e9 raro lo que dice el Presidente. 2.000 puntos de riesgo pa\u00eds y hemos vuelto al mundo. Nos endeudaron otra\u2026","rel":"","context":"En \u00abPol\u00edtica\u00bb","block_context":{"text":"Pol\u00edtica","link":"https:\/\/www.24baires.com\/?cat=51"},"img":{"alt_text":"","src":"https:\/\/i0.wp.com\/www.24baires.com\/wp-content\/uploads\/2019\/10\/Alberto-debate.jpg?resize=350%2C200","width":350,"height":200,"srcset":"https:\/\/i0.wp.com\/www.24baires.com\/wp-content\/uploads\/2019\/10\/Alberto-debate.jpg?resize=350%2C200 1x, https:\/\/i0.wp.com\/www.24baires.com\/wp-content\/uploads\/2019\/10\/Alberto-debate.jpg?resize=525%2C300 1.5x"},"classes":[]}],"jetpack_sharing_enabled":true,"jetpack_likes_enabled":true,"_links":{"self":[{"href":"https:\/\/www.24baires.com\/index.php?rest_route=\/wp\/v2\/posts\/37302","targetHints":{"allow":["GET"]}}],"collection":[{"href":"https:\/\/www.24baires.com\/index.php?rest_route=\/wp\/v2\/posts"}],"about":[{"href":"https:\/\/www.24baires.com\/index.php?rest_route=\/wp\/v2\/types\/post"}],"author":[{"embeddable":true,"href":"https:\/\/www.24baires.com\/index.php?rest_route=\/wp\/v2\/users\/11"}],"replies":[{"embeddable":true,"href":"https:\/\/www.24baires.com\/index.php?rest_route=%2Fwp%2Fv2%2Fcomments&post=37302"}],"version-history":[{"count":1,"href":"https:\/\/www.24baires.com\/index.php?rest_route=\/wp\/v2\/posts\/37302\/revisions"}],"predecessor-version":[{"id":37303,"href":"https:\/\/www.24baires.com\/index.php?rest_route=\/wp\/v2\/posts\/37302\/revisions\/37303"}],"wp:attachment":[{"href":"https:\/\/www.24baires.com\/index.php?rest_route=%2Fwp%2Fv2%2Fmedia&parent=37302"}],"wp:term":[{"taxonomy":"category","embeddable":true,"href":"https:\/\/www.24baires.com\/index.php?rest_route=%2Fwp%2Fv2%2Fcategories&post=37302"},{"taxonomy":"post_tag","embeddable":true,"href":"https:\/\/www.24baires.com\/index.php?rest_route=%2Fwp%2Fv2%2Ftags&post=37302"}],"curies":[{"name":"wp","href":"https:\/\/api.w.org\/{rel}","templated":true}]}}