{"id":3722,"date":"2012-10-29T17:48:47","date_gmt":"2012-10-29T20:48:47","guid":{"rendered":"http:\/\/www.24baires.com\/?p=3722"},"modified":"2012-10-29T17:48:47","modified_gmt":"2012-10-29T20:48:47","slug":"la-asignacion-universal-por-hijo-ya-cubre-a-35-millones-de-pibes","status":"publish","type":"post","link":"https:\/\/www.24baires.com\/?p=3722","title":{"rendered":"La Asignaci\u00f3n Universal por Hijo ya cubre a 3,5 millones de pibes"},"content":{"rendered":"<p>A tres a\u00f1os de la puesta en marcha de la Asignaci\u00f3n Universal por Hijo para Protecci\u00f3n Social (AUH), la medida protege a m\u00e1s de 3,5 millones de chicos y adolescentes y alcanza a 1,8 millones de hogares en todo el pa\u00eds, que no ten\u00edan ninguna cobertura social.<!--more--><br \/>\n\u00abLa Asignaci\u00f3n Universal permiti\u00f3 alcanzar un hist\u00f3rico piso de protecci\u00f3n social en nuestro pa\u00eds y se convirti\u00f3 en la medida m\u00e1s inclusiva de los \u00faltimos 50 a\u00f1os\u00bb, sostuvo en un comunicado de prensa el titular de la ANSES, Diego Bossio.<\/p>\n<p>La presidenta Cristina Fern\u00e1ndez de Kirchner lanzaba el 28 de octubre de 2009 la implementaci\u00f3n de la Asignaci\u00f3n Universal por Hijo (AUH), cuyo \u00faltimo aumento fue el mes pasado y ascendi\u00f3 al 25,9 por ciento.<\/p>\n<p>Cuando la jefa de Estado anunci\u00f3 el 12 de septiembre pasado el aumento de 270 a 340 pesos en la asignaci\u00f3n universal por hijo, dijo que \u00absi el Estado hace un esfuerzo en momentos de crisis global, de ca\u00edda de actividad econ\u00f3mica, lo hace precisamente para sostener a los sectores de mayor vulnerabilidad\u00bb.<\/p>\n<p>\u00abPara que tengan idea del esfuerzo, esto significa casi 2 puntos del PBI, hablando \u00fanicamente de Asignaci\u00f3n Universal por Hijo, del r\u00e9gimen de asignaciones familiares por embarazo y de las no contributivas por discapacidad, que pasan tambi\u00e9n de 1080 pesos a 1200 pesos\u00bb, precis\u00f3 entonces la Presidenta.<\/p>\n<p>Bossio remarc\u00f3 que fue una medida que la Presidenta adopt\u00f3 \u00abcon gran visi\u00f3n estadista, y que vino a curar y suturar las heridas abiertas en el tejido social por el neoliberalismo en nuestro pa\u00eds\u00bb.<\/p>\n<p>\u00abSus efectos positivos los vemos todos los d\u00edas, pero se van a sentir fuertemente en el futuro, cuando los ni\u00f1os y adolescentes ya sean adultos y hayamos mejorado la igualdad de oportunidades con m\u00e1s y mejor salud y educaci\u00f3n. La Asignaci\u00f3n Universal por Hijo es una apuesta al futuro y a la esperanza de todos los argentinos\u00bb, destac\u00f3 el titular de la Anses.<\/p>\n<p>Seg\u00fan record\u00f3 el organismo, la medida signific\u00f3 la ampliaci\u00f3n de las asignaciones familiares a los menores de 18 a\u00f1os de padres desempleados, monotributistas sociales, trabajadores del servicio dom\u00e9stico o del mercado informal.<\/p>\n<p>Cuando comenz\u00f3 a implementarse en noviembre de 2009, constaba de una semana mensual de 180 pesos por hijo; en octubre de 2010 pas\u00f3 a 220 pesos y en octubre del a\u00f1o pasado se ubic\u00f3 en 270 pesos.<\/p>\n<p>La tercera actualizaci\u00f3n realizada el mes pasado es la m\u00e1s alta, con un aumento del 25,9 por ciento que alcanza, actualmente, los 340 pesos por hijo y los 1200 pesos por cada hijo con discapacidad.<\/p>\n<p>Para la Anses, la implementaci\u00f3n de la medida fue \u00abuna tarea tit\u00e1nica\u00bb -seg\u00fan recuerda Bossio- ya que el organismo \u00abvivi\u00f3 una transformaci\u00f3n muy fuerte para poder hacer frente\u00bb a la puesta en marcha de la iniciativa.<\/p>\n<p>Tambi\u00e9n se destaca que la AUH \u00absignific\u00f3 un aumento importante en la cobertura de salud, especialmente de los m\u00e1s peque\u00f1os, e influy\u00f3, significativamente, en el aumento de la matr\u00edcula escolar y de la asistencia de los chicos a los colegios\u00bb.<\/p>\n<p>La AUH se financia con aportes y contribuciones de la ANSES, recaudaci\u00f3n del Impuesto sobre los Bienes Personales no incorporados al Proceso Econ\u00f3mico, los recursos adicionales que anualmente fije el Congreso de la Naci\u00f3n en la Ley de Presupuesto, intereses, multas y recargos, y rentas provenientes de inversiones.<\/p>\n<p>Asimismo, se prev\u00e9 financiamiento de la rentabilidad anual obtenida del Fondo de Garant\u00eda de Sustentabilidad (FGS) del Sistema Integrado Previsional Argentino (SIPA).<\/p>\n","protected":false},"excerpt":{"rendered":"<p>A tres a\u00f1os de la puesta en marcha de la Asignaci\u00f3n Universal por Hijo para Protecci\u00f3n Social (AUH), la medida protege a m\u00e1s de 3,5 millones de chicos y adolescentes y alcanza a 1,8 millones de hogares en todo el pa\u00eds, que no ten\u00edan ninguna cobertura social.<\/p>\n","protected":false},"author":11,"featured_media":0,"comment_status":"open","ping_status":"open","sticky":false,"template":"","format":"standard","meta":{"_jetpack_newsletter_access":"","_jetpack_dont_email_post_to_subs":false,"_jetpack_newsletter_tier_id":0,"_jetpack_memberships_contains_paywalled_content":false,"_jetpack_memberships_contains_paid_content":false,"footnotes":""},"categories":[1],"tags":[],"class_list":["post-3722","post","type-post","status-publish","format-standard","hentry","category-sociedad"],"jetpack_featured_media_url":"","jetpack_shortlink":"https:\/\/wp.me\/p2JWE0-Y2","jetpack-related-posts":[{"id":116563,"url":"https:\/\/www.24baires.com\/?p=116563","url_meta":{"origin":3722,"position":0},"title":"La Asignaci\u00f3n Universal por Hijo incluir\u00e1 a un mill\u00f3n de ni\u00f1os y adolescentes m\u00e1s","author":"AF","date":"28\/10\/2020","format":false,"excerpt":"El anuncio formal de la ampliaci\u00f3n de la AUH tendr\u00e1 lugar este jueves a la tarde y estar\u00e1 a cargo del presidente, Alberto Fern\u00e1ndez, junto con la titular de la Anses, Fernanda Raverta, seg\u00fan informaron a T\u00e9lam fuentes oficiales. A 11 a\u00f1os del lanzamiento de la Asignaci\u00f3n Universal por Hijo\u2026","rel":"","context":"En \u00abLocales\u00bb","block_context":{"text":"Locales","link":"https:\/\/www.24baires.com\/?cat=38"},"img":{"alt_text":"","src":"https:\/\/i0.wp.com\/www.24baires.com\/wp-content\/uploads\/2018\/12\/anses.jpg?resize=350%2C200","width":350,"height":200,"srcset":"https:\/\/i0.wp.com\/www.24baires.com\/wp-content\/uploads\/2018\/12\/anses.jpg?resize=350%2C200 1x, https:\/\/i0.wp.com\/www.24baires.com\/wp-content\/uploads\/2018\/12\/anses.jpg?resize=525%2C300 1.5x"},"classes":[]},{"id":119992,"url":"https:\/\/www.24baires.com\/?p=119992","url_meta":{"origin":3722,"position":1},"title":"Aumenta un 35% el monto de la tarjeta Alimentar","author":"AF","date":"11\/04\/2023","format":false,"excerpt":"As\u00ed lo anunci\u00f3 el presidente Alberto Fern\u00e1ndez despu\u00e9s de haberse reunido en la Residencia de Olivos con el ministro de Econom\u00eda, Sergio Massa; y la ministra de Desarrollo Social, Victoria Tolosa Paz. Los montos pasar\u00e1n de $12.500 a $17.000 para familias con un hijo\/a de 0 a 14 a\u00f1os, de\u2026","rel":"","context":"En \u00abEconom\u00eda\u00bb","block_context":{"text":"Econom\u00eda","link":"https:\/\/www.24baires.com\/?cat=45"},"img":{"alt_text":"","src":"https:\/\/i0.wp.com\/www.24baires.com\/wp-content\/uploads\/2023\/04\/44ea9484-eea3-40ad-83ee-131fe1a43002_16-9-aspect-ratio_default_0.jpg?resize=350%2C200","width":350,"height":200,"srcset":"https:\/\/i0.wp.com\/www.24baires.com\/wp-content\/uploads\/2023\/04\/44ea9484-eea3-40ad-83ee-131fe1a43002_16-9-aspect-ratio_default_0.jpg?resize=350%2C200 1x, https:\/\/i0.wp.com\/www.24baires.com\/wp-content\/uploads\/2023\/04\/44ea9484-eea3-40ad-83ee-131fe1a43002_16-9-aspect-ratio_default_0.jpg?resize=525%2C300 1.5x, https:\/\/i0.wp.com\/www.24baires.com\/wp-content\/uploads\/2023\/04\/44ea9484-eea3-40ad-83ee-131fe1a43002_16-9-aspect-ratio_default_0.jpg?resize=700%2C400 2x"},"classes":[]},{"id":108162,"url":"https:\/\/www.24baires.com\/?p=108162","url_meta":{"origin":3722,"position":2},"title":"La AUH y las jubilaciones subir\u00e1n casi 11% a partir de junio","author":"AF","date":"14\/05\/2019","format":false,"excerpt":"La jubilaci\u00f3n m\u00ednima llegar\u00e1 as\u00ed a 11.528 pesos. La Anses inform\u00f3 que el aumento alcanza a 13,2 millones de personas entre jubilados, asignaciones familiares y beneficiarios de distinas pensiones no contributivas. La Admninistraci\u00f3n Nacional de Seguridad Social (Anses) inform\u00f3 este martes que a partir del pr\u00f3ximo 1\u00b0 de junio las\u2026","rel":"","context":"En \u00abSociedad\u00bb","block_context":{"text":"Sociedad","link":"https:\/\/www.24baires.com\/?cat=1"},"img":{"alt_text":"","src":"https:\/\/i0.wp.com\/www.24baires.com\/wp-content\/uploads\/2018\/12\/anses.jpg?resize=350%2C200","width":350,"height":200,"srcset":"https:\/\/i0.wp.com\/www.24baires.com\/wp-content\/uploads\/2018\/12\/anses.jpg?resize=350%2C200 1x, https:\/\/i0.wp.com\/www.24baires.com\/wp-content\/uploads\/2018\/12\/anses.jpg?resize=525%2C300 1.5x"},"classes":[]},{"id":111831,"url":"https:\/\/www.24baires.com\/?p=111831","url_meta":{"origin":3722,"position":3},"title":"El Gobierno oficializ\u00f3 los pagos extraordinarios para los beneficiarios de la AUH","author":"GB","date":"28\/08\/2019","format":false,"excerpt":"Este mi\u00e9rcoles el gobierno public\u00f3 en el Bolet\u00edn Oficial el otorgamiento de dos montos $1000 en los pr\u00f3ximos meses como parte de las medidas paliativas anunciadas post derrota en las PASO. El Gobierno oficializ\u00f3 los dos pagos extraordinarios de $1.000 para los beneficiarios de la Asignaci\u00f3n Universal por Hijo (AUH)\u2026","rel":"","context":"En \u00abSociedad\u00bb","block_context":{"text":"Sociedad","link":"https:\/\/www.24baires.com\/?cat=1"},"img":{"alt_text":"","src":"https:\/\/i0.wp.com\/www.24baires.com\/wp-content\/uploads\/2014\/06\/auh-300x199.jpg?resize=350%2C200","width":350,"height":200},"classes":[]},{"id":63695,"url":"https:\/\/www.24baires.com\/?p=63695","url_meta":{"origin":3722,"position":4},"title":"Presentan proyecto para establecer la Asignaci\u00f3n Universal por Hijo por ley","author":"AF","date":"29\/03\/2015","format":false,"excerpt":"La senadora nacional por La Pampa, Mar\u00eda de los Angeles Higonet (PJ), propuso establecer por ley la Asignaci\u00f3n Universal por Hijo (AUH) que se puso en vigencia en noviembre de 2009, para beneficiar a los menores de 18 a\u00f1os, cuyos padres sean desocupados o trabajen en el sector informal o\u2026","rel":"","context":"En \u00abSociedad\u00bb","block_context":{"text":"Sociedad","link":"https:\/\/www.24baires.com\/?cat=1"},"img":{"alt_text":"","src":"","width":0,"height":0},"classes":[]},{"id":95928,"url":"https:\/\/www.24baires.com\/?p=95928","url_meta":{"origin":3722,"position":5},"title":"Otorgar\u00e1n cr\u00e9ditos a beneficiarios de la Asignaci\u00f3n Universal por Hijo y pensiones","author":"AF","date":"17\/07\/2017","format":false,"excerpt":"El titular de la Anses, Emilio Basavilbaso, confirm\u00f3 que el Gobierno otorgar\u00e1 cr\u00e9ditos a beneficiarios de la Asignaci\u00f3n Universal por Hijo (AUH) y de pensiones no contributivas a partir de un decreto con el que el Ejecutivo busca \"apuntalar a toda la gente en situaci\u00f3n de vulnerabilidad\". \"Esta semana sale\u2026","rel":"","context":"En \u00abSociedad\u00bb","block_context":{"text":"Sociedad","link":"https:\/\/www.24baires.com\/?cat=1"},"img":{"alt_text":"","src":"https:\/\/i0.wp.com\/www.24baires.com\/wp-content\/uploads\/2015\/07\/argenta.jpg?resize=350%2C200","width":350,"height":200,"srcset":"https:\/\/i0.wp.com\/www.24baires.com\/wp-content\/uploads\/2015\/07\/argenta.jpg?resize=350%2C200 1x, https:\/\/i0.wp.com\/www.24baires.com\/wp-content\/uploads\/2015\/07\/argenta.jpg?resize=525%2C300 1.5x"},"classes":[]}],"jetpack_sharing_enabled":true,"jetpack_likes_enabled":true,"_links":{"self":[{"href":"https:\/\/www.24baires.com\/index.php?rest_route=\/wp\/v2\/posts\/3722","targetHints":{"allow":["GET"]}}],"collection":[{"href":"https:\/\/www.24baires.com\/index.php?rest_route=\/wp\/v2\/posts"}],"about":[{"href":"https:\/\/www.24baires.com\/index.php?rest_route=\/wp\/v2\/types\/post"}],"author":[{"embeddable":true,"href":"https:\/\/www.24baires.com\/index.php?rest_route=\/wp\/v2\/users\/11"}],"replies":[{"embeddable":true,"href":"https:\/\/www.24baires.com\/index.php?rest_route=%2Fwp%2Fv2%2Fcomments&post=3722"}],"version-history":[{"count":1,"href":"https:\/\/www.24baires.com\/index.php?rest_route=\/wp\/v2\/posts\/3722\/revisions"}],"predecessor-version":[{"id":3723,"href":"https:\/\/www.24baires.com\/index.php?rest_route=\/wp\/v2\/posts\/3722\/revisions\/3723"}],"wp:attachment":[{"href":"https:\/\/www.24baires.com\/index.php?rest_route=%2Fwp%2Fv2%2Fmedia&parent=3722"}],"wp:term":[{"taxonomy":"category","embeddable":true,"href":"https:\/\/www.24baires.com\/index.php?rest_route=%2Fwp%2Fv2%2Fcategories&post=3722"},{"taxonomy":"post_tag","embeddable":true,"href":"https:\/\/www.24baires.com\/index.php?rest_route=%2Fwp%2Fv2%2Ftags&post=3722"}],"curies":[{"name":"wp","href":"https:\/\/api.w.org\/{rel}","templated":true}]}}