{"id":3721,"date":"2012-10-29T18:02:29","date_gmt":"2012-10-29T21:02:29","guid":{"rendered":"http:\/\/www.24baires.com\/?p=3721"},"modified":"2012-10-29T18:02:29","modified_gmt":"2012-10-29T21:02:29","slug":"los-pericos-cerraron-el-festival-de-reggae-en-la-matanza-ante-15-mil-espectadores","status":"publish","type":"post","link":"https:\/\/www.24baires.com\/?p=3721","title":{"rendered":"Los Pericos cerraron el Festival de Reggae en La Matanza ante 15 mil espectadores"},"content":{"rendered":"<p><img data-recalc-dims=\"1\" loading=\"lazy\" decoding=\"async\" class=\"alignleft size-medium wp-image-3725\" title=\"pericos la matanza\" src=\"https:\/\/i0.wp.com\/www.24baires.com\/wp-content\/uploads\/2012\/10\/pericos-la-matanza.jpg?resize=300%2C196\" alt=\"\" width=\"300\" height=\"196\" srcset=\"https:\/\/i0.wp.com\/www.24baires.com\/wp-content\/uploads\/2012\/10\/pericos-la-matanza.jpg?resize=300%2C196&amp;ssl=1 300w, https:\/\/i0.wp.com\/www.24baires.com\/wp-content\/uploads\/2012\/10\/pericos-la-matanza.jpg?w=560&amp;ssl=1 560w\" sizes=\"auto, (max-width: 300px) 100vw, 300px\" \/>Con un show gratuito y ante m\u00e1s de 15 mil personas, el grupo musical Los Pericos dio cierre al Festival de Reggae organizado por la Intendencia Fernando Espinoza, en el marco del Programa Nacional Igualdad Cultural. La presentaci\u00f3n de esta banda emblem\u00e1tica del Reggae en la Argentina fue transmitida en vivo a trav\u00e9s de internet y de la se\u00f1al 360 TV de la Televisi\u00f3n Digital Abierta (TDA).<!--more--><\/p>\n<p>En referencia a este megaevento cultural, el Intendente Municipal, Fernando Espinoza, expres\u00f3 que \u201cesta fiesta popular es parte de una concatenaci\u00f3n de eventos culturales que iniciamos en el Distrito con la Primavera de Libros y que seguir\u00e1 hasta finalizar el a\u00f1o, en lo que yo llamo una verdadera Revoluci\u00f3n Cultural en La Matanza, que es sin dudas, el reflejo de la realidad que estamos viviendo en la Argentina\u201d.<\/p>\n<p>La iniciativa, impulsada por el Ministerio de Planificaci\u00f3n Federal y la Secretar\u00eda de Cultura de la Naci\u00f3n, fue organizada conjuntamente con la Secretar\u00eda de Cultura municipal, lo cual ense\u00f1a que \u201cestamos en unidad de concepci\u00f3n con la Naci\u00f3n y compartimos esta decisi\u00f3n fenomenal de Cristina de llevar Cultura a todo el pa\u00eds y terminar con la brecha digital en la Argentina\u201d, afirm\u00f3 el jefe comunal.<\/p>\n<p>Adem\u00e1s, durante la conferencia de prensa brindada minutos antes del comienzo del recital de Los Pericos, el Intendente Espinoza manifest\u00f3 su orgullo por \u201cla visita de la banda m\u00e1s grande de Reggae de Latinoam\u00e9rica, emblem\u00e1tica de mi generaci\u00f3n\u201d y confes\u00f3 sentirse \u201cfeliz de vivir esto junto a la generaci\u00f3n del bicentenario, que es la que va a llevar adelante la consolidaci\u00f3n de esta Argentina que estamos viviendo\u201d.<\/p>\n<p>En tal sentido, Espinoza destac\u00f3: \u201cla juventud tiene una fuerza y unas ganas tremendas de participar, de ser protagonista y de poder volver a tener esos espect\u00e1culos masivos, al aire libre\u201d, haciendo referencia a que un claro ejemplo de esta tendencia participativa e integradora es \u201cel r\u00e9cord de elecciones de Centros de Estudiantes en colegios secundarios del Distrito\u201d.<\/p>\n<p>La jornada, a la que se dieron cita una multitud de j\u00f3venes y adolescentes de La Matanza, se inici\u00f3 con la actuaci\u00f3n de Army of Dub, una de las principales referentes del g\u00e9nero dub en Argentina; seguida de la presentaci\u00f3n de \u201cMil Astillas\u201d, una fusi\u00f3n entre la energ\u00eda y el sonido del rock, con aromas de reggae, funk y ritmos del R\u00edo de La Plata.<br \/>\nLuego fue el turno de Los Pericos que realizaron una interpretaci\u00f3n de sus temas m\u00e1s populares, a lo largo de 26 a\u00f1os de trayectoria, animando al p\u00fablico con un \u201cnos est\u00e1n viendo en todo el pa\u00eds\u201d y con un repertorio de canciones cl\u00e1sicas y actuales de esta banda que ya alcanz\u00f3 las 1500 presentaciones en vivo.<\/p>\n<p>Al cierre del recital, el Intendente Espinoza hizo entrega de presentes institucionales a cada uno de los integrantes de la banda y la bandera y escudo de La Matanza a su cantante, Juanchi Baleir\u00f3n, a quienes les agradeci\u00f3 \u201cpor este espect\u00e1culo hermoso e inolvidable, en nombre del pueblo de La Matanza que los lleva en el coraz\u00f3n\u201d, haciendo extensiva la gratitud hacia \u201cnuestra Presidenta que nos permiti\u00f3 brindar este show\u201d.<\/p>\n<p>Del evento participaron la Secretaria de Cultura del Municipio, Silvia Francese y el Secretario de la Juventud local, Juan Manuel Quinodoz entre otras autoridades presentes, a las que se sum\u00f3 la presencia del actor matancero Diego Alonso G\u00f3mez, ganador de un Mart\u00edn Fierro en el 2001 por su personaje en el unitario \u201cOkupas\u201d.<\/p>\n","protected":false},"excerpt":{"rendered":"<p>Con un show gratuito y ante m\u00e1s de 15 mil personas, el grupo musical Los Pericos dio cierre al Festival de Reggae organizado por la Intendencia Fernando Espinoza, en el marco del Programa Nacional Igualdad Cultural. La presentaci\u00f3n de esta banda emblem\u00e1tica del Reggae en la Argentina fue transmitida en vivo a trav\u00e9s de internet y de la se\u00f1al 360 [&#8230;]<\/p>\n","protected":false},"author":4,"featured_media":0,"comment_status":"open","ping_status":"open","sticky":false,"template":"","format":"standard","meta":{"_jetpack_newsletter_access":"","_jetpack_dont_email_post_to_subs":false,"_jetpack_newsletter_tier_id":0,"_jetpack_memberships_contains_paywalled_content":false,"_jetpack_memberships_contains_paid_content":false,"footnotes":""},"categories":[38],"tags":[],"class_list":["post-3721","post","type-post","status-publish","format-standard","hentry","category-locales"],"jetpack_featured_media_url":"","jetpack_shortlink":"https:\/\/wp.me\/p2JWE0-Y1","jetpack-related-posts":[{"id":121126,"url":"https:\/\/www.24baires.com\/?p=121126","url_meta":{"origin":3721,"position":0},"title":"El 80% de las industrias en La Matanza suspendieron o despidieron personal","author":"GB","date":"19\/03\/2024","format":false,"excerpt":"El alcalde de La Matanza, Fernando Espinoza, abri\u00f3 las sesiones del Deliberante local con un fuerte discurso contra Javier Milei en el que destac\u00f3 el impacto de las pol\u00edticas del libertario en el territorio. En el marco de la apertura de sesiones ordinarias del Honorable Concejo Deliberante, el intendente de\u2026","rel":"","context":"En \u00abMunicipios\u00bb","block_context":{"text":"Municipios","link":"https:\/\/www.24baires.com\/?cat=44"},"img":{"alt_text":"","src":"https:\/\/i0.wp.com\/www.24baires.com\/wp-content\/uploads\/2024\/03\/espinoza.webp?resize=350%2C200","width":350,"height":200,"srcset":"https:\/\/i0.wp.com\/www.24baires.com\/wp-content\/uploads\/2024\/03\/espinoza.webp?resize=350%2C200 1x, https:\/\/i0.wp.com\/www.24baires.com\/wp-content\/uploads\/2024\/03\/espinoza.webp?resize=525%2C300 1.5x, https:\/\/i0.wp.com\/www.24baires.com\/wp-content\/uploads\/2024\/03\/espinoza.webp?resize=700%2C400 2x"},"classes":[]},{"id":121361,"url":"https:\/\/www.24baires.com\/?p=121361","url_meta":{"origin":3721,"position":1},"title":"Fernando Espinoza, fue procesado por abuso sexual","author":"GB","date":"21\/05\/2024","format":false,"excerpt":"El dirigente peronista y alcalde de La Matanza, Fernando Espinoza, fue procesado por la justicia por el supuesto abuso sexual de una de sus secretarias. Recibi\u00f3 un embargo por m\u00e1s de $1 mill\u00f3n, pero sigue en libertad. El intendente de La Matanza, Fernando Espinoza, fue procesado por la justicia por\u2026","rel":"","context":"En \u00abJUDICIALES\u00bb","block_context":{"text":"JUDICIALES","link":"https:\/\/www.24baires.com\/?cat=68"},"img":{"alt_text":"","src":"https:\/\/i0.wp.com\/www.24baires.com\/wp-content\/uploads\/2024\/05\/fernando-espinoza.webp?resize=350%2C200","width":350,"height":200,"srcset":"https:\/\/i0.wp.com\/www.24baires.com\/wp-content\/uploads\/2024\/05\/fernando-espinoza.webp?resize=350%2C200 1x, https:\/\/i0.wp.com\/www.24baires.com\/wp-content\/uploads\/2024\/05\/fernando-espinoza.webp?resize=525%2C300 1.5x, https:\/\/i0.wp.com\/www.24baires.com\/wp-content\/uploads\/2024\/05\/fernando-espinoza.webp?resize=700%2C400 2x"},"classes":[]},{"id":108582,"url":"https:\/\/www.24baires.com\/?p=108582","url_meta":{"origin":3721,"position":2},"title":"Fernando Espinoza confirm\u00f3 que ser\u00e1 candidato a intendente de La Matanza","author":"GB","date":"05\/06\/2019","format":false,"excerpt":"El diputado nacional anuncio que volver\u00e1 a competir por la intendencia en su distrito. Pese a una de las opciones era continuar en el Congreso, en el Plenario de la Militancia de La Matanza los representantes de su espacio le pidieron que vaya por el municipio en las pr\u00f3ximas elecciones.\u2026","rel":"","context":"En \u00abMunicipios\u00bb","block_context":{"text":"Municipios","link":"https:\/\/www.24baires.com\/?cat=44"},"img":{"alt_text":"","src":"https:\/\/i0.wp.com\/www.24baires.com\/wp-content\/uploads\/2013\/10\/espinoza.jpg?resize=350%2C200","width":350,"height":200,"srcset":"https:\/\/i0.wp.com\/www.24baires.com\/wp-content\/uploads\/2013\/10\/espinoza.jpg?resize=350%2C200 1x, https:\/\/i0.wp.com\/www.24baires.com\/wp-content\/uploads\/2013\/10\/espinoza.jpg?resize=525%2C300 1.5x"},"classes":[]},{"id":115451,"url":"https:\/\/www.24baires.com\/?p=115451","url_meta":{"origin":3721,"position":3},"title":"La Matanza: personal de salud y de emergencia abocados a la pandemia cobrar\u00e1n un bono","author":"AF","date":"24\/06\/2020","format":false,"excerpt":"Se comenzar\u00e1 a pagar en La Matanza junto al salario de junio en tres cuotas de $4.000. El intendente de La Matanza, Fernando Espinoza, firm\u00f3 un decreto que dispone un ingreso adicional de 12.000 pesos para el personal de salud y de todos los servicios de emergencia municipales que est\u00e1n\u2026","rel":"","context":"En \u00abLocales\u00bb","block_context":{"text":"Locales","link":"https:\/\/www.24baires.com\/?cat=38"},"img":{"alt_text":"","src":"https:\/\/i0.wp.com\/www.24baires.com\/wp-content\/uploads\/2020\/06\/la-matanza.jpg?resize=350%2C200","width":350,"height":200,"srcset":"https:\/\/i0.wp.com\/www.24baires.com\/wp-content\/uploads\/2020\/06\/la-matanza.jpg?resize=350%2C200 1x, https:\/\/i0.wp.com\/www.24baires.com\/wp-content\/uploads\/2020\/06\/la-matanza.jpg?resize=525%2C300 1.5x"},"classes":[]},{"id":796,"url":"https:\/\/www.24baires.com\/?p=796","url_meta":{"origin":3721,"position":4},"title":"Alejandro Lerner hizo cantar a La Matanza","author":"Grupo Sierra","date":"01\/10\/2012","format":false,"excerpt":"El reconocido cantautor brind\u00f3 un recital gratuito, ante 25.000 personas, en el marco del cierre de la 5ta. Edici\u00f3n de la Feria del Libro, que \u201cmarca una revoluci\u00f3n cultural de lo que se vive en la Argentina y aqu\u00ed tambi\u00e9n en La Matanza\u201d, afirm\u00f3 Fernando Espinoza. En su primera visita\u2026","rel":"","context":"En \u00abLocales\u00bb","block_context":{"text":"Locales","link":"https:\/\/www.24baires.com\/?cat=38"},"img":{"alt_text":"","src":"https:\/\/i0.wp.com\/www.24baires.com\/wp-content\/uploads\/2012\/10\/lerner-espinoza.jpg?resize=350%2C200","width":350,"height":200,"srcset":"https:\/\/i0.wp.com\/www.24baires.com\/wp-content\/uploads\/2012\/10\/lerner-espinoza.jpg?resize=350%2C200 1x, https:\/\/i0.wp.com\/www.24baires.com\/wp-content\/uploads\/2012\/10\/lerner-espinoza.jpg?resize=525%2C300 1.5x"},"classes":[]},{"id":101522,"url":"https:\/\/www.24baires.com\/?p=101522","url_meta":{"origin":3721,"position":5},"title":"Magario declar\u00f3 la \u00abemergencia tarifaria\u00bb en La Matanza","author":"GB","date":"10\/04\/2018","format":false,"excerpt":"La intendenta denunci\u00f3 que los aumentos fueron \"descomunales\" y que en algunos casos llegaron al mil por ciento. Espinoza replicar\u00e1 el proyecto en el Congreso nacional. La intendenta de La Matanza, Ver\u00f3nica Magario, declar\u00f3 la \"emergencia tarifaria\" en el distrito y pidi\u00f3 el acompa\u00f1amiento de todos los bloques en el\u2026","rel":"","context":"En \u00abMunicipios\u00bb","block_context":{"text":"Municipios","link":"https:\/\/www.24baires.com\/?cat=44"},"img":{"alt_text":"","src":"https:\/\/i0.wp.com\/www.24baires.com\/wp-content\/uploads\/2016\/09\/magario.jpg?resize=350%2C200","width":350,"height":200,"srcset":"https:\/\/i0.wp.com\/www.24baires.com\/wp-content\/uploads\/2016\/09\/magario.jpg?resize=350%2C200 1x, https:\/\/i0.wp.com\/www.24baires.com\/wp-content\/uploads\/2016\/09\/magario.jpg?resize=525%2C300 1.5x"},"classes":[]}],"jetpack_sharing_enabled":true,"jetpack_likes_enabled":true,"_links":{"self":[{"href":"https:\/\/www.24baires.com\/index.php?rest_route=\/wp\/v2\/posts\/3721","targetHints":{"allow":["GET"]}}],"collection":[{"href":"https:\/\/www.24baires.com\/index.php?rest_route=\/wp\/v2\/posts"}],"about":[{"href":"https:\/\/www.24baires.com\/index.php?rest_route=\/wp\/v2\/types\/post"}],"author":[{"embeddable":true,"href":"https:\/\/www.24baires.com\/index.php?rest_route=\/wp\/v2\/users\/4"}],"replies":[{"embeddable":true,"href":"https:\/\/www.24baires.com\/index.php?rest_route=%2Fwp%2Fv2%2Fcomments&post=3721"}],"version-history":[{"count":2,"href":"https:\/\/www.24baires.com\/index.php?rest_route=\/wp\/v2\/posts\/3721\/revisions"}],"predecessor-version":[{"id":3727,"href":"https:\/\/www.24baires.com\/index.php?rest_route=\/wp\/v2\/posts\/3721\/revisions\/3727"}],"wp:attachment":[{"href":"https:\/\/www.24baires.com\/index.php?rest_route=%2Fwp%2Fv2%2Fmedia&parent=3721"}],"wp:term":[{"taxonomy":"category","embeddable":true,"href":"https:\/\/www.24baires.com\/index.php?rest_route=%2Fwp%2Fv2%2Fcategories&post=3721"},{"taxonomy":"post_tag","embeddable":true,"href":"https:\/\/www.24baires.com\/index.php?rest_route=%2Fwp%2Fv2%2Ftags&post=3721"}],"curies":[{"name":"wp","href":"https:\/\/api.w.org\/{rel}","templated":true}]}}