{"id":3714,"date":"2012-10-29T16:46:39","date_gmt":"2012-10-29T19:46:39","guid":{"rendered":"http:\/\/www.24baires.com\/?p=3714"},"modified":"2012-10-29T16:46:39","modified_gmt":"2012-10-29T19:46:39","slug":"se-estrenara-en-noviembre-nestor-kirchner-la-pelicula","status":"publish","type":"post","link":"https:\/\/www.24baires.com\/?p=3714","title":{"rendered":"Se estrenar\u00e1 en noviembre \u00abN\u00e9stor Kirchner, la pel\u00edcula\u00bb"},"content":{"rendered":"<p><object width=\"560\" height=\"420\" classid=\"clsid:d27cdb6e-ae6d-11cf-96b8-444553540000\" codebase=\"http:\/\/download.macromedia.com\/pub\/shockwave\/cabs\/flash\/swflash.cab#version=6,0,40,0\"><param name=\"allowFullScreen\" value=\"true\" \/><param name=\"allowscriptaccess\" value=\"always\" \/><param name=\"src\" value=\"http:\/\/www.youtube.com\/v\/fBhJCdJKlFw?version=3&amp;hl=es_ES;rel=0;showinfo=0;controls=0\" \/><param name=\"allowfullscreen\" value=\"true\" \/><\/object><\/p>\n<p>El estreno comercial ser\u00e1 el 22 de noviembre, aunque el 17 habr\u00e1 una gran presentaci\u00f3n en el estadio Luna Park, aprovechando el simbolismo de la fecha que recuerda la vuelta de Juan Domingo Per\u00f3n al pa\u00eds luego de 18 a\u00f1os de exilio. El film, dirigido por Paula de Luque, es el primero de la productora Tochineki.<!--more--><\/p>\n<p>El 16 de de Febrero de 2011 se cre\u00f3 Tochineki S.A, conformado por el diputado provincial Fernando \u201cChino\u201d Navarro y el publicista Jorge \u201cTopo\u201d Devoto, dos personajes representantes ultrakirchneristas. La productora se inicia cuatro meses despu\u00e9s de la muerte del ex presidente para realizar un documental en homenaje a su vida.<\/p>\n<p>Seg\u00fan explicaron los autores y directores del proyecto, la pel\u00edcula est\u00e1 fundamentalmente basada en los aportes de la gente.<\/p>\n<p>La cita en el m\u00edtico estadio de Luna Park, el s\u00e1bado 17 a las 20.30, tiene que ver con esos aportes. El acceso, seg\u00fan explic\u00f3 la producci\u00f3n del film, es para \u201clos miles de compa\u00f1eros que colaboraron con la pel\u00edcula\u201d.<\/p>\n<p>El p\u00fablico en general podr\u00e1 ver el documental sobre la vida del ex presidente en m\u00e1s de 120 cines de todo el pa\u00eds a partir del jueves 22.<\/p>\n<p>Hasta febrero, el largometraje estuvo a cargo de Israel Adri\u00e1n Caetano, pero los productores no estaban conformes con el corte final y el director se desvincul\u00f3 del proyecto. Enseguida se supo que la elegida para reemplazarlo era Paula de Luque, realizadora de Juan y Eva, pel\u00edcula que la presidenta Cristina Fern\u00e1ndez recomend\u00f3 emocionada .<\/p>\n<p>En su momento fue el prestigioso director el que se encarg\u00f3 de confirmar su alejamiento del proyecto \u201cya no soy el director del documental de N\u00e9stor Kirchner, siempre fui tratado con respeto, igual da tristeza\u201d, public\u00f3 el cineasta en su cuenta de Twitter.<\/p>\n<p>No pas\u00f3 mucho tiempo hasta que le encontraron reemplazante y se conoci\u00f3 la noticia de que de Luque continuar\u00eda con la direcci\u00f3n del film. \u201cMe convocaron para realizar el documental sobre N\u00e9stor Kirchner y acept\u00e9. Estoy contenta. Siento una enorme responsabilidad porque es un desaf\u00edo grande. Pero eso justamente es lo que me moviliza\u201d, cont\u00f3 en aquel momento la directora.<\/p>\n","protected":false},"excerpt":{"rendered":"<p>El estreno comercial ser\u00e1 el 22 de noviembre, aunque el 17 habr\u00e1 una gran presentaci\u00f3n en el estadio Luna Park, aprovechando el simbolismo de la fecha que recuerda la vuelta de Juan Domingo Per\u00f3n al pa\u00eds luego de 18 a\u00f1os de exilio. El film, dirigido por Paula de Luque, es el primero de la productora Tochineki.<\/p>\n","protected":false},"author":4,"featured_media":0,"comment_status":"open","ping_status":"open","sticky":false,"template":"","format":"standard","meta":{"_jetpack_newsletter_access":"","_jetpack_dont_email_post_to_subs":false,"_jetpack_newsletter_tier_id":0,"_jetpack_memberships_contains_paywalled_content":false,"_jetpack_memberships_contains_paid_content":false,"footnotes":""},"categories":[1],"tags":[],"class_list":["post-3714","post","type-post","status-publish","format-standard","hentry","category-sociedad"],"jetpack_featured_media_url":"","jetpack_shortlink":"https:\/\/wp.me\/p2JWE0-XU","jetpack-related-posts":[{"id":52130,"url":"https:\/\/www.24baires.com\/?p=52130","url_meta":{"origin":3714,"position":0},"title":"Los nuevos trenes chinos cubrir\u00e1n el trayecto Buenos Aires-Bah\u00eda Blanca","author":"GB","date":"20\/08\/2014","format":false,"excerpt":"Luego de una serie de pruebas realizadas en los trayectos que unen la Capital Federal con el sur de la provincia de Buenos Aires, los responsables de todo el proceso estiman estrenar el flamante servicio entre noviembre y diciembre. Los flamantes trenes chinos adquiridos por el Gobierno Nacional podr\u00edan comenzar\u2026","rel":"","context":"En \u00abSociedad\u00bb","block_context":{"text":"Sociedad","link":"https:\/\/www.24baires.com\/?cat=1"},"img":{"alt_text":"trenes","src":"https:\/\/i0.wp.com\/www.24baires.com\/wp-content\/uploads\/2014\/08\/trenes.jpg?resize=350%2C200","width":350,"height":200,"srcset":"https:\/\/i0.wp.com\/www.24baires.com\/wp-content\/uploads\/2014\/08\/trenes.jpg?resize=350%2C200 1x, https:\/\/i0.wp.com\/www.24baires.com\/wp-content\/uploads\/2014\/08\/trenes.jpg?resize=525%2C300 1.5x"},"classes":[]},{"id":5770,"url":"https:\/\/www.24baires.com\/?p=5770","url_meta":{"origin":3714,"position":1},"title":"D\u00eda del militante: diferentes actos y estreno de la pel\u00edcula de N\u00e9stor Kirchner","author":"AF","date":"17\/11\/2012","format":false,"excerpt":"Dirigentes pol\u00edticos y militantes de todo el pa\u00eds conmemorar\u00e1n este s\u00e1bado el D\u00eda del Militante con un serie de actos, mientras que el encuentro central se desarrollar\u00e1 en el estadio Luna Park. En ese estadio se proyectar\u00e1 el estreno del documental \u201cN\u00e9stor Kirchner\u201d. Est\u00e1 previsto que la actividad en el\u2026","rel":"","context":"En \u00abSociedad\u00bb","block_context":{"text":"Sociedad","link":"https:\/\/www.24baires.com\/?cat=1"},"img":{"alt_text":"","src":"","width":0,"height":0},"classes":[]},{"id":35313,"url":"https:\/\/www.24baires.com\/?p=35313","url_meta":{"origin":3714,"position":2},"title":"La militancia colma Parque Lezama para ver el documental de N\u00e9stor Kirchner","author":"Grupo Sierra","date":"17\/11\/2013","format":false,"excerpt":"Miles de militantes kirchneristas colmaron el anfiteatro del parque, donde alrededor de las 20:30 comenzar\u00e1 a proyectarse en forma gratuita \u201cNK\u201d, el documental sobre la vida del ex presidente que dirigi\u00f3 Adri\u00e1n Caetano, en el marco del D\u00eda de la Militancia. Desde la esquina de Brasil y Paseo Col\u00f3n hacia\u2026","rel":"","context":"En \u00abPol\u00edtica\u00bb","block_context":{"text":"Pol\u00edtica","link":"https:\/\/www.24baires.com\/?cat=51"},"img":{"alt_text":"documental nestor","src":"https:\/\/i0.wp.com\/www.24baires.com\/wp-content\/uploads\/2013\/11\/documental-nestor-300x199.jpg?resize=350%2C200","width":350,"height":200},"classes":[]},{"id":37132,"url":"https:\/\/www.24baires.com\/?p=37132","url_meta":{"origin":3714,"position":3},"title":"Reci\u00e9n arranc\u00f3 pero ya se sacan los dientes","author":"Grupo Sierra","date":"19\/12\/2013","format":false,"excerpt":"Hace poco empez\u00f3 la temporada, pero la guerra de las boleter\u00edas ya se vive a pleno: \u00bflos primeros n\u00fameros en ventas ser\u00e1n los definitivos?. La temporada teatral en Mar del Plata ya comenz\u00f3 y con ella, la guerra de las boleter\u00edas para ver cu\u00e1l es la compa\u00f1\u00eda m\u00e1s taquillera. Terminada\u2026","rel":"","context":"En \u00abEspectaculos\u00bb","block_context":{"text":"Espectaculos","link":"https:\/\/www.24baires.com\/?cat=41"},"img":{"alt_text":"MORIA-CASAN_CLAIMA20111222_0211_25","src":"https:\/\/i0.wp.com\/www.24baires.com\/wp-content\/uploads\/2013\/12\/MORIA-CASAN_CLAIMA20111222_0211_25.jpg?resize=350%2C200","width":350,"height":200,"srcset":"https:\/\/i0.wp.com\/www.24baires.com\/wp-content\/uploads\/2013\/12\/MORIA-CASAN_CLAIMA20111222_0211_25.jpg?resize=350%2C200 1x, https:\/\/i0.wp.com\/www.24baires.com\/wp-content\/uploads\/2013\/12\/MORIA-CASAN_CLAIMA20111222_0211_25.jpg?resize=525%2C300 1.5x"},"classes":[]},{"id":61503,"url":"https:\/\/www.24baires.com\/?p=61503","url_meta":{"origin":3714,"position":4},"title":"\u00abEs la transformaci\u00f3n m\u00e1s importante que ha vivido la l\u00ednea Mitre en su historia\u00bb","author":"Grupo Sierra","date":"09\/02\/2015","format":false,"excerpt":"A trav\u00e9s de su muro en la red social Facebook, la presidenta de la Naci\u00f3n manifest\u00f3 su satisfacci\u00f3n por la renovaci\u00f3n total de la l\u00ednea. La presidenta Cristina Fern\u00e1ndez de Kirchner destac\u00f3 esta tarde la renovaci\u00f3n de las formaciones del ferrocarril Mitre, que complet\u00f3 la puesta a nuevo de todo\u2026","rel":"","context":"En \u00abSociedad\u00bb","block_context":{"text":"Sociedad","link":"https:\/\/www.24baires.com\/?cat=1"},"img":{"alt_text":"cristina-y-randazzo tren mitre","src":"https:\/\/i0.wp.com\/www.24baires.com\/wp-content\/uploads\/2015\/02\/cristina-y-randazzo-tren-mitre.jpg?resize=350%2C200","width":350,"height":200,"srcset":"https:\/\/i0.wp.com\/www.24baires.com\/wp-content\/uploads\/2015\/02\/cristina-y-randazzo-tren-mitre.jpg?resize=350%2C200 1x, https:\/\/i0.wp.com\/www.24baires.com\/wp-content\/uploads\/2015\/02\/cristina-y-randazzo-tren-mitre.jpg?resize=525%2C300 1.5x"},"classes":[]},{"id":2379,"url":"https:\/\/www.24baires.com\/?p=2379","url_meta":{"origin":3714,"position":5},"title":"Llega a los cines \u00abArgo\u00bb, sobre la operaci\u00f3n de la CIA y Hollywood","author":"AF","date":"16\/10\/2012","format":false,"excerpt":"Se estrena este jueves en Argentina \"Argo\", dirigida y protagonizada por Ben Affleck. El film relata c\u00f3mo la CIA y Hollywood crearon una pel\u00edcula para poder rescatar rehenes estadounidenses, cautivos en su embajada en Teher\u00e1n. El filme de suspenso y drama, debut\u00f3 el viernes pasado en Estados Unidos, y cuenta\u2026","rel":"","context":"En \u00abArte &amp; Cultura\u00bb","block_context":{"text":"Arte &amp; Cultura","link":"https:\/\/www.24baires.com\/?cat=53"},"img":{"alt_text":"","src":"https:\/\/i0.wp.com\/www.24baires.com\/wp-content\/uploads\/2012\/10\/argo.jpg?resize=350%2C200","width":350,"height":200,"srcset":"https:\/\/i0.wp.com\/www.24baires.com\/wp-content\/uploads\/2012\/10\/argo.jpg?resize=350%2C200 1x, https:\/\/i0.wp.com\/www.24baires.com\/wp-content\/uploads\/2012\/10\/argo.jpg?resize=525%2C300 1.5x"},"classes":[]}],"jetpack_sharing_enabled":true,"jetpack_likes_enabled":true,"_links":{"self":[{"href":"https:\/\/www.24baires.com\/index.php?rest_route=\/wp\/v2\/posts\/3714","targetHints":{"allow":["GET"]}}],"collection":[{"href":"https:\/\/www.24baires.com\/index.php?rest_route=\/wp\/v2\/posts"}],"about":[{"href":"https:\/\/www.24baires.com\/index.php?rest_route=\/wp\/v2\/types\/post"}],"author":[{"embeddable":true,"href":"https:\/\/www.24baires.com\/index.php?rest_route=\/wp\/v2\/users\/4"}],"replies":[{"embeddable":true,"href":"https:\/\/www.24baires.com\/index.php?rest_route=%2Fwp%2Fv2%2Fcomments&post=3714"}],"version-history":[{"count":3,"href":"https:\/\/www.24baires.com\/index.php?rest_route=\/wp\/v2\/posts\/3714\/revisions"}],"predecessor-version":[{"id":3717,"href":"https:\/\/www.24baires.com\/index.php?rest_route=\/wp\/v2\/posts\/3714\/revisions\/3717"}],"wp:attachment":[{"href":"https:\/\/www.24baires.com\/index.php?rest_route=%2Fwp%2Fv2%2Fmedia&parent=3714"}],"wp:term":[{"taxonomy":"category","embeddable":true,"href":"https:\/\/www.24baires.com\/index.php?rest_route=%2Fwp%2Fv2%2Fcategories&post=3714"},{"taxonomy":"post_tag","embeddable":true,"href":"https:\/\/www.24baires.com\/index.php?rest_route=%2Fwp%2Fv2%2Ftags&post=3714"}],"curies":[{"name":"wp","href":"https:\/\/api.w.org\/{rel}","templated":true}]}}