{"id":3710,"date":"2012-10-29T16:21:09","date_gmt":"2012-10-29T19:21:09","guid":{"rendered":"http:\/\/www.24baires.com\/?p=3710"},"modified":"2012-10-29T16:21:09","modified_gmt":"2012-10-29T19:21:09","slug":"comenzo-el-juicio-a-felisa-miceli-se-nego-a-declarar","status":"publish","type":"post","link":"https:\/\/www.24baires.com\/?p=3710","title":{"rendered":"Comenz\u00f3 el juicio a Felisa Miceli: se neg\u00f3 a declarar"},"content":{"rendered":"<p>La ex ministra de Econom\u00eda Felisa Miceli se neg\u00f3 hoy a declarar en el juicio juicio oral y p\u00fablico que se le inici\u00f3 por el hallazgo de una bolsa con 100 mil pesos y 31.670 d\u00f3lares dentro del ba\u00f1o en su\u00a0entonces despacho.<!--more--><\/p>\n<p>\u00abPrefiero declarar en otro momento. Mis abogados me dijeron que puedo responder despu\u00e9s las preguntas\u00bb, dijo la ex funcionaria, acusada de encubrimiento y destrucci\u00f3n de prueba. \u00abSoy inocente de todo esto y espero que en el resto del debate se aclare lo que va a pasar ac\u00e1\u00bb.<\/p>\n<p>La ex ministra est\u00e1 acusada del delito de encubrimiento sobre el origen de ese dinero, que contempla una pena m\u00e1xima de tres a\u00f1os; y por destrucci\u00f3n de documentos del acta original por el cual personal policial dej\u00f3 constancia del hallazgo.<\/p>\n<p>Este \u00faltimo delito est\u00e1 contemplado en el art\u00edculo 255 del C\u00f3digo Penal, el cual prev\u00e9 hasta cuatro a\u00f1os para el que \u00absustrajere, alterare, ocultare, destruyere o inutilizare en todo o en parte objetos destinados a servir de prueba ante la autoridad competente, registros o documentos confiados a la custodia de un funcionario p\u00fablico o de otra persona en el inter\u00e9s del servicio p\u00fablico\u00bb.<\/p>\n<p>El juicio estar\u00e1 a cargo del Tribunal Oral Federal N\u00b0 2, la acusaci\u00f3n a cargo de los fiscales Fernando Arrigo y Guillermo Marijuan (este \u00faltimo es quien tuvo la causa en primera instancia) y la primera audiencia tendr\u00e1 lugar en el SUM de los Tribunales Federales de Comodoro Py. El hecho tuvo lugar cuando el subinspector Patricio Rodrigo Palo, de la Divisi\u00f3n Investigaciones del Departamento Brigada de Explosivos; y el cabo 1\u00b0, Carlos Enrique Isa\u00edas realizaban una inspecci\u00f3n de rutina de seguridad a primera hora del d\u00eda en el despacho de la ministra ante la eventual presencia de alg\u00fan artefacto explosivo.<\/p>\n<p>As\u00ed fue como encontraron una bolsa papel madera, dentro de la cual estaba el dinero, los 100 mil pesos en un envase termosellado y con un n\u00famero de lote, el 38.057, que indicaba procedencia del Banco Central de la Rep\u00fablica Argentina, y se labr\u00f3 un acta del hallazgo. Cuatro horas m\u00e1s tarde, arrib\u00f3 la ministra a su despacho y al ser informada del episodio requiri\u00f3 a su secretaria privada el acta original en cuesti\u00f3n, la cual luego desapareci\u00f3 pero qued\u00f3 una copia que sac\u00f3 un subcomisario de la Divisi\u00f3n Brigada de Explosivos antes de que el original le fuera entregado a Miceli.<\/p>\n<p>El hecho deriv\u00f3 en la renuncia de Miceli como ministra de Econom\u00eda, luego de que ensayara varios argumentos sobre la procedencia del dinero, y el destino que ten\u00eda pensado darle. Ante la jueza federal Mar\u00eda Servini de Cubr\u00eda, la ex ministra reconoci\u00f3 por un lado que esa suma de dinero le pertenec\u00eda, y dijo que iba a darle como destino una operaci\u00f3n inmobiliaria la cual se termin\u00f3 frustrando.<\/p>\n<p>Para el juicio, en el que est\u00e1n citados m\u00e1s de 60 testigos y el cual se estima que durar\u00e1 hasta mediados de diciembre, se prev\u00e9 que declare personal inmobiliario con la cual Miceli habr\u00eda tomado contacto, y personal de bomberos y polic\u00edas que intervinieron en el hallazgo as\u00ed como en la entrega del acta del mismo, entre otros.<\/p>\n<p>Al solicitar su elevaci\u00f3n a juicio ante la jueza Mar\u00eda Servini de Cubr\u00eda, el fiscal federal Guillermo Marijuan determin\u00f3 \u00abla mendacidad con la que se desenvolvi\u00f3 la imputada a lo largo de la investigaci\u00f3n\u00bb, a ra\u00edz de las varias versiones que ensay\u00f3 para intentar justificar el dinero en su poder. Por eso Marijuan, quien ahora volver\u00e1 a tener la acusaci\u00f3n en su poder, sostuvo que los fondos \u00abten\u00edan un origen espurio\u00bb, y \u00abllegaron a su poder por afuera de una operaci\u00f3n financiera legal, regular y debidamente registrada, que contara, adem\u00e1s, con su correspondiente respaldo documental\u00bb.<\/p>\n","protected":false},"excerpt":{"rendered":"<p>La ex ministra de Econom\u00eda Felisa Miceli se neg\u00f3 hoy a declarar en el juicio juicio oral y p\u00fablico que se le inici\u00f3 por el hallazgo de una bolsa con 100 mil pesos y 31.670 d\u00f3lares dentro del ba\u00f1o en su\u00a0entonces despacho.<\/p>\n","protected":false},"author":4,"featured_media":0,"comment_status":"open","ping_status":"open","sticky":false,"template":"","format":"standard","meta":{"_jetpack_newsletter_access":"","_jetpack_dont_email_post_to_subs":false,"_jetpack_newsletter_tier_id":0,"_jetpack_memberships_contains_paywalled_content":false,"_jetpack_memberships_contains_paid_content":false,"footnotes":""},"categories":[51],"tags":[],"class_list":["post-3710","post","type-post","status-publish","format-standard","hentry","category-politica"],"jetpack_featured_media_url":"","jetpack_shortlink":"https:\/\/wp.me\/p2JWE0-XQ","jetpack-related-posts":[{"id":8127,"url":"https:\/\/www.24baires.com\/?p=8127","url_meta":{"origin":3710,"position":0},"title":"Comienza la etapa final del juicio a Felisa Miceli","author":"AF","date":"06\/12\/2012","format":false,"excerpt":"Este mi\u00e9rcoles finalizaron las declaraciones testimoniales ante el tribunal. La ex funcionaria es juzgada por el dinero hallado en el a\u00f1o 2007 en el ba\u00f1o privado de su despacho en el Palacio de Hacienda. El pr\u00f3ximo martes arrancar\u00e1n los alegatos. El Tribunal Oral en lo Criminal Federal N\u00b0 2 de\u2026","rel":"","context":"En \u00abPol\u00edtica\u00bb","block_context":{"text":"Pol\u00edtica","link":"https:\/\/www.24baires.com\/?cat=51"},"img":{"alt_text":"","src":"","width":0,"height":0},"classes":[]},{"id":63920,"url":"https:\/\/www.24baires.com\/?p=63920","url_meta":{"origin":3710,"position":1},"title":"Ex ministra, condenada a tres a\u00f1os de prisi\u00f3n en suspenso","author":"GB","date":"06\/04\/2015","format":false,"excerpt":"La ex ministra de Econom\u00eda no ir\u00e1 presa. Se trata de la nueva pena que se le estableci\u00f3 a la ex funcionaria. Los jueces ordenaron adem\u00e1s el decomiso de los 100 mil pesos y 31.670 d\u00f3lares. El Tribunal Oral Federal 1 impuso la pena de 3 a\u00f1os de prisi\u00f3n de\u2026","rel":"","context":"En \u00abPol\u00edtica\u00bb","block_context":{"text":"Pol\u00edtica","link":"https:\/\/www.24baires.com\/?cat=51"},"img":{"alt_text":"miceli","src":"https:\/\/i0.wp.com\/www.24baires.com\/wp-content\/uploads\/2015\/04\/miceli.jpg?resize=350%2C200","width":350,"height":200,"srcset":"https:\/\/i0.wp.com\/www.24baires.com\/wp-content\/uploads\/2015\/04\/miceli.jpg?resize=350%2C200 1x, https:\/\/i0.wp.com\/www.24baires.com\/wp-content\/uploads\/2015\/04\/miceli.jpg?resize=525%2C300 1.5x"},"classes":[]},{"id":50195,"url":"https:\/\/www.24baires.com\/?p=50195","url_meta":{"origin":3710,"position":2},"title":"Casaci\u00f3n confirm\u00f3 la condena para Felisa Miceli","author":"Grupo Sierra","date":"19\/07\/2014","format":false,"excerpt":"La pena es por \"encubrimiento agravado\" de una maniobra financiera il\u00edcita. Hab\u00edan encontrado 100 pesos y 31.670 d\u00f3lares en el ba\u00f1o de su despacho. La C\u00e1mara Federal de Casaci\u00f3n Penal confirm\u00f3 hoy la condena a la ex ministra de Econom\u00eda, Felisa Miceli por el caso de la bolsa de dinero\u2026","rel":"","context":"En \u00abJUDICIALES\u00bb","block_context":{"text":"JUDICIALES","link":"https:\/\/www.24baires.com\/?cat=68"},"img":{"alt_text":"miceli 2","src":"https:\/\/i0.wp.com\/www.24baires.com\/wp-content\/uploads\/2012\/10\/miceli-2.jpg?resize=350%2C200","width":350,"height":200,"srcset":"https:\/\/i0.wp.com\/www.24baires.com\/wp-content\/uploads\/2012\/10\/miceli-2.jpg?resize=350%2C200 1x, https:\/\/i0.wp.com\/www.24baires.com\/wp-content\/uploads\/2012\/10\/miceli-2.jpg?resize=525%2C300 1.5x"},"classes":[]},{"id":48720,"url":"https:\/\/www.24baires.com\/?p=48720","url_meta":{"origin":3710,"position":3},"title":"Felisa Miceli quiere \u00abzafar\u00bb de los cuatro a\u00f1os de prisi\u00f3n","author":"Grupo Sierra","date":"25\/06\/2014","format":false,"excerpt":"La ex ministra de Econom\u00eda pidi\u00f3 que se le revoque la condena a cuatro a\u00f1os de prisi\u00f3n por los 100 mil pesos y 31.670 d\u00f3lares que se encontraron en el ba\u00f1o de su despacho. Los abogados de Miceli hicieron el pedido en una audiencia ante la Sala II de la\u2026","rel":"","context":"En \u00abJUDICIALES\u00bb","block_context":{"text":"JUDICIALES","link":"https:\/\/www.24baires.com\/?cat=68"},"img":{"alt_text":"miceli 2","src":"https:\/\/i0.wp.com\/www.24baires.com\/wp-content\/uploads\/2012\/10\/miceli-2.jpg?resize=350%2C200","width":350,"height":200,"srcset":"https:\/\/i0.wp.com\/www.24baires.com\/wp-content\/uploads\/2012\/10\/miceli-2.jpg?resize=350%2C200 1x, https:\/\/i0.wp.com\/www.24baires.com\/wp-content\/uploads\/2012\/10\/miceli-2.jpg?resize=525%2C300 1.5x"},"classes":[]},{"id":3114,"url":"https:\/\/www.24baires.com\/?p=3114","url_meta":{"origin":3710,"position":4},"title":"Comienza el Juicio por &#8216;la bolsa&#8217; de Felisa Miceli","author":"AF","date":"24\/10\/2012","format":false,"excerpt":"El Tribunal Oral en lo Criminal Federal N\u00b02 de la Capital dar\u00e1 inicio el pr\u00f3ximo lunes, a las 10.30, al juicio oral contra la ex ministra de Econom\u00eda Felisa Miceli, en el marco de la causa por el dinero hallado en el ba\u00f1o privado de su despacho en el Palacio\u2026","rel":"","context":"En \u00abPol\u00edtica\u00bb","block_context":{"text":"Pol\u00edtica","link":"https:\/\/www.24baires.com\/?cat=51"},"img":{"alt_text":"","src":"https:\/\/i0.wp.com\/www.24baires.com\/wp-content\/uploads\/2012\/10\/miceli-2.jpg?resize=350%2C200","width":350,"height":200,"srcset":"https:\/\/i0.wp.com\/www.24baires.com\/wp-content\/uploads\/2012\/10\/miceli-2.jpg?resize=350%2C200 1x, https:\/\/i0.wp.com\/www.24baires.com\/wp-content\/uploads\/2012\/10\/miceli-2.jpg?resize=525%2C300 1.5x"},"classes":[]},{"id":107035,"url":"https:\/\/www.24baires.com\/?p=107035","url_meta":{"origin":3710,"position":5},"title":"Absolvieron a Menem por el juicio por encubrimiento del atentado a la AMIA","author":"AF","date":"28\/02\/2019","format":false,"excerpt":"El ex presidente y actual senador fue absuelto en la causa por encubrimiento del atentado contra la AMIA. Este juicio oral se desarroll\u00f3 durante a\u00f1os ante la indiferencia casi total de los grande medios. El gobierno intent\u00f3 salvar a muchos de los imputados. El ex presidente y actual senador Carlos\u2026","rel":"","context":"En \u00abJUDICIALES\u00bb","block_context":{"text":"JUDICIALES","link":"https:\/\/www.24baires.com\/?cat=68"},"img":{"alt_text":"","src":"https:\/\/i0.wp.com\/www.24baires.com\/wp-content\/uploads\/2016\/05\/menem-c.jpg?resize=350%2C200","width":350,"height":200,"srcset":"https:\/\/i0.wp.com\/www.24baires.com\/wp-content\/uploads\/2016\/05\/menem-c.jpg?resize=350%2C200 1x, https:\/\/i0.wp.com\/www.24baires.com\/wp-content\/uploads\/2016\/05\/menem-c.jpg?resize=525%2C300 1.5x"},"classes":[]}],"jetpack_sharing_enabled":true,"jetpack_likes_enabled":true,"_links":{"self":[{"href":"https:\/\/www.24baires.com\/index.php?rest_route=\/wp\/v2\/posts\/3710","targetHints":{"allow":["GET"]}}],"collection":[{"href":"https:\/\/www.24baires.com\/index.php?rest_route=\/wp\/v2\/posts"}],"about":[{"href":"https:\/\/www.24baires.com\/index.php?rest_route=\/wp\/v2\/types\/post"}],"author":[{"embeddable":true,"href":"https:\/\/www.24baires.com\/index.php?rest_route=\/wp\/v2\/users\/4"}],"replies":[{"embeddable":true,"href":"https:\/\/www.24baires.com\/index.php?rest_route=%2Fwp%2Fv2%2Fcomments&post=3710"}],"version-history":[{"count":1,"href":"https:\/\/www.24baires.com\/index.php?rest_route=\/wp\/v2\/posts\/3710\/revisions"}],"predecessor-version":[{"id":3711,"href":"https:\/\/www.24baires.com\/index.php?rest_route=\/wp\/v2\/posts\/3710\/revisions\/3711"}],"wp:attachment":[{"href":"https:\/\/www.24baires.com\/index.php?rest_route=%2Fwp%2Fv2%2Fmedia&parent=3710"}],"wp:term":[{"taxonomy":"category","embeddable":true,"href":"https:\/\/www.24baires.com\/index.php?rest_route=%2Fwp%2Fv2%2Fcategories&post=3710"},{"taxonomy":"post_tag","embeddable":true,"href":"https:\/\/www.24baires.com\/index.php?rest_route=%2Fwp%2Fv2%2Ftags&post=3710"}],"curies":[{"name":"wp","href":"https:\/\/api.w.org\/{rel}","templated":true}]}}