{"id":3707,"date":"2012-10-29T16:21:14","date_gmt":"2012-10-29T19:21:14","guid":{"rendered":"http:\/\/www.24baires.com\/?p=3707"},"modified":"2012-10-29T16:22:35","modified_gmt":"2012-10-29T19:22:35","slug":"la-editorial-de-nunca-mas-aclara-que-su-prologo-jamas-estuvo-firmado-por-sabato","status":"publish","type":"post","link":"https:\/\/www.24baires.com\/?p=3707","title":{"rendered":"La editorial de \u00abNunca M\u00e1s\u00bb aclara que su pr\u00f3logo jam\u00e1s estuvo firmado por S\u00e1bato"},"content":{"rendered":"<p><img data-recalc-dims=\"1\" loading=\"lazy\" decoding=\"async\" class=\"alignleft size-medium wp-image-3712\" title=\"s\u00e1bato alfonsin entrega Nunca m\u00e1s\" src=\"https:\/\/i0.wp.com\/www.24baires.com\/wp-content\/uploads\/2012\/10\/s%C3%A1bato-alfonsin-entrega-Nunca-m%C3%A1s.jpg?resize=300%2C168\" alt=\"\" width=\"300\" height=\"168\" srcset=\"https:\/\/i0.wp.com\/www.24baires.com\/wp-content\/uploads\/2012\/10\/s%C3%A1bato-alfonsin-entrega-Nunca-m%C3%A1s.jpg?resize=300%2C168&amp;ssl=1 300w, https:\/\/i0.wp.com\/www.24baires.com\/wp-content\/uploads\/2012\/10\/s%C3%A1bato-alfonsin-entrega-Nunca-m%C3%A1s.jpg?w=560&amp;ssl=1 560w\" sizes=\"auto, (max-width: 300px) 100vw, 300px\" \/>La periodista Magdalena Ruiz Gui\u00f1az\u00fa denunci\u00f3 que se borr\u00f3 la firma de Ernesto S\u00e1bato de la nueva edici\u00f3n del Nunca M\u00e1s, aunque desde la editorial Eudeba se dijo que \u00abnunca\u00bb el pr\u00f3logo llev\u00f3 la firma del escritor.<!--more--><\/p>\n<p>El gerente general de la Editorial Universitaria de Buenos Aires (Eudeba), Luis Quevedo, confirm\u00f3 a La Voz del Interior que ninguna edici\u00f3n del libro, desde su primera publicaci\u00f3n en 1984, tuvo la firma del escritor. \u00abNunca estuvo firmado por S\u00e1bato, se trata de una informaci\u00f3n err\u00f3nea\u00bb, explic\u00f3.<br \/>\nMagdalena Ruiz Gui\u00f1az\u00fa se\u00f1al\u00f3 haber recibido \u00abcon sorpresa e indignaci\u00f3n\u00bb lo que pas\u00f3. El libro es de la editorial Eudeba (Universidad de Buenos Aires) del Informe \u00abNunca M\u00e1s\u00bb de la Comisi\u00f3n Nacional sobre la Desaparici\u00f3n de Personas (Conadep).<br \/>\n\u00abLa publicaci\u00f3n, con fecha marzo 2012, edici\u00f3n 4, reimpresi\u00f3n, no solamente sigue anteponiendo (exactamente desde marzo de 2006) un pr\u00f3logo firmado por la Secretar\u00eda de Derechos Humanos de la Naci\u00f3n al pr\u00f3logo original que Ernesto S\u00e1bato firm\u00f3 en el momento de su primera publicaci\u00f3n, sino que hoy omite definitivamente la firma de S\u00e1bato\u201d, explica Ruiz Gui\u00f1az\u00fa, en una nota publicada en La Naci\u00f3n.<br \/>\nLuego agrega: \u00abComo si este fundamental Informe -que sirvi\u00f3 de base al juicio a las juntas de comandantes de la dictadura- fuera un documento an\u00f3nimo\u00bb.<br \/>\nLa periodista tambi\u00e9n particip\u00f3 de la redacci\u00f3n del informe Conadep. Su nota en La Naci\u00f3n se titula: Robar a los muertos.<br \/>\nExplic\u00f3 adem\u00e1s que \u201csuprimir de este proceso el nombre de Ernesto S\u00e1bato es simplemente robarle (a quien no puede replicar) una tarea asumida con enorme responsabilidad en a\u00f1os en los que las Fuerzas Armadas ten\u00edan a\u00fan un gran poder (recordemos los golpes de Semana Santa, Villa Martelli, La Tablada, etc\u00e9tera)\u201d.<br \/>\n\u201cApropiarse de escritos jur\u00eddicos y considerarse due\u00f1os de la defensa de los derechos humanos son hechos vergonzosos que al menos un hombre digno y valiente como Ernesto S\u00e1bato por suerte no ha llegado a presenciar\u201d, concluy\u00f3 Ru\u00edz Gui\u00f1az\u00fa.<br \/>\nCerca de las 13, Eudeba envi\u00f3 un comunicado oficial adjuntando el PDF del pr\u00f3logo de la primera edici\u00f3n del Nunca M\u00e1s, en el que explican: \u00abA prop\u00f3sito de la nota publicada hoy en la edici\u00f3n impresa y on line del diario La Naci\u00f3n por Magdalena Ruiz Gui\u00f1az\u00fa titulada \u00abRobar a los Muertos\u00bb, la Editorial Universitaria de Buenos Aires quiere informar que tanto la edici\u00f3n 2012 del libro \u00abNunca M\u00e1s\u00bb al igual que la primera edici\u00f3n publicada en 1984, no llevan la firma de Don Ernesto S\u00e1bato en el pr\u00f3logo\u00bb.<\/p>\n","protected":false},"excerpt":{"rendered":"<p>La periodista Magdalena Ruiz Gui\u00f1az\u00fa denunci\u00f3 que se borr\u00f3 la firma de Ernesto S\u00e1bato de la nueva edici\u00f3n del Nunca M\u00e1s, aunque desde la editorial Eudeba se dijo que \u00abnunca\u00bb el pr\u00f3logo llev\u00f3 la firma del escritor.<\/p>\n","protected":false},"author":4,"featured_media":0,"comment_status":"open","ping_status":"open","sticky":false,"template":"","format":"standard","meta":{"_jetpack_newsletter_access":"","_jetpack_dont_email_post_to_subs":false,"_jetpack_newsletter_tier_id":0,"_jetpack_memberships_contains_paywalled_content":false,"_jetpack_memberships_contains_paid_content":false,"footnotes":""},"categories":[1],"tags":[],"class_list":["post-3707","post","type-post","status-publish","format-standard","hentry","category-sociedad"],"jetpack_featured_media_url":"","jetpack_shortlink":"https:\/\/wp.me\/p2JWE0-XN","jetpack-related-posts":[{"id":46285,"url":"https:\/\/www.24baires.com\/?p=46285","url_meta":{"origin":3707,"position":0},"title":"El pr\u00f3ximo viernes comenzar\u00e1 la 2\u00b0 edici\u00f3n de la Feria del Libro en La Plata","author":"GB","date":"19\/05\/2014","format":false,"excerpt":"Luego del \u00e9xito de la primera Feria del Libro \u201cCiudad de La Plata\u201d, vuelve la segunda edici\u00f3n de lo que ser\u00e1 el evento cultural m\u00e1s importante del a\u00f1o en nuestra ciudad, desde el 23 de mayo hasta el 1 de junio a partir de las 13hs en el Pasaje Dardo\u2026","rel":"","context":"En \u00abSociedad\u00bb","block_context":{"text":"Sociedad","link":"https:\/\/www.24baires.com\/?cat=1"},"img":{"alt_text":"feria del libro","src":"https:\/\/i0.wp.com\/www.24baires.com\/wp-content\/uploads\/2014\/05\/feria-del-libro.jpg?resize=350%2C200","width":350,"height":200,"srcset":"https:\/\/i0.wp.com\/www.24baires.com\/wp-content\/uploads\/2014\/05\/feria-del-libro.jpg?resize=350%2C200 1x, https:\/\/i0.wp.com\/www.24baires.com\/wp-content\/uploads\/2014\/05\/feria-del-libro.jpg?resize=525%2C300 1.5x"},"classes":[]},{"id":34533,"url":"https:\/\/www.24baires.com\/?p=34533","url_meta":{"origin":3707,"position":1},"title":"\u00abNi Magdalena ni Morales Sol\u00e1 nos representan\u00bb","author":"Grupo Sierra","date":"02\/11\/2013","format":false,"excerpt":"El periodista y abogado Pablo Llonto critic\u00f3 a Magdalena Ruiz Gui\u00f1az\u00fa y a Joaqu\u00edn Morales Sol\u00e1, por presentarse ante la Comisi\u00f3n Interamericana de los Derechos Humanos (CIDH) denunciando limitaciones a la libertad de expresi\u00f3n en Argentina. \"Ni Magdalena, ni Morales Sol\u00e1 nos representan, si los tuviera enfrente les preguntar\u00eda \u00bfY\u2026","rel":"","context":"En \u00abMedios\u00bb","block_context":{"text":"Medios","link":"https:\/\/www.24baires.com\/?cat=54"},"img":{"alt_text":"llonto","src":"https:\/\/i0.wp.com\/www.24baires.com\/wp-content\/uploads\/2013\/11\/llonto.jpg?resize=350%2C200","width":350,"height":200,"srcset":"https:\/\/i0.wp.com\/www.24baires.com\/wp-content\/uploads\/2013\/11\/llonto.jpg?resize=350%2C200 1x, https:\/\/i0.wp.com\/www.24baires.com\/wp-content\/uploads\/2013\/11\/llonto.jpg?resize=525%2C300 1.5x"},"classes":[]},{"id":2862,"url":"https:\/\/www.24baires.com\/?p=2862","url_meta":{"origin":3707,"position":2},"title":"El Negro Fontanarrosa vuelve al fin a las librer\u00edas","author":"AF","date":"21\/10\/2012","format":false,"excerpt":"M\u00e1s de cinco a\u00f1os despu\u00e9s de la muerte de Roberto Fontanarrosa y en medio de un litigio legal entre su hijo Franco, su segunda esposa,\u00a0Gabriela Mahy, y su editor habitual de De la Flor,\u00a0Daniel Divinsky, la editorial Planeta anunci\u00f3 que la semana pr\u00f3xima ya estar\u00e1n en las librer\u00edas cinco de\u2026","rel":"","context":"En \u00abArte &amp; Cultura\u00bb","block_context":{"text":"Arte &amp; Cultura","link":"https:\/\/www.24baires.com\/?cat=53"},"img":{"alt_text":"","src":"https:\/\/i0.wp.com\/www.24baires.com\/wp-content\/uploads\/2012\/10\/fontanarrosa.jpg?resize=350%2C200","width":350,"height":200},"classes":[]},{"id":23407,"url":"https:\/\/www.24baires.com\/?p=23407","url_meta":{"origin":3707,"position":3},"title":"Se acerca la primera feria del libro platense","author":"AF","date":"13\/05\/2013","format":false,"excerpt":"Tendr\u00e1 lugar en el Pasaje Dardo Rocha. La entrada ser\u00e1 libre y gratuita. Participar\u00e1n m\u00e1s de 90 editoriales, escritores locales y disertantes de renombre. Desde el 24 de mayo hasta el 2 de junio se realizar\u00e1 la primera edici\u00f3n de la Feria del Libro de La Plata en el Pasaje\u2026","rel":"","context":"En \u00abLocales\u00bb","block_context":{"text":"Locales","link":"https:\/\/www.24baires.com\/?cat=38"},"img":{"alt_text":"","src":"","width":0,"height":0},"classes":[]},{"id":5101,"url":"https:\/\/www.24baires.com\/?p=5101","url_meta":{"origin":3707,"position":4},"title":"Acuerdo entre la Defensor\u00eda y la Biblioteca Braile de la Provincia","author":"AF","date":"12\/11\/2012","format":false,"excerpt":"La Defensor\u00eda del Pueblo de la provincia Buenos Aires y la Biblioteca Braile bonaerense se comprometieron a trabajar de manera conjunta en el desarrollo de actividades para personas con discapacidad visual. El acuerdo, firmado por el director de la Biblioteca , Marcelo Calvo, y el ombudsman, Carlos Bonicatto, prev\u00e9 espec\u00edficamente\u2026","rel":"","context":"En \u00abSociedad\u00bb","block_context":{"text":"Sociedad","link":"https:\/\/www.24baires.com\/?cat=1"},"img":{"alt_text":"","src":"","width":0,"height":0},"classes":[]},{"id":34500,"url":"https:\/\/www.24baires.com\/?p=34500","url_meta":{"origin":3707,"position":5},"title":"Integrantes de la CIDH elogiaron la  Ley de Medios","author":"GB","date":"01\/11\/2013","format":false,"excerpt":"La Comisi\u00f3n Interamericana de Derechos Humanos de la Organizaci\u00f3n de Estados Americanos (OEA) respald\u00f3 las pol\u00edticas impulsadas por el gobierno argentino en favor de la libertad de expresi\u00f3n, en el marco de una audiencia pedida por siete periodistas, entre ellos algunos del Grupo Clar\u00edn y el diario La Naci\u00f3n, para\u2026","rel":"","context":"En \u00abPol\u00edtica\u00bb","block_context":{"text":"Pol\u00edtica","link":"https:\/\/www.24baires.com\/?cat=51"},"img":{"alt_text":"cidh","src":"https:\/\/i0.wp.com\/www.24baires.com\/wp-content\/uploads\/2013\/11\/cidh.jpg?resize=350%2C200","width":350,"height":200},"classes":[]}],"jetpack_sharing_enabled":true,"jetpack_likes_enabled":true,"_links":{"self":[{"href":"https:\/\/www.24baires.com\/index.php?rest_route=\/wp\/v2\/posts\/3707","targetHints":{"allow":["GET"]}}],"collection":[{"href":"https:\/\/www.24baires.com\/index.php?rest_route=\/wp\/v2\/posts"}],"about":[{"href":"https:\/\/www.24baires.com\/index.php?rest_route=\/wp\/v2\/types\/post"}],"author":[{"embeddable":true,"href":"https:\/\/www.24baires.com\/index.php?rest_route=\/wp\/v2\/users\/4"}],"replies":[{"embeddable":true,"href":"https:\/\/www.24baires.com\/index.php?rest_route=%2Fwp%2Fv2%2Fcomments&post=3707"}],"version-history":[{"count":3,"href":"https:\/\/www.24baires.com\/index.php?rest_route=\/wp\/v2\/posts\/3707\/revisions"}],"predecessor-version":[{"id":3709,"href":"https:\/\/www.24baires.com\/index.php?rest_route=\/wp\/v2\/posts\/3707\/revisions\/3709"}],"wp:attachment":[{"href":"https:\/\/www.24baires.com\/index.php?rest_route=%2Fwp%2Fv2%2Fmedia&parent=3707"}],"wp:term":[{"taxonomy":"category","embeddable":true,"href":"https:\/\/www.24baires.com\/index.php?rest_route=%2Fwp%2Fv2%2Fcategories&post=3707"},{"taxonomy":"post_tag","embeddable":true,"href":"https:\/\/www.24baires.com\/index.php?rest_route=%2Fwp%2Fv2%2Ftags&post=3707"}],"curies":[{"name":"wp","href":"https:\/\/api.w.org\/{rel}","templated":true}]}}