{"id":36983,"date":"2013-12-17T09:27:58","date_gmt":"2013-12-17T12:27:58","guid":{"rendered":"http:\/\/www.24baires.com\/?p=36983"},"modified":"2013-12-17T10:37:20","modified_gmt":"2013-12-17T13:37:20","slug":"las-inversiones-de-mauricio","status":"publish","type":"post","link":"https:\/\/www.24baires.com\/?p=36983","title":{"rendered":"Las inversiones de Mauricio"},"content":{"rendered":"<p><img data-recalc-dims=\"1\" loading=\"lazy\" decoding=\"async\" class=\"aligncenter size-full wp-image-36984\" alt=\"bolt macri\" src=\"https:\/\/i0.wp.com\/www.24baires.com\/wp-content\/uploads\/2013\/12\/bolt-macri.jpg?resize=560%2C314\" width=\"560\" height=\"314\" srcset=\"https:\/\/i0.wp.com\/www.24baires.com\/wp-content\/uploads\/2013\/12\/bolt-macri.jpg?w=560&amp;ssl=1 560w, https:\/\/i0.wp.com\/www.24baires.com\/wp-content\/uploads\/2013\/12\/bolt-macri.jpg?resize=300%2C168&amp;ssl=1 300w\" sizes=\"auto, (max-width: 560px) 100vw, 560px\" \/>Llegan estas \u00e9pocas donde debemos prestar aun m\u00e1s atenci\u00f3n de la normal a los gastos que hacemos. Porque gastamos m\u00e1s de lo habitual, porque salimos a festejar con amigos y compa\u00f1eros el Fin de A\u00f1o, porque compramos regalos, porque viajamos a visitar familiares y por varios motivos m\u00e1s. Y como nuestro bolsillo es limitado y nunca podemos hacer todo lo que queremos, tenemos que hacer cuentas para tratar de abarcar m\u00e1s: es el mes de los excesos, se come m\u00e1s, se toma m\u00e1s, se sale m\u00e1s, se gasta m\u00e1s\u2026 y aunque a algunos no les interese la Navidad y el hecho de que cambie el a\u00f1o pase desapercibido para muchos, ir a tomar una cerveza fr\u00eda por ah\u00ed es algo que no se le ha de negar a nadie.<!--more--><\/p>\n<p>Pero parece que hay personas que no tienen ese problemita de tener que hacer n\u00fameros y se dan los gustos en vida, qu\u00e9 tambi\u00e9n. El \u00fanico tema que podemos se\u00f1alar es que no lo hacen con su propia plata, aunque se seguro les sobra y nada les falta. Lo hacen con la plata de todos, al menos de todos los que viven bajo su gobierno.<\/p>\n<p>Y as\u00ed gasta Mauricio Macri. Pero a lo grande, digamos que con seis ceros. Pero no en un copet\u00edn despu\u00e9s de hora con los compa\u00f1eros de oficina, sino en traer figuras renombradas del deporte mundial a la Ciudad Aut\u00f3noma de Buenos Aires para, por ejemplo, correr con \u00e9l. Eso hizo, entre otras cosas el m\u00e1s veloz del mundo: el jamaiquino Usain Bolt, en cuya visita de menos de dos d\u00edas se gast\u00f3 la obscena suma de 4 millones de pesos por trotar junto al Jefe de Gobierno porte\u00f1o y ganarle \u2013encima- una carrera al colectivo 59.<\/p>\n<p>Seg\u00fan inform\u00f3 el diario La Naci\u00f3n, el secretario de Deportes de la Ciudad de Buenos Aires, Francisco Irarrazaval, detall\u00f3 que un mill\u00f3n fue directamente a Bolt y su equipo por la visita; otro mill\u00f3n se utiliz\u00f3 para montar toda la infraestructura de las distintas actividades que realiz\u00f3; los dos millones restantes son parte de un contrato con el atleta que ser\u00e1 la imagen de los Juegos Ol\u00edmpicos de la Juventud 2018. Ni a palos contratar deportistas argentinos\u2026<\/p>\n<p>Sumemos un peque\u00f1o detalle: Macri ya hab\u00eda gastado otros 3 millones de pesos en traer a los tenistas Rafael Nadal, Serena y Venus Williams en las \u00faltimas semanas. Y si se menciona, por ejemplo, que se lo trajo a Bolt para dar una \u201ccl\u00ednica deportiva\u201d en las villas donde no tienen ni para comer, no s\u00f3lo es una injuria horrible, sino una falta de respeto monstruosa. Pero es as\u00ed, as\u00ed fue.<\/p>\n<p>Veamos nosotros donde acomodamos nuestro aguinaldo, en que gastamos, fren\u00e9ticos consumistas de navidad. Porque parece que Mauricio ya sabe. \u00bfEn educaci\u00f3n, as\u00ed hay suficiente cupo para los chicos en las escuelas p\u00fablicas? No. Ser\u00e1 porque desprecia esos establecimientos o porque quiere promover la inscripci\u00f3n en colegios privados, pero no, ah\u00ed no va plata, y no hay cupos, cosa que pasa hoy, ahora, y cuando vino Nadal tambi\u00e9n. \u00bfInvertir unos pesos en ponerle gas al Borda antes del invierno? Pero no, que va\u2026 si se gast\u00f3 todo r\u00e1pido, con el m\u00e1s r\u00e1pido. Porque en la gesti\u00f3n PRO, el que no corre vuela.<\/p>\n","protected":false},"excerpt":{"rendered":"<p>Llegan estas \u00e9pocas donde debemos prestar aun m\u00e1s atenci\u00f3n de la normal a los gastos que hacemos. Porque gastamos m\u00e1s de lo habitual, porque salimos a festejar con amigos y compa\u00f1eros el Fin de A\u00f1o, porque compramos regalos, porque viajamos a visitar familiares y por varios motivos m\u00e1s. Y como nuestro bolsillo es limitado y nunca podemos hacer todo lo [&#8230;]<\/p>\n","protected":false},"author":11,"featured_media":0,"comment_status":"open","ping_status":"open","sticky":false,"template":"","format":"standard","meta":{"_jetpack_newsletter_access":"","_jetpack_dont_email_post_to_subs":false,"_jetpack_newsletter_tier_id":0,"_jetpack_memberships_contains_paywalled_content":false,"_jetpack_memberships_contains_paid_content":false,"footnotes":""},"categories":[64],"tags":[],"class_list":["post-36983","post","type-post","status-publish","format-standard","hentry","category-opinion"],"jetpack_featured_media_url":"","jetpack_shortlink":"https:\/\/wp.me\/p2JWE0-9Cv","jetpack-related-posts":[{"id":102489,"url":"https:\/\/www.24baires.com\/?p=102489","url_meta":{"origin":36983,"position":0},"title":"Dujovne anticip\u00f3 que \u00abse frenar\u00e1n los ingresos al Estado por dos a\u00f1os\u00bb","author":"AF","date":"01\/06\/2018","format":false,"excerpt":"El ministro de Hacienda, Nicol\u00e1s Dujovne, anunci\u00f3 hoy un plan de \"control y reducci\u00f3n de gastos\" en la Administraci\u00f3n P\u00fablica Nacional que incluye frenar los ingresos al Estado durante dos a\u00f1os y la venta de autom\u00f3viles del Poder Ejecutivo, entre otras medidas de impacto simb\u00f3lico. \"Los privilegios del sector p\u00fablico\u2026","rel":"","context":"En \u00abPol\u00edtica\u00bb","block_context":{"text":"Pol\u00edtica","link":"https:\/\/www.24baires.com\/?cat=51"},"img":{"alt_text":"","src":"https:\/\/i0.wp.com\/www.24baires.com\/wp-content\/uploads\/2016\/12\/dujovne.jpg?resize=350%2C200","width":350,"height":200,"srcset":"https:\/\/i0.wp.com\/www.24baires.com\/wp-content\/uploads\/2016\/12\/dujovne.jpg?resize=350%2C200 1x, https:\/\/i0.wp.com\/www.24baires.com\/wp-content\/uploads\/2016\/12\/dujovne.jpg?resize=525%2C300 1.5x"},"classes":[]},{"id":103426,"url":"https:\/\/www.24baires.com\/?p=103426","url_meta":{"origin":36983,"position":1},"title":"Aportes truchos: Macri cit\u00f3 a Vidal y dijo \u00absiempre rendimos los gastos de campa\u00f1a\u00bb","author":"Grupo Sierra","date":"18\/07\/2018","format":false,"excerpt":"En conferencia de prensa, el presidente Mauricio Macri evit\u00f3 referirse a las denuncias por los aportes truchos en la campa\u00f1a de Cambiemos y cit\u00f3 a la gobernadora Mar\u00eda Eugenia Vidal, al sostener que \"siempre rendimos los gastos de campa\u00f1a\" y pedir por una nueva ley de financiamiento partidario. Durante una\u2026","rel":"","context":"En \u00abPol\u00edtica\u00bb","block_context":{"text":"Pol\u00edtica","link":"https:\/\/www.24baires.com\/?cat=51"},"img":{"alt_text":"","src":"https:\/\/i0.wp.com\/www.dib.com.ar\/gestion\/images\/blogmanagement\/noticias\/thumb\/5b4fb0545fac61531949140.jpg?resize=350%2C200","width":350,"height":200,"srcset":"https:\/\/i0.wp.com\/www.dib.com.ar\/gestion\/images\/blogmanagement\/noticias\/thumb\/5b4fb0545fac61531949140.jpg?resize=350%2C200 1x, https:\/\/i0.wp.com\/www.dib.com.ar\/gestion\/images\/blogmanagement\/noticias\/thumb\/5b4fb0545fac61531949140.jpg?resize=525%2C300 1.5x"},"classes":[]},{"id":76323,"url":"https:\/\/www.24baires.com\/?p=76323","url_meta":{"origin":36983,"position":2},"title":"Vidal busca \u00abun equipo m\u00e1s chico, m\u00e1s funcional\u00bb para reducir gastos","author":"AF","date":"13\/12\/2015","format":false,"excerpt":"La gobernadora bonaerense asegur\u00f3 adem\u00e1s que la provincia \u201ctiene una oportunidad, con un nuevo escenario macroecon\u00f3mico, de salir a tomar deuda de organismos internacionales\u201d. En una entrevista concedida al diario La Naci\u00f3n, la flamante mandataria bonaerense se refiri\u00f3 a los principales ejes de su gesti\u00f3n, entre los que mencion\u00f3 su\u2026","rel":"","context":"En \u00abProvincia\u00bb","block_context":{"text":"Provincia","link":"https:\/\/www.24baires.com\/?cat=40"},"img":{"alt_text":"vidal","src":"https:\/\/i0.wp.com\/www.24baires.com\/wp-content\/uploads\/2014\/05\/vidal2.jpg?resize=350%2C200","width":350,"height":200,"srcset":"https:\/\/i0.wp.com\/www.24baires.com\/wp-content\/uploads\/2014\/05\/vidal2.jpg?resize=350%2C200 1x, https:\/\/i0.wp.com\/www.24baires.com\/wp-content\/uploads\/2014\/05\/vidal2.jpg?resize=525%2C300 1.5x"},"classes":[]},{"id":44367,"url":"https:\/\/www.24baires.com\/?p=44367","url_meta":{"origin":36983,"position":3},"title":"Finde largo: confirman que el gasto diario fue de entre $150 y $250 por turista","author":"AF","date":"21\/04\/2014","format":false,"excerpt":"Vicente Lourenzo, Vocero de la Confederaci\u00f3n Argentina de la Mediana Empresa (CAME) brind\u00f3 declaraciones sobre el movimiento tur\u00edstico del fin de semana largo de Semana Santa. Al respecto inform\u00f3 que \u201cCAME, a trav\u00e9s de sus 1400 entidades en todo el pa\u00eds recoge informaci\u00f3n de 40 centros tur\u00edsticos que hay a\u2026","rel":"","context":"En \u00abSociedad\u00bb","block_context":{"text":"Sociedad","link":"https:\/\/www.24baires.com\/?cat=1"},"img":{"alt_text":"partido de la costa","src":"https:\/\/i0.wp.com\/www.24baires.com\/wp-content\/uploads\/2013\/07\/partido-de-la-costa-300x225.jpg?resize=350%2C200","width":350,"height":200},"classes":[]},{"id":113538,"url":"https:\/\/www.24baires.com\/?p=113538","url_meta":{"origin":36983,"position":4},"title":"El Gobierno prepara un ajuste en el \u00abgasto pol\u00edtico\u00bb","author":"AF","date":"21\/12\/2019","format":false,"excerpt":"Santiago Cafiero destac\u00f3, adem\u00e1s, la sanci\u00f3n de la ley de Solidaridad Social y Reactivaci\u00f3n Productiva. Asegur\u00f3 que los jubilados se ver\u00e1n favorecidos con los aumentos. \"La medida puede ser antip\u00e1tica, pero necesitamos un esfuerzo\", dijo en torno al d\u00f3lar turista. El jefe de Gabinete, Santiago Cafiero, anunci\u00f3 hoy que el\u2026","rel":"","context":"En \u00abPol\u00edtica\u00bb","block_context":{"text":"Pol\u00edtica","link":"https:\/\/www.24baires.com\/?cat=51"},"img":{"alt_text":"","src":"https:\/\/i0.wp.com\/www.24baires.com\/wp-content\/uploads\/2019\/12\/santiago-cafiero.jpg?resize=350%2C200","width":350,"height":200,"srcset":"https:\/\/i0.wp.com\/www.24baires.com\/wp-content\/uploads\/2019\/12\/santiago-cafiero.jpg?resize=350%2C200 1x, https:\/\/i0.wp.com\/www.24baires.com\/wp-content\/uploads\/2019\/12\/santiago-cafiero.jpg?resize=525%2C300 1.5x"},"classes":[]},{"id":35737,"url":"https:\/\/www.24baires.com\/?p=35737","url_meta":{"origin":36983,"position":5},"title":"Piden al Frente Renovador que \u00abrecapacite\u00bb ante el Presupuesto 2014","author":"GB","date":"25\/11\/2013","format":false,"excerpt":"El senador bonaerense por el Frente para la Victoria (FPV), Luciano Martini, pidi\u00f3 a los legisladores del Frente Renovador que lidera Sergio Massa que \u201crecapaciten\" y debatan el presupuesto provincial para 2014 elaborado por el gobierno de Daniel Scioli. \"Lo peor que puede pasar es que no haya presupuesto y\u2026","rel":"","context":"En \u00abEconom\u00eda\u00bb","block_context":{"text":"Econom\u00eda","link":"https:\/\/www.24baires.com\/?cat=45"},"img":{"alt_text":"","src":"","width":0,"height":0},"classes":[]}],"jetpack_sharing_enabled":true,"jetpack_likes_enabled":true,"_links":{"self":[{"href":"https:\/\/www.24baires.com\/index.php?rest_route=\/wp\/v2\/posts\/36983","targetHints":{"allow":["GET"]}}],"collection":[{"href":"https:\/\/www.24baires.com\/index.php?rest_route=\/wp\/v2\/posts"}],"about":[{"href":"https:\/\/www.24baires.com\/index.php?rest_route=\/wp\/v2\/types\/post"}],"author":[{"embeddable":true,"href":"https:\/\/www.24baires.com\/index.php?rest_route=\/wp\/v2\/users\/11"}],"replies":[{"embeddable":true,"href":"https:\/\/www.24baires.com\/index.php?rest_route=%2Fwp%2Fv2%2Fcomments&post=36983"}],"version-history":[{"count":2,"href":"https:\/\/www.24baires.com\/index.php?rest_route=\/wp\/v2\/posts\/36983\/revisions"}],"predecessor-version":[{"id":37003,"href":"https:\/\/www.24baires.com\/index.php?rest_route=\/wp\/v2\/posts\/36983\/revisions\/37003"}],"wp:attachment":[{"href":"https:\/\/www.24baires.com\/index.php?rest_route=%2Fwp%2Fv2%2Fmedia&parent=36983"}],"wp:term":[{"taxonomy":"category","embeddable":true,"href":"https:\/\/www.24baires.com\/index.php?rest_route=%2Fwp%2Fv2%2Fcategories&post=36983"},{"taxonomy":"post_tag","embeddable":true,"href":"https:\/\/www.24baires.com\/index.php?rest_route=%2Fwp%2Fv2%2Ftags&post=36983"}],"curies":[{"name":"wp","href":"https:\/\/api.w.org\/{rel}","templated":true}]}}