{"id":3698,"date":"2012-10-29T14:10:42","date_gmt":"2012-10-29T17:10:42","guid":{"rendered":"http:\/\/www.24baires.com\/?p=3698"},"modified":"2012-10-29T15:14:09","modified_gmt":"2012-10-29T18:14:09","slug":"suspenden-la-inauguracion-del-cema","status":"publish","type":"post","link":"https:\/\/www.24baires.com\/?p=3698","title":{"rendered":"Suspenden la inauguraci\u00f3n del CEMA"},"content":{"rendered":"<p><strong>MAR DEL PLATA &#8211; <\/strong>Aunque el Centro de Especialidades M\u00e9dicas Ambulatorias ya se encuentra en funcionamiento, la inauguraci\u00f3n oficial deber\u00e1 seguir esperando, ya que la presidenta Cristina Fern\u00e1ndez de Kirchner no pod\u00eda realizar la teleconferencia pautada para este lunes.<!--more--><\/p>\n<p>En principio, estaba previsto que el acto se realizara este lunes a las 17.30, e incluso se hab\u00edan cursado las respectivas invitaciones.<\/p>\n<p>Sin embargo, y en raz\u00f3n de una reprogramaci\u00f3n de la agenda presidencial, la teleconferencia que iba a encabezar Cristina Fern\u00e1ndez debi\u00f3 ser reprogramada.<\/p>\n<p>Desde la Direcci\u00f3n de Prensa de la Municipalidad todav\u00eda no se fij\u00f3 una nueva fecha.<\/p>\n<p>Por otra parte, la Secretaria de Salud informa que las actividades m\u00e9dicas previstas en el CEMA continuar\u00e1n con normalidad.<\/p>\n","protected":false},"excerpt":{"rendered":"<p>MAR DEL PLATA &#8211; Aunque el Centro de Especialidades M\u00e9dicas Ambulatorias ya se encuentra en funcionamiento, la inauguraci\u00f3n oficial deber\u00e1 seguir esperando, ya que la presidenta Cristina Fern\u00e1ndez de Kirchner no pod\u00eda realizar la teleconferencia pautada para este lunes.<\/p>\n","protected":false},"author":4,"featured_media":0,"comment_status":"open","ping_status":"open","sticky":false,"template":"","format":"standard","meta":{"_jetpack_newsletter_access":"","_jetpack_dont_email_post_to_subs":false,"_jetpack_newsletter_tier_id":0,"_jetpack_memberships_contains_paywalled_content":false,"_jetpack_memberships_contains_paid_content":false,"footnotes":""},"categories":[38],"tags":[],"class_list":["post-3698","post","type-post","status-publish","format-standard","hentry","category-locales"],"jetpack_featured_media_url":"","jetpack_shortlink":"https:\/\/wp.me\/p2JWE0-XE","jetpack-related-posts":[{"id":56472,"url":"https:\/\/www.24baires.com\/?p=56472","url_meta":{"origin":3698,"position":0},"title":"Se reprogram\u00f3 el encuentro entre Cristina y Bachelet","author":"AF","date":"03\/11\/2014","format":false,"excerpt":"La visita que la presidenta de Chile ten\u00eda previsto realizar ma\u00f1ana a nuestro pa\u00eds \"ha sido reprogramada para el transcurso del mes de noviembre, sin fecha prevista hasta el momento\", como consecuencia del estado febril de Cristina Fern\u00e1ndez de Kirchner. As\u00ed lo inform\u00f3 el secretario de Comunicaci\u00f3n P\u00fablica, Alfredo Scoccimarro.\u2026","rel":"","context":"En \u00abPol\u00edtica\u00bb","block_context":{"text":"Pol\u00edtica","link":"https:\/\/www.24baires.com\/?cat=51"},"img":{"alt_text":"bachelet","src":"https:\/\/i0.wp.com\/www.24baires.com\/wp-content\/uploads\/2014\/03\/bchelet.jpg?resize=350%2C200","width":350,"height":200,"srcset":"https:\/\/i0.wp.com\/www.24baires.com\/wp-content\/uploads\/2014\/03\/bchelet.jpg?resize=350%2C200 1x, https:\/\/i0.wp.com\/www.24baires.com\/wp-content\/uploads\/2014\/03\/bchelet.jpg?resize=525%2C300 1.5x"},"classes":[]},{"id":31881,"url":"https:\/\/www.24baires.com\/?p=31881","url_meta":{"origin":3698,"position":1},"title":"Insaurralde: \u00abSer\u00eda maduro para la pol\u00edtica\u00bb poder debatir","author":"Grupo Sierra","date":"14\/09\/2013","format":false,"excerpt":"El candidato del Frente Para la Victoria asegur\u00f3 que intercambiar ideas con el resto de los postulantes es \u201cenriquecedor\u201d, en relaci\u00f3n a la negativa del Frente Renovador. Patricio Hogan, intendente de General Alvarado y candidato por el Frente Renovador dijo en TeVe Mar Chiquita que \u201clos debates se dan en\u2026","rel":"","context":"En \u00abPol\u00edtica\u00bb","block_context":{"text":"Pol\u00edtica","link":"https:\/\/www.24baires.com\/?cat=51"},"img":{"alt_text":"","src":"","width":0,"height":0},"classes":[]},{"id":112508,"url":"https:\/\/www.24baires.com\/?p=112508","url_meta":{"origin":3698,"position":2},"title":"El Coloquio de IDEA se desarrollar\u00e1 con Vidal, sin Alberto Fern\u00e1ndez y con Macri por teleconferencia","author":"AF","date":"15\/10\/2019","format":false,"excerpt":"Por primera vez desde que asumi\u00f3, el Presidente estar\u00e1 ausente. Tambi\u00e9n ser\u00e1n parte varios gobernadores electos y ratificados en el cargo. El Coloquio de IDEA en Mar del Plata tendr\u00e1 su apertura este mi\u00e9rcoles con la participaci\u00f3n de la gobernadora de la Buenos Aires, Mar\u00eda Eugenia Vidal. Mientras tanto, el\u2026","rel":"","context":"En \u00abPol\u00edtica\u00bb","block_context":{"text":"Pol\u00edtica","link":"https:\/\/www.24baires.com\/?cat=51"},"img":{"alt_text":"","src":"https:\/\/i0.wp.com\/www.24baires.com\/wp-content\/uploads\/2018\/10\/MACRI-IDEA.jpg?resize=350%2C200","width":350,"height":200,"srcset":"https:\/\/i0.wp.com\/www.24baires.com\/wp-content\/uploads\/2018\/10\/MACRI-IDEA.jpg?resize=350%2C200 1x, https:\/\/i0.wp.com\/www.24baires.com\/wp-content\/uploads\/2018\/10\/MACRI-IDEA.jpg?resize=525%2C300 1.5x"},"classes":[]},{"id":61006,"url":"https:\/\/www.24baires.com\/?p=61006","url_meta":{"origin":3698,"position":3},"title":"Randazzo asegur\u00f3 que el 9 de febrero estar\u00e1n renovados todos los ramales de la l\u00ednea Mitre","author":"GB","date":"30\/01\/2015","format":false,"excerpt":"As\u00ed lo inform\u00f3 el ministro del Interior y Transporte, Florencio Randazzo, durante una teleconferencia que mantiene este mediod\u00eda con la presidenta Cristina Fern\u00e1ndez de Kirchner para inaugurar formalmente los nuevos trenes del ramal Jos\u00e9 Le\u00f3n Su\u00e1rez de la l\u00ednea, que ya corren desde el lunes. Las incorporaciones en todos los\u2026","rel":"","context":"En \u00abSociedad\u00bb","block_context":{"text":"Sociedad","link":"https:\/\/www.24baires.com\/?cat=1"},"img":{"alt_text":"radazzo mitre","src":"https:\/\/i0.wp.com\/www.24baires.com\/wp-content\/uploads\/2015\/01\/radazzo-mitre1.jpg?resize=350%2C200","width":350,"height":200,"srcset":"https:\/\/i0.wp.com\/www.24baires.com\/wp-content\/uploads\/2015\/01\/radazzo-mitre1.jpg?resize=350%2C200 1x, https:\/\/i0.wp.com\/www.24baires.com\/wp-content\/uploads\/2015\/01\/radazzo-mitre1.jpg?resize=525%2C300 1.5x"},"classes":[]},{"id":9287,"url":"https:\/\/www.24baires.com\/?p=9287","url_meta":{"origin":3698,"position":4},"title":"Mar Chiquita tiene un nuevo parque de deportes","author":"AF","date":"15\/12\/2012","format":false,"excerpt":"La ministra de Gobierno, Cristina \u00c1lvarez Rodr\u00edguez, particip\u00f3 de la inauguraci\u00f3n del Parque Municipal de Deportes \u201cN\u00e9stor Kirchner\u201d en el Partido de Mar Chiquita, donde acompa\u00f1\u00f3 al intendente local, Jorge Paredi, a trav\u00e9s de una teleconferencia con la presidenta de la Naci\u00f3n, Cristina Fern\u00e1ndez de Kirchner. \"Estas como tantas obras\u2026","rel":"","context":"En \u00abLocales\u00bb","block_context":{"text":"Locales","link":"https:\/\/www.24baires.com\/?cat=38"},"img":{"alt_text":"","src":"","width":0,"height":0},"classes":[]},{"id":46533,"url":"https:\/\/www.24baires.com\/?p=46533","url_meta":{"origin":3698,"position":5},"title":"Scioli present\u00f3 un plan integral contra la narcocriminalidad en Mar del Plata","author":"GB","date":"22\/05\/2014","format":false,"excerpt":"Esta ma\u00f1ana tuvo lugar en el CEMA (Pehuaj\u00f3 y Gaboto) la puesta en marcha de una iniciativa integral contra la narcocriminalidad. En el acto estuvieron presentes el Gobernador de la provincia de Buenos Aires, Daniel Scioli, la procuradora General Gils Carb\u00f3, su par provincial Mar\u00eda del Carmen Falbo y el\u2026","rel":"","context":"En \u00abLocales\u00bb","block_context":{"text":"Locales","link":"https:\/\/www.24baires.com\/?cat=38"},"img":{"alt_text":"plan contra el narcotrafico","src":"https:\/\/i0.wp.com\/www.24baires.com\/wp-content\/uploads\/2014\/05\/plan-contra-el-narcotrafico.jpg?resize=350%2C200","width":350,"height":200,"srcset":"https:\/\/i0.wp.com\/www.24baires.com\/wp-content\/uploads\/2014\/05\/plan-contra-el-narcotrafico.jpg?resize=350%2C200 1x, https:\/\/i0.wp.com\/www.24baires.com\/wp-content\/uploads\/2014\/05\/plan-contra-el-narcotrafico.jpg?resize=525%2C300 1.5x"},"classes":[]}],"jetpack_sharing_enabled":true,"jetpack_likes_enabled":true,"_links":{"self":[{"href":"https:\/\/www.24baires.com\/index.php?rest_route=\/wp\/v2\/posts\/3698","targetHints":{"allow":["GET"]}}],"collection":[{"href":"https:\/\/www.24baires.com\/index.php?rest_route=\/wp\/v2\/posts"}],"about":[{"href":"https:\/\/www.24baires.com\/index.php?rest_route=\/wp\/v2\/types\/post"}],"author":[{"embeddable":true,"href":"https:\/\/www.24baires.com\/index.php?rest_route=\/wp\/v2\/users\/4"}],"replies":[{"embeddable":true,"href":"https:\/\/www.24baires.com\/index.php?rest_route=%2Fwp%2Fv2%2Fcomments&post=3698"}],"version-history":[{"count":2,"href":"https:\/\/www.24baires.com\/index.php?rest_route=\/wp\/v2\/posts\/3698\/revisions"}],"predecessor-version":[{"id":3702,"href":"https:\/\/www.24baires.com\/index.php?rest_route=\/wp\/v2\/posts\/3698\/revisions\/3702"}],"wp:attachment":[{"href":"https:\/\/www.24baires.com\/index.php?rest_route=%2Fwp%2Fv2%2Fmedia&parent=3698"}],"wp:term":[{"taxonomy":"category","embeddable":true,"href":"https:\/\/www.24baires.com\/index.php?rest_route=%2Fwp%2Fv2%2Fcategories&post=3698"},{"taxonomy":"post_tag","embeddable":true,"href":"https:\/\/www.24baires.com\/index.php?rest_route=%2Fwp%2Fv2%2Ftags&post=3698"}],"curies":[{"name":"wp","href":"https:\/\/api.w.org\/{rel}","templated":true}]}}