{"id":3693,"date":"2012-10-29T14:54:00","date_gmt":"2012-10-29T17:54:00","guid":{"rendered":"http:\/\/www.24baires.com\/?p=3693"},"modified":"2012-10-29T14:54:00","modified_gmt":"2012-10-29T17:54:00","slug":"el-juez-que-viajo-a-miami-invitado-por-clarin-tiene-20-dias-para-hacer-su-descargo","status":"publish","type":"post","link":"https:\/\/www.24baires.com\/?p=3693","title":{"rendered":"El Juez que viaj\u00f3 a Miami invitado por Clar\u00edn tiene 20 d\u00edas para hacer su descargo"},"content":{"rendered":"<p><img data-recalc-dims=\"1\" loading=\"lazy\" decoding=\"async\" class=\"alignleft size-medium wp-image-3694\" title=\"de las carreras\" src=\"https:\/\/i0.wp.com\/www.24baires.com\/wp-content\/uploads\/2012\/10\/de-las-carreras.jpg?resize=300%2C179\" alt=\"\" width=\"300\" height=\"179\" srcset=\"https:\/\/i0.wp.com\/www.24baires.com\/wp-content\/uploads\/2012\/10\/de-las-carreras.jpg?resize=300%2C179&amp;ssl=1 300w, https:\/\/i0.wp.com\/www.24baires.com\/wp-content\/uploads\/2012\/10\/de-las-carreras.jpg?w=560&amp;ssl=1 560w\" sizes=\"auto, (max-width: 300px) 100vw, 300px\" \/>La comisi\u00f3n de Acusaci\u00f3n y Disciplina estableci\u00f3 que el juez Francisco Horacio de las Carreras, tiene 20 d\u00edas h\u00e1biles para presentar su descargo, en relaci\u00f3n a la denuncia realizada por el Gobierno sobre su participaci\u00f3n en un seminario en Miami invitado por el grupo Clar\u00edn.<!--more--><\/p>\n<p>La comisi\u00f3n pas\u00f3 a un cuarto intermedio esta tarde, luego de que -seg\u00fan el art\u00edculo 11 del reglamento del consejo- se otorgara ese plazo al juez de la Sala 1 de la C\u00e1mara Civil y Comercial, denunciado por el Gobierno Nacional.<\/p>\n<p>La decisi\u00f3n se tom\u00f3 luego de que el representante del Poder Ejecutivo en el Consejo, Hern\u00e1n Ordiales, propusiera \u00abinvitar\u00bb al magistrado a que se haga presente en la reuni\u00f3n de comisi\u00f3n del pr\u00f3ximo jueves, propuesta que finalmente no prosper\u00f3.<\/p>\n<p>Seg\u00fan la denuncia, De las Carreras particip\u00f3 entre el 1 y 3 de mayo de este a\u00f1o en Miami de un encuentro del Centro de Estudios para el Desarrollo de las Telecomunicaciones y el Acceso a la Sociedad de la Informaci\u00f3n de Am\u00e9rica Latina (CERTAL), auspiciada por Cablevisi\u00f3n, entre cuyos disertantes se encontraba el juez Ricardo Recondo.<\/p>\n","protected":false},"excerpt":{"rendered":"<p>La comisi\u00f3n de Acusaci\u00f3n y Disciplina estableci\u00f3 que el juez Francisco Horacio de las Carreras, tiene 20 d\u00edas h\u00e1biles para presentar su descargo, en relaci\u00f3n a la denuncia realizada por el Gobierno sobre su participaci\u00f3n en un seminario en Miami invitado por el grupo Clar\u00edn.<\/p>\n","protected":false},"author":4,"featured_media":0,"comment_status":"open","ping_status":"open","sticky":false,"template":"","format":"standard","meta":{"_jetpack_newsletter_access":"","_jetpack_dont_email_post_to_subs":false,"_jetpack_newsletter_tier_id":0,"_jetpack_memberships_contains_paywalled_content":false,"_jetpack_memberships_contains_paid_content":false,"footnotes":""},"categories":[51],"tags":[],"class_list":["post-3693","post","type-post","status-publish","format-standard","hentry","category-politica"],"jetpack_featured_media_url":"","jetpack_shortlink":"https:\/\/wp.me\/p2JWE0-Xz","jetpack-related-posts":[{"id":4110,"url":"https:\/\/www.24baires.com\/?p=4110","url_meta":{"origin":3693,"position":0},"title":"Bocanera reconoci\u00f3 que a Tettamanti lo designaron &#8216;a dedo&#8217;","author":"AF","date":"01\/11\/2012","format":false,"excerpt":"El secretario general del fuero Civil y Comercial ofreci\u00f3 su testimonio ante la Comisi\u00f3n de Disciplina y Acusaci\u00f3n del Consejo de la Magistratura. All\u00ed asegur\u00f3 que al juez, jubilado, Ra\u00fal Tettamanti lo designaron de forma manual. El secretario general del la C\u00e1mara Civil y Comercial Federal, Gustavo Bocanera, quien prest\u00f3\u2026","rel":"","context":"En \u00abMedios\u00bb","block_context":{"text":"Medios","link":"https:\/\/www.24baires.com\/?cat=54"},"img":{"alt_text":"","src":"https:\/\/i0.wp.com\/www.24baires.com\/wp-content\/uploads\/2012\/11\/tettamanti2-300x193.jpg?resize=350%2C200","width":350,"height":200},"classes":[]},{"id":4309,"url":"https:\/\/www.24baires.com\/?p=4309","url_meta":{"origin":3693,"position":1},"title":"El CERTAL reconoci\u00f3 que entre sus sponsors est\u00e1 el Grupo Clar\u00edn","author":"Grupo Sierra","date":"03\/11\/2012","format":false,"excerpt":"La ONG que invit\u00f3 al magistrado Francisco Horacio de las Carreras a participar de un congreso realizado en Miami con los gastos de alojamiento y pasajes pagos, amiti\u00f3 que su \"principal fuente de financiamiento son los aportes que realizan los diversos sponsors\", entre los que se cuentan varias empresas pertenecientes\u2026","rel":"","context":"En \u00abMedios\u00bb","block_context":{"text":"Medios","link":"https:\/\/www.24baires.com\/?cat=54"},"img":{"alt_text":"","src":"","width":0,"height":0},"classes":[]},{"id":4147,"url":"https:\/\/www.24baires.com\/?p=4147","url_meta":{"origin":3693,"position":2},"title":"El juez De las Carreras fue denunciado por el Gobierno por presunta \u00abrecepci\u00f3n de d\u00e1divas\u00bb de Clar\u00edn","author":"AF","date":"02\/11\/2012","format":false,"excerpt":"En la presentaci\u00f3n solicita que se investigue el delito de \"recepci\u00f3n de d\u00e1divas\" por parte del juez, quien particip\u00f3 de un congreso en Miami organizado por una ONG que integra y financia el Grupo Clar\u00edn. En rueda de prensa, el ministro de Justicia, Julio Alak, inform\u00f3 que el jefe de\u2026","rel":"","context":"En \u00abMedios\u00bb","block_context":{"text":"Medios","link":"https:\/\/www.24baires.com\/?cat=54"},"img":{"alt_text":"","src":"https:\/\/i0.wp.com\/www.24baires.com\/wp-content\/uploads\/2012\/11\/de-las-carreras2-300x179.jpg?resize=350%2C200","width":350,"height":200},"classes":[]},{"id":3291,"url":"https:\/\/www.24baires.com\/?p=3291","url_meta":{"origin":3693,"position":3},"title":"Recusan al camarista que recibi\u00f3 un viaje a Miami del Grupo Clar\u00edn","author":"Grupo Sierra","date":"26\/10\/2012","format":false,"excerpt":"El Ejecutivo recus\u00f3 a un integrante de la Sala 1 de la C\u00e1mara Civil y Comercial, que debe decidir sobre la constitucionalidad de dos art\u00edculos, tras de detectar que el Grupo Clar\u00edn le obsequi\u00f3 un viaje a Miami. El Consejo de la Magistratura citar\u00e1 adem\u00e1s al camarista. As\u00ed lo consign\u00f3\u2026","rel":"","context":"En \u00abMedios\u00bb","block_context":{"text":"Medios","link":"https:\/\/www.24baires.com\/?cat=54"},"img":{"alt_text":"","src":"https:\/\/i0.wp.com\/www.24baires.com\/wp-content\/uploads\/2012\/10\/Miami-Beach2.jpg?resize=350%2C200","width":350,"height":200,"srcset":"https:\/\/i0.wp.com\/www.24baires.com\/wp-content\/uploads\/2012\/10\/Miami-Beach2.jpg?resize=350%2C200 1x, https:\/\/i0.wp.com\/www.24baires.com\/wp-content\/uploads\/2012\/10\/Miami-Beach2.jpg?resize=525%2C300 1.5x"},"classes":[]},{"id":6251,"url":"https:\/\/www.24baires.com\/?p=6251","url_meta":{"origin":3693,"position":4},"title":"Se resolver\u00e1 la situaci\u00f3n del juez De las Carreras con jueces contenciosos","author":"AF","date":"21\/11\/2012","format":false,"excerpt":"La C\u00e1mara Civil resolver\u00e1 la recusaci\u00f3n del magistrado Francisco de las Carreras con jueces del fuero Contencioso Administrativo. Junto a Susana Najurieta, esos jueces resolver\u00e1n la situaci\u00f3n del funcionario investigado por d\u00e1divas del Grupo Clar\u00edn. Los integrantes de la C\u00e1mara Civil y Comercial aceptaron incorporar dos integrantes de la C\u00e1mara\u2026","rel":"","context":"En \u00abPol\u00edtica\u00bb","block_context":{"text":"Pol\u00edtica","link":"https:\/\/www.24baires.com\/?cat=51"},"img":{"alt_text":"","src":"","width":0,"height":0},"classes":[]},{"id":107261,"url":"https:\/\/www.24baires.com\/?p=107261","url_meta":{"origin":3693,"position":5},"title":"El Poder Ejecutivo arremete contra Ramos Padilla","author":"AF","date":"18\/03\/2019","format":false,"excerpt":"El Gobierno concret\u00f3 el pedido de destituci\u00f3n del juez Alejo Ramos Padilla, que investiga una red de espionaje y extorsi\u00f3n que podr\u00eda alcanzar a sectores del oficialismo. Por orden del presidente Mauricio Macri, el representante del Poder Ejecutivo ante el Consejo de la Magistratura, Juan Bautista Mah\u00edques, hizo una presentaci\u00f3n\u2026","rel":"","context":"En \u00abJUDICIALES\u00bb","block_context":{"text":"JUDICIALES","link":"https:\/\/www.24baires.com\/?cat=68"},"img":{"alt_text":"","src":"https:\/\/i0.wp.com\/www.24baires.com\/wp-content\/uploads\/2019\/03\/ramos-padilla-1.jpg?resize=350%2C200","width":350,"height":200,"srcset":"https:\/\/i0.wp.com\/www.24baires.com\/wp-content\/uploads\/2019\/03\/ramos-padilla-1.jpg?resize=350%2C200 1x, https:\/\/i0.wp.com\/www.24baires.com\/wp-content\/uploads\/2019\/03\/ramos-padilla-1.jpg?resize=525%2C300 1.5x"},"classes":[]}],"jetpack_sharing_enabled":true,"jetpack_likes_enabled":true,"_links":{"self":[{"href":"https:\/\/www.24baires.com\/index.php?rest_route=\/wp\/v2\/posts\/3693","targetHints":{"allow":["GET"]}}],"collection":[{"href":"https:\/\/www.24baires.com\/index.php?rest_route=\/wp\/v2\/posts"}],"about":[{"href":"https:\/\/www.24baires.com\/index.php?rest_route=\/wp\/v2\/types\/post"}],"author":[{"embeddable":true,"href":"https:\/\/www.24baires.com\/index.php?rest_route=\/wp\/v2\/users\/4"}],"replies":[{"embeddable":true,"href":"https:\/\/www.24baires.com\/index.php?rest_route=%2Fwp%2Fv2%2Fcomments&post=3693"}],"version-history":[{"count":2,"href":"https:\/\/www.24baires.com\/index.php?rest_route=\/wp\/v2\/posts\/3693\/revisions"}],"predecessor-version":[{"id":3696,"href":"https:\/\/www.24baires.com\/index.php?rest_route=\/wp\/v2\/posts\/3693\/revisions\/3696"}],"wp:attachment":[{"href":"https:\/\/www.24baires.com\/index.php?rest_route=%2Fwp%2Fv2%2Fmedia&parent=3693"}],"wp:term":[{"taxonomy":"category","embeddable":true,"href":"https:\/\/www.24baires.com\/index.php?rest_route=%2Fwp%2Fv2%2Fcategories&post=3693"},{"taxonomy":"post_tag","embeddable":true,"href":"https:\/\/www.24baires.com\/index.php?rest_route=%2Fwp%2Fv2%2Ftags&post=3693"}],"curies":[{"name":"wp","href":"https:\/\/api.w.org\/{rel}","templated":true}]}}