{"id":3690,"date":"2012-10-29T11:05:24","date_gmt":"2012-10-29T14:05:24","guid":{"rendered":"http:\/\/www.24baires.com\/?p=3690"},"modified":"2012-10-29T14:31:06","modified_gmt":"2012-10-29T17:31:06","slug":"el-clima-complica-mas-aun-la-situacion-en-campos-bonaerenses","status":"publish","type":"post","link":"https:\/\/www.24baires.com\/?p=3690","title":{"rendered":"El clima complica m\u00e1s a\u00fan la situaci\u00f3n en campos bonaerenses"},"content":{"rendered":"<p>La Confederaci\u00f3n de Asociaciones Rurales de Buenos Aires y La Pampa, Carbap, evalu\u00f3 que entre seis y ocho millones de hect\u00e1reas se encuentran afectadas por las inundaciones provocadas por las recurrentes lluvias y los problemas h\u00eddricos de la Provincia.<!--more--><\/p>\n<p>En declaraciones period\u00edsticas, el asesor y ex presidente de la entidad, Alberto Frola, se mostr\u00f3 preocupado ante el estado de los campos de buena parte del territorio bonaerense, dentro de lo que nombr\u00f3 como los m\u00e1s cr\u00edticos los casos de Trenque Laquen, Saladillo, Pehuaj\u00f3, Bolivar, Salliquel\u00f3, Olavarr\u00eda, Tapalqu\u00e9 y Las Flores.<\/p>\n<p>El dirigente expres\u00f3 su preocupaci\u00f3n por las p\u00e9rdidas que tendr\u00e1 el sector ante la situaci\u00f3n, de la que opin\u00f3 que \u00ablas situaciones clim\u00e1ticas estaban previstas\u00bb, como para poder haber realizado obras preventivas.<\/p>\n<p>\u00abSe afectaron las cuencas superiores, que luego, con el tr\u00e1nsito del agua, afecta las zonas inferiores y hasta el punto n\u00facleo se ve anegado y con caminos intransitables\u00bb, explic\u00f3 el ruralista.<\/p>\n<p>Si bien a nivel provincial se avanz\u00f3 con la firma de decretos de emergencia y desastre que permiten posponer o eximir de impuestos a los propietarios de las zonas afectadas, Frola explic\u00f3 que a nivel nacional no se ha firmado un solo decreto al respecto, algo que el sector viene pidiendo desde la sequ\u00eda de comienzo de 2012.<\/p>\n<p>Esas r\u00fabricas permitir\u00edan posponer o eximirse del impuesto a las Ganancias y bienes personales, entre otros beneficios para apoyar a los productores.<\/p>\n<p>En ese sentido, indic\u00f3 que la cosecha fina -que incluye la cebada, el trigo y el centeno- est\u00e1 \u00abperdida en gran medida\u00bb, mientras que la cosecha gruesa -ma\u00edz, soja, sorbo y girasol- tambi\u00e9n se encuentra fuertemente afectada porque \u00absi bien se puede sembrar en las lomas, muchas veces no hay posibilidades de acceder hasta all\u00ed\u00bb, cont\u00f3.<\/p>\n<p>Seg\u00fan Frola, tambi\u00e9n en el sector ganadero la p\u00e9rdida es muy grande, mientras que los tambos tuvieron un perjuicio del 30 por ciento<\/p>\n","protected":false},"excerpt":{"rendered":"<p>La Confederaci\u00f3n de Asociaciones Rurales de Buenos Aires y La Pampa, Carbap, evalu\u00f3 que entre seis y ocho millones de hect\u00e1reas se encuentran afectadas por las inundaciones provocadas por las recurrentes lluvias y los problemas h\u00eddricos de la Provincia.<\/p>\n","protected":false},"author":4,"featured_media":0,"comment_status":"open","ping_status":"open","sticky":false,"template":"","format":"standard","meta":{"_jetpack_newsletter_access":"","_jetpack_dont_email_post_to_subs":false,"_jetpack_newsletter_tier_id":0,"_jetpack_memberships_contains_paywalled_content":false,"_jetpack_memberships_contains_paid_content":false,"footnotes":""},"categories":[40],"tags":[],"class_list":["post-3690","post","type-post","status-publish","format-standard","hentry","category-provincia"],"jetpack_featured_media_url":"","jetpack_shortlink":"https:\/\/wp.me\/p2JWE0-Xw","jetpack-related-posts":[{"id":122686,"url":"https:\/\/www.24baires.com\/?p=122686","url_meta":{"origin":3690,"position":0},"title":"Provincia y el municipio de Bol\u00edvar desplegaron un operativo de emergencia tras el fuerte temporal","author":"GB","date":"05\/11\/2025","format":false,"excerpt":"La tormenta golpe\u00f3 con dureza y dej\u00f3 la ciudad en condiciones cr\u00edticas. Desde temprano, el gobierno bonaerense y el municipio articulan la asistencia para atender los da\u00f1os y acompa\u00f1ar a las familias. La localidad de Bol\u00edvar se vi\u00f3 afectada por un temporal que dej\u00f3 a la ciudad en graves condiciones.\u2026","rel":"","context":"En \u00abProvincia\u00bb","block_context":{"text":"Provincia","link":"https:\/\/www.24baires.com\/?cat=40"},"img":{"alt_text":"","src":"https:\/\/i0.wp.com\/www.24baires.com\/wp-content\/uploads\/2025\/11\/bolivar-ayuda.webp?resize=350%2C200","width":350,"height":200,"srcset":"https:\/\/i0.wp.com\/www.24baires.com\/wp-content\/uploads\/2025\/11\/bolivar-ayuda.webp?resize=350%2C200 1x, https:\/\/i0.wp.com\/www.24baires.com\/wp-content\/uploads\/2025\/11\/bolivar-ayuda.webp?resize=525%2C300 1.5x, https:\/\/i0.wp.com\/www.24baires.com\/wp-content\/uploads\/2025\/11\/bolivar-ayuda.webp?resize=700%2C400 2x"},"classes":[]},{"id":44141,"url":"https:\/\/www.24baires.com\/?p=44141","url_meta":{"origin":3690,"position":1},"title":"Ciudades del noroeste bonaerense en estado de alerta por lluvias","author":"Grupo Sierra","date":"17\/04\/2014","format":false,"excerpt":"Los excesos de agua se registran en General Viamonte y Jun\u00edn, donde cayeron 158 mil\u00edmetros en lo que va de abril. El distrito juninense present\u00f3 ante la Comisi\u00f3n de Emergencia y Desastre Agropecuario de la provincia de Buenos Aires un informe para que se otorgue un beneficio argumentando una merma\u2026","rel":"","context":"En \u00abProvincia\u00bb","block_context":{"text":"Provincia","link":"https:\/\/www.24baires.com\/?cat=40"},"img":{"alt_text":"oeste bonaerense inundado","src":"https:\/\/i0.wp.com\/www.24baires.com\/wp-content\/uploads\/2012\/12\/oeste-bonaerense-inundado.jpg?resize=350%2C200","width":350,"height":200,"srcset":"https:\/\/i0.wp.com\/www.24baires.com\/wp-content\/uploads\/2012\/12\/oeste-bonaerense-inundado.jpg?resize=350%2C200 1x, https:\/\/i0.wp.com\/www.24baires.com\/wp-content\/uploads\/2012\/12\/oeste-bonaerense-inundado.jpg?resize=525%2C300 1.5x"},"classes":[]},{"id":115628,"url":"https:\/\/www.24baires.com\/?p=115628","url_meta":{"origin":3690,"position":2},"title":"Provincia eval\u00faa como continuar\u00e1n las cuarentenas de los distritos m\u00e1s afectados","author":"AF","date":"14\/07\/2020","format":false,"excerpt":"El viernes finaliza la etapa m\u00e1s restrictiva de la cuarentena y la Provincia analiza c\u00f3mo contin\u00faa el aislamiento en los distritos m\u00e1s afectadas por el coronavirus. El gobernador Axel Kicillof mantiene una reuni\u00f3n v\u00eda teleconferencia con los 35 intendentes del \u00c1rea Metropolitana de Buenos Aires, luego del encuentro con el\u2026","rel":"","context":"En \u00abProvincia\u00bb","block_context":{"text":"Provincia","link":"https:\/\/www.24baires.com\/?cat=40"},"img":{"alt_text":"","src":"https:\/\/i0.wp.com\/www.24baires.com\/wp-content\/uploads\/2020\/05\/barbijos.jpg?resize=350%2C200","width":350,"height":200,"srcset":"https:\/\/i0.wp.com\/www.24baires.com\/wp-content\/uploads\/2020\/05\/barbijos.jpg?resize=350%2C200 1x, https:\/\/i0.wp.com\/www.24baires.com\/wp-content\/uploads\/2020\/05\/barbijos.jpg?resize=525%2C300 1.5x"},"classes":[]},{"id":38132,"url":"https:\/\/www.24baires.com\/?p=38132","url_meta":{"origin":3690,"position":3},"title":"Los afectados por los incendios no pagar\u00e1n impuestos inmobiliarios","author":"Grupo Sierra","date":"08\/01\/2014","format":false,"excerpt":"As\u00ed lo precis\u00f3 el titular de ARBA, Ivan Budassi, en un encuentro en el que participaron ministros del gabinete bonaerense y representantes de las entidades del campo. El gobernador Daniel Scioli se reuni\u00f3 con la Mesa Agropecuaria bonaerense para analizar la situaci\u00f3n del campo tras los incendios forestales que se\u2026","rel":"","context":"En \u00abProvincia\u00bb","block_context":{"text":"Provincia","link":"https:\/\/www.24baires.com\/?cat=40"},"img":{"alt_text":"incendio forestal sierra","src":"https:\/\/i0.wp.com\/www.24baires.com\/wp-content\/uploads\/2014\/01\/incendio-forestal-sierra.jpg?resize=350%2C200","width":350,"height":200,"srcset":"https:\/\/i0.wp.com\/www.24baires.com\/wp-content\/uploads\/2014\/01\/incendio-forestal-sierra.jpg?resize=350%2C200 1x, https:\/\/i0.wp.com\/www.24baires.com\/wp-content\/uploads\/2014\/01\/incendio-forestal-sierra.jpg?resize=525%2C300 1.5x"},"classes":[]},{"id":101887,"url":"https:\/\/www.24baires.com\/?p=101887","url_meta":{"origin":3690,"position":4},"title":"Vidal supervis\u00f3 los operativos en las zonas m\u00e1s castigadas del Conurbano por el temporal","author":"GB","date":"30\/04\/2018","format":false,"excerpt":"La Gobernadora visit\u00f3 un centro de evacuados en PIlar y m\u00e1s tarde estuvo en el Centro de Monitoreo de Tres de Febrero. Son dos de los municipios que m\u00e1s padecieron las consecuencias de las tormentas del fin de semana. La gobernadora Mar\u00eda Eugenia Vidal, visit\u00f3 durante la tarde de ayer\u2026","rel":"","context":"En \u00abProvincia\u00bb","block_context":{"text":"Provincia","link":"https:\/\/www.24baires.com\/?cat=40"},"img":{"alt_text":"","src":"https:\/\/i0.wp.com\/www.24baires.com\/wp-content\/uploads\/2018\/04\/e.jpeg?resize=350%2C200","width":350,"height":200,"srcset":"https:\/\/i0.wp.com\/www.24baires.com\/wp-content\/uploads\/2018\/04\/e.jpeg?resize=350%2C200 1x, https:\/\/i0.wp.com\/www.24baires.com\/wp-content\/uploads\/2018\/04\/e.jpeg?resize=525%2C300 1.5x"},"classes":[]},{"id":3168,"url":"https:\/\/www.24baires.com\/?p=3168","url_meta":{"origin":3690,"position":5},"title":"Preocupa la situaci\u00f3n en zonas inundadas de la Provincia","author":"AF","date":"25\/10\/2012","format":false,"excerpt":"Se agrava la situaci\u00f3n en una vasta regi\u00f3n inundada de la Provincia. Las \u00faltimas lluvias volvieron a complicar la producci\u00f3n y la transitabilidad en una decena de distritos. Localidades aisladas. La situaci\u00f3n cr\u00edtica que atraviesan los distritos del oeste de la Provincia desde hace dos meses como consecuencia de las\u2026","rel":"","context":"En \u00abProvincia\u00bb","block_context":{"text":"Provincia","link":"https:\/\/www.24baires.com\/?cat=40"},"img":{"alt_text":"","src":"https:\/\/i0.wp.com\/www.24baires.com\/wp-content\/uploads\/2012\/10\/provincia-inundados-255x300.gif?resize=350%2C200","width":350,"height":200},"classes":[]}],"jetpack_sharing_enabled":true,"jetpack_likes_enabled":true,"_links":{"self":[{"href":"https:\/\/www.24baires.com\/index.php?rest_route=\/wp\/v2\/posts\/3690","targetHints":{"allow":["GET"]}}],"collection":[{"href":"https:\/\/www.24baires.com\/index.php?rest_route=\/wp\/v2\/posts"}],"about":[{"href":"https:\/\/www.24baires.com\/index.php?rest_route=\/wp\/v2\/types\/post"}],"author":[{"embeddable":true,"href":"https:\/\/www.24baires.com\/index.php?rest_route=\/wp\/v2\/users\/4"}],"replies":[{"embeddable":true,"href":"https:\/\/www.24baires.com\/index.php?rest_route=%2Fwp%2Fv2%2Fcomments&post=3690"}],"version-history":[{"count":2,"href":"https:\/\/www.24baires.com\/index.php?rest_route=\/wp\/v2\/posts\/3690\/revisions"}],"predecessor-version":[{"id":3692,"href":"https:\/\/www.24baires.com\/index.php?rest_route=\/wp\/v2\/posts\/3690\/revisions\/3692"}],"wp:attachment":[{"href":"https:\/\/www.24baires.com\/index.php?rest_route=%2Fwp%2Fv2%2Fmedia&parent=3690"}],"wp:term":[{"taxonomy":"category","embeddable":true,"href":"https:\/\/www.24baires.com\/index.php?rest_route=%2Fwp%2Fv2%2Fcategories&post=3690"},{"taxonomy":"post_tag","embeddable":true,"href":"https:\/\/www.24baires.com\/index.php?rest_route=%2Fwp%2Fv2%2Ftags&post=3690"}],"curies":[{"name":"wp","href":"https:\/\/api.w.org\/{rel}","templated":true}]}}