{"id":3685,"date":"2012-10-29T14:08:21","date_gmt":"2012-10-29T17:08:21","guid":{"rendered":"http:\/\/www.24baires.com\/?p=3685"},"modified":"2012-10-29T14:08:21","modified_gmt":"2012-10-29T17:08:21","slug":"en-la-plata-se-reciclan-90-toneladas-de-basura-por-dia","status":"publish","type":"post","link":"https:\/\/www.24baires.com\/?p=3685","title":{"rendered":"En La Plata se reciclan 90 toneladas de basura por d\u00eda"},"content":{"rendered":"<p><img data-recalc-dims=\"1\" loading=\"lazy\" decoding=\"async\" class=\"alignleft size-medium wp-image-3686\" title=\"basura LP\" src=\"https:\/\/i0.wp.com\/www.24baires.com\/wp-content\/uploads\/2012\/10\/basura-LP.jpg?resize=300%2C194\" alt=\"\" width=\"300\" height=\"194\" srcset=\"https:\/\/i0.wp.com\/www.24baires.com\/wp-content\/uploads\/2012\/10\/basura-LP.jpg?resize=300%2C194&amp;ssl=1 300w, https:\/\/i0.wp.com\/www.24baires.com\/wp-content\/uploads\/2012\/10\/basura-LP.jpg?w=560&amp;ssl=1 560w\" sizes=\"auto, (max-width: 300px) 100vw, 300px\" \/>Esto se logra mediante el programa Bolsa Verde, de separaci\u00f3n de residuos, que da trabajo a 300 ex-cartoneros. Debido a la alta participaci\u00f3n de los vecinos, se ampli\u00f3 la recolecci\u00f3n de lunes a viernes. Estas 90 toneladas representan entre el 12% y el 15% del total de los residuos, y as\u00ed se evita su env\u00edo al relleno sanitario de la CEAMSE de la localidad de Ensenada.<!--more--><\/p>\n<p>En La Plata desde hace cuatro a\u00f1os se lleva adelante el programa Bolsa Verde, el plan de separaci\u00f3n de residuos m\u00e1s grande del pa\u00eds, mediante el cual en la actualidad se reciclan casi 90 toneladas de desechos secos. De esta forma se ha logrado reducir entre un 12% y un 15% del volumen del total de los residuos enviados al relleno sanitario de la CEAMSE de la localidad de Ensenada. As\u00ed se lleg\u00f3 a implementar una pol\u00edtica tendiente al cuidado del medioambiente y el mejoramiento de la calidad de vida de los vecinos.<\/p>\n<p>De esta manera la Ciudad de las Diagonales es la \u00fanica del pa\u00eds con m\u00e1s de 650 mil habitantes con un plan de separaci\u00f3n en origen, que ya abarca casi un 70% de las calles del distrito y al 80% de las poblaci\u00f3n.<\/p>\n<p>Este programa se complementa con el funcionamiento de cooperativas que realizan el \u00faltimo tramo de la separaci\u00f3n para poder enviar las materias primas para su reinserci\u00f3n en el aparato productivo.<\/p>\n<p>Para la implementaci\u00f3n de un programa de reciclado es fundamental modificar los h\u00e1bitos y las costumbres de los vecinos, ya que la clave es comenzar con la separaci\u00f3n en origen que es la que se realiza en cada una de las viviendas. En tal sentido, el intendente platense, Pablo Bruera, explic\u00f3 que \u00abel buen resultado que est\u00e1 teniendo el esquema de discriminaci\u00f3n de la basura se debe a que nos sumamos en nuestros hogares y tambi\u00e9n lo hicieron instituciones y el sector empresarial. Las entidades de bien p\u00fablico y organismos de la educaci\u00f3n multiplican el mensaje, lo que fortalece el conocimiento y la concientizaci\u00f3n sobre sus beneficios. Son dos elementos clave, junto con la log\u00edstica e infraestructura que dispone el municipio, que permiten arribar a resultados positivos en cantidad de reciclado y disminuci\u00f3n del enterramiento de basura\u00bb.<\/p>\n<p>Con la finalidad de transmitir los principios y alcances del plan Bolsa Verde, todos los viernes el jefe comunal recorre algunas escuelas platenses para charlar con los alumnos, ya que los ni\u00f1os son el mejor veh\u00edculo para llegar a cada uno de los hogares. \u00abEs fundamental y vale mucho la conciencia del ciudadano y el rol activo que tiene que tomar para separar conscientemente y sacar los residuos en el horario determinado. Si ten\u00e9s el apoyo de la ciudadan\u00eda, el \u00e9xito est\u00e1 garantizado en cuesti\u00f3n de horas; si la ciudadan\u00eda da la espalda la iniciativa se complica\u00bb, sostuvo Ricardo D\u00edaz, director general de Gesti\u00f3n Integral de Residuos de la Municipalidad de La Plata.<\/p>\n<p>Con la intenci\u00f3n de facilitar su implementaci\u00f3n, el programa cuenta con la diferenciaci\u00f3n entre residuos secos como cart\u00f3n, papel, pl\u00e1sticos, PET, metales y vidrios, entre otros, que deben ser retirados en bolsas verdes y los desechos org\u00e1nicos en la bolsa tradicional. Atentos a las cuestiones vinculadas con las costumbres, en el municipio detectaron que los vecinos utilizan mucho las bolsas de los supermercados para sacar la basura, por lo que se firmaron convenios para que los centros comerciales entreguen bolsas blancas y verdes. \u00abEstablecimos dos horarios contrapuestos, ya que los residuos org\u00e1nicos se siguen recogiendo de noche y los secos de d\u00eda para que tambi\u00e9n los recolectores puedan distinguir claramente las bolsas verdes\u00bb, detall\u00f3 D\u00edaz.<\/p>\n<p>El programa se complementa adem\u00e1s con otra serie de iniciativas tendientes a cerrar el c\u00edrculo sobre los residuos s\u00f3lidos urbanos para poder darle un tratamiento integral a la problem\u00e1tica de la basura. En el municipio tienen medido que el volumen de residuos var\u00eda seg\u00fan la \u00e9poca del a\u00f1o y los d\u00edas de la semana.<\/p>\n<p>Los lunes y martes son los de mayor concentraci\u00f3n y el s\u00e1bado el de menor cantidad, mientras que de marzo a fines de diciembre es la temporada de mayor concentraci\u00f3n de desechos debido a la actividad de la ciudad.<\/p>\n<p>Es por eso que con los grandes generadores de basura seca, como organismos p\u00fablicos o bancos, el municipio ofrece un servicio de recolecci\u00f3n en el que se combinan los d\u00edas y horarios para asegurar que el 100% de esos residuos secos vayan a reciclado.<\/p>\n<p>Por otra parte, la planificaci\u00f3n para la Gesti\u00f3n Integral de Residuos S\u00f3lidos Urbanos (GIRSU) cuenta adem\u00e1s con un esquema de tratamiento especial para los residuos m\u00e1s comunes y peligrosos. Para el caso de las pilas y las bater\u00edas se establecieron puntos estrat\u00e9gicos para contenedores que est\u00e1n ubicados en las plazas (Moreno, San Mart\u00edn e Italia) y parques (Saavedra y Malvinas), en esquinas de alto tr\u00e1nsito y en las delegaciones municipales.<\/p>\n<p>Adem\u00e1s en las escuelas hay recopiladores manuales (peque\u00f1os recipientes) que se retiran en forma peri\u00f3dica. Una vez recolectadas, las pilas se inertizan a trav\u00e9s de un proceso qu\u00edmico y luego son trasladadas a celdas sanitarias especialmente habilitadas por el Organismo Provincial para el Desarrollo Sostenible (OPDS). Desde que se puso en marcha el sistema, ya se trataron alrededor de 15 toneladas de pilas y bater\u00edas.<\/p>\n<p>Tambi\u00e9n, el municipio adhiri\u00f3 al Plan BIO de generaci\u00f3n 3R, por el cual se recolectan los aceites usados y se env\u00edan a la producci\u00f3n de biodi\u00e9sel en una f\u00e1brica ubicada en el Gran Buenos Aires. Al respecto, D\u00edaz sostuvo: \u00abEstamos tratando de darle a cada residuo su tratamiento especial, pero es una tarea ardua porque hay que cubrir hasta el m\u00ednimo detalle\u00bb.<\/p>\n<p>El plan implementado en La Plata posibilit\u00f3 adem\u00e1s a 300 trabajadores salir del circuito informal laboral e insertarse en cooperativas con empleo digno y ajustado a la normativa. Es que en siete plantas de cooperativas se realiza la separaci\u00f3n y el tratamiento de los materiales para la reinserci\u00f3n en el mercado productivo mediante la venta, que permite a estas entidades generar los ingresos de sus asociados. En tal sentido, Bruera explic\u00f3: \u00abEl sistema de tratamiento de residuos, sustentable en t\u00e9rminos ambientales, nos ofrece soluciones m\u00faltiples. Los desechos que se separan pueden ser reciclados y eso implica bajar el volumen de basura que va a la disposici\u00f3n final. Adem\u00e1s, la recuperaci\u00f3n de materiales en un sistema formal permiti\u00f3 al Estado municipal dar respuesta a trabajadores que ven\u00edan desempe\u00f1\u00e1ndose en el mercado informal como cartoneros\u00bb.<\/p>\n<p>En cuanto a los beneficios del programa de reciclado, D\u00edaz afirm\u00f3: \u00abCuidar el medioambiente es caro, pero para cualquier gesti\u00f3n que tenga las cosas en claro como lo tiene Pablo Bruera, cuidar el medioambiente es una inversi\u00f3n y no un gasto porque ayuda a mejorar la calidad de vida de las personas. Somos innovadores porque hemos logrado reducir la cantidad de residuos que tiramos en los rellenos sanitarios, hemos logrado reciclar una cantidad important\u00edsima que vuelve a la producci\u00f3n\u00bb.<\/p>\n<p>A futuro la intenci\u00f3n del municipio es profundizar el programa para ampliar los alcances. Como ya se dijo, en la actualidad se reciclan diariamente 90 toneladas que representan entre el 12% y el 15% del total de los residuos, un dato relevante si se considera que en las ciudades del mundo que tienen la tradici\u00f3n de reciclado no van m\u00e1s all\u00e1 del 18% al 20%.<\/p>\n<p>\u00abEn este semestre vamos a extender muy fuerte la bolsa verde a lo que falta del partido, para que la gente tome mayor conciencia y responsabilidad para cuando empiece a funcionar la planta de tratamiento que se est\u00e1 empezando a construir para el consorcio que los forman La Plata, Berisso, Ensenada, Punta Indio y Magdalena, que va a contar con una tecnolog\u00eda de avanzada en la cual la separaci\u00f3n en origen es fundamental porque se trabaja con residuos org\u00e1nicos para hacer distintos combustibles apto para usar en cementeras. De esta forma pr\u00e1cticamente eliminaremos la forma tradicional de disposici\u00f3n final de residuos org\u00e1nicos\u00bb, pronostic\u00f3 D\u00edaz.<\/p>\n<p>La \u00abBolsa Verde\u00bb suma cada vez m\u00e1s adeptos y los proyectos sobre el cuidado del medio ambiente se multiplican con las iniciativas m\u00e1s variadas. En ese contexto cabe destacar que se han sumado a la propuesta distintas instituciones con el objetivo de multiplicar el mensaje de concientizaci\u00f3n y, de este modo, fortalecer el Plan de Separaci\u00f3n de Residuos Secos.<\/p>\n<p>Las escuelas platenses ya trabajan en la propuesta \u00abLa Bolsa Verde pinta tu escuela\u00bb y consiste en trabajos de pintura en los frentes de colegios primarios, secundarios y jardines de infantes del casco urbano, en el marco del proyecto educativo que contempla la difusi\u00f3n del sistema de separaci\u00f3n de residuos.<\/p>\n<p>Las tareas de pintura comenzaron en la Escuela Primaria n\u00ba10 \u00abDr. Ricardo Guti\u00e9rrez\u00bb, de 16 entre 47 y 48, donde tambi\u00e9n se eliminaron los grafitis de las paredes del establecimiento, y contin\u00faa actualmente con el edificio del Ex Normal N\u00ba3 de 8 entre 57 y 58 que tambi\u00e9n comparte con la Escuela Primaria N\u00ba1.<\/p>\n<p>A su vez, los vecinos de Tolosa profundizan el reciclado de residuos secos y ahora la delegaci\u00f3n comunal llevar\u00e1 el programa a los partidos de f\u00fatbol infantil. Entre las instituciones que formar\u00e1n parte de la propuesta se encuentran Ateneo Popular, Vradi, Autonom\u00eda, Pedro Benoit, Nuestra Se\u00f1ora de Luj\u00e1n, San Mart\u00edn de Tolosa, Rivadavia y Los Tolosanos, entre otros.<\/p>\n","protected":false},"excerpt":{"rendered":"<p>Esto se logra mediante el programa Bolsa Verde, de separaci\u00f3n de residuos, que da trabajo a 300 ex-cartoneros. Debido a la alta participaci\u00f3n de los vecinos, se ampli\u00f3 la recolecci\u00f3n de lunes a viernes. Estas 90 toneladas representan entre el 12% y el 15% del total de los residuos, y as\u00ed se evita su env\u00edo al relleno sanitario de la [&#8230;]<\/p>\n","protected":false},"author":4,"featured_media":0,"comment_status":"open","ping_status":"open","sticky":false,"template":"","format":"standard","meta":{"_jetpack_newsletter_access":"","_jetpack_dont_email_post_to_subs":false,"_jetpack_newsletter_tier_id":0,"_jetpack_memberships_contains_paywalled_content":false,"_jetpack_memberships_contains_paid_content":false,"footnotes":""},"categories":[38],"tags":[],"class_list":["post-3685","post","type-post","status-publish","format-standard","hentry","category-locales"],"jetpack_featured_media_url":"","jetpack_shortlink":"https:\/\/wp.me\/p2JWE0-Xr","jetpack-related-posts":[{"id":63656,"url":"https:\/\/www.24baires.com\/?p=63656","url_meta":{"origin":3685,"position":0},"title":"Provincia ratific\u00f3 el cierre de la planta de residuos de Ensenada en 2017","author":"GB","date":"27\/03\/2015","format":false,"excerpt":"El gobierno bonaerense ratific\u00f3 el cierre del relleno sanitario y la construcci\u00f3n desde abril pr\u00f3ximo de una Planta de Tratamiento Mec\u00e1nico Biol\u00f3gico (TMB) con capacidad para tratar 800 toneladas diarias de residuos. As\u00ed se estableci\u00f3 en una audiencia presidida por el titular de la Suprema Corte de Justicia de la\u2026","rel":"","context":"En \u00abMunicipios\u00bb","block_context":{"text":"Municipios","link":"https:\/\/www.24baires.com\/?cat=44"},"img":{"alt_text":"","src":"","width":0,"height":0},"classes":[]},{"id":28296,"url":"https:\/\/www.24baires.com\/?p=28296","url_meta":{"origin":3685,"position":1},"title":"Advierten la paralizaci\u00f3n de obras en la planta de residuos de Ensenada","author":"AF","date":"15\/07\/2013","format":false,"excerpt":"Desde hace 90 d\u00edas, los trabajos se suspendieron por supuestos tironeos en cuanto al financiamiento, disputado entre el Municipio y el Gobierno bonaerense. En tanto, ambientalistas y vecinos reclaman su r\u00e1pida construcci\u00f3n, ya que la infraestructura servir\u00eda para tratar la basura de distintos municipios de la Regi\u00f3n Capital que al\u2026","rel":"","context":"En \u00abLocales\u00bb","block_context":{"text":"Locales","link":"https:\/\/www.24baires.com\/?cat=38"},"img":{"alt_text":"","src":"","width":0,"height":0},"classes":[]},{"id":44730,"url":"https:\/\/www.24baires.com\/?p=44730","url_meta":{"origin":3685,"position":2},"title":"La Plata va por el Plan de Tratamiento de Residuos","author":"Grupo Sierra","date":"26\/04\/2014","format":false,"excerpt":"Fue presentado en el Congreso Internacional de Residuos \"D\u00f3nde estamos. \u00bfHacia d\u00f3nde vamos?\", con el apoyo de referentes a escala global en la materia. Durante la apertura del encuentro, el intendente, Pablo Bruera, dio detalles de la gesti\u00f3n municipal vinculada al medio ambiente y destac\u00f3 que en La Plata \u201cllevamos\u2026","rel":"","context":"En \u00abLocales\u00bb","block_context":{"text":"Locales","link":"https:\/\/www.24baires.com\/?cat=38"},"img":{"alt_text":"planta residuos daireaux","src":"https:\/\/i0.wp.com\/www.24baires.com\/wp-content\/uploads\/2013\/10\/planta-residuos-daireaux.jpeg?resize=350%2C200","width":350,"height":200},"classes":[]},{"id":96424,"url":"https:\/\/www.24baires.com\/?p=96424","url_meta":{"origin":3685,"position":3},"title":"San Andr\u00e9s de Giles cerrar\u00e1 basural a cielo abierto","author":"AF","date":"03\/08\/2017","format":false,"excerpt":"El municipio de San Andr\u00e9s de Giles, ubicado a 100 kil\u00f3metros de la Ciudad de Buenos Aires, cerrar\u00e1 el Basural Municipal en el que arroja 10 toneladas de residuos por d\u00eda y aplicar\u00e1 un nuevo Plan de Gesti\u00f3n de Residuos S\u00f3lidos Urbanos, aprobado por el organismo ambiental de la Provincia\u2026","rel":"","context":"En \u00abLocales\u00bb","block_context":{"text":"Locales","link":"https:\/\/www.24baires.com\/?cat=38"},"img":{"alt_text":"","src":"https:\/\/i0.wp.com\/www.24baires.com\/wp-content\/uploads\/2016\/03\/basural-lujan.jpg?resize=350%2C200","width":350,"height":200,"srcset":"https:\/\/i0.wp.com\/www.24baires.com\/wp-content\/uploads\/2016\/03\/basural-lujan.jpg?resize=350%2C200 1x, https:\/\/i0.wp.com\/www.24baires.com\/wp-content\/uploads\/2016\/03\/basural-lujan.jpg?resize=525%2C300 1.5x"},"classes":[]},{"id":23468,"url":"https:\/\/www.24baires.com\/?p=23468","url_meta":{"origin":3685,"position":4},"title":"El Intendente de Mar del Plata propuso que sea obligatorio separar los residuos","author":"AF","date":"14\/05\/2013","format":false,"excerpt":"El intendente Gustavo Pulti, presentar\u00e1 un proyecto de ordenanza en el Concejo Deliberante de General Pueyrred\u00f3n, para que la campa\u00f1a de separaci\u00f3n de residuos sea obligatoria desde el 1\u00ba de noviembre en la ciudad de Mar del Plata. De esta manera, el Ejecutivo est\u00e1 trabajando en un proyecto para regular\u2026","rel":"","context":"En \u00abLocales\u00bb","block_context":{"text":"Locales","link":"https:\/\/www.24baires.com\/?cat=38"},"img":{"alt_text":"tachos basura mdp","src":"https:\/\/i0.wp.com\/www.24baires.com\/wp-content\/uploads\/2013\/05\/tachos-basura-mdp-300x201.jpg?resize=350%2C200","width":350,"height":200},"classes":[]},{"id":35968,"url":"https:\/\/www.24baires.com\/?p=35968","url_meta":{"origin":3685,"position":5},"title":"Provincia endurece medidas sobre tratamiento de residuos","author":"AF","date":"30\/11\/2013","format":false,"excerpt":"El Director Ejecutivo del Organismo Provincial para el Desarrollo Sostenible (OPDS), Hugo Bilbao, particip\u00f3 de un encuentro de trabajo junto a los secretarios de Medio Ambiente de los distritos comprendidos en el sistema de la Coordinadora Ecol\u00f3gica \u00c1rea Metropolitana Sociedad del Estado (CEAMSE) en un encuentro que se llev\u00f3 a\u2026","rel":"","context":"En \u00abProvincia\u00bb","block_context":{"text":"Provincia","link":"https:\/\/www.24baires.com\/?cat=40"},"img":{"alt_text":"basura LP","src":"https:\/\/i0.wp.com\/www.24baires.com\/wp-content\/uploads\/2012\/10\/basura-LP.jpg?resize=350%2C200","width":350,"height":200,"srcset":"https:\/\/i0.wp.com\/www.24baires.com\/wp-content\/uploads\/2012\/10\/basura-LP.jpg?resize=350%2C200 1x, https:\/\/i0.wp.com\/www.24baires.com\/wp-content\/uploads\/2012\/10\/basura-LP.jpg?resize=525%2C300 1.5x"},"classes":[]}],"jetpack_sharing_enabled":true,"jetpack_likes_enabled":true,"_links":{"self":[{"href":"https:\/\/www.24baires.com\/index.php?rest_route=\/wp\/v2\/posts\/3685","targetHints":{"allow":["GET"]}}],"collection":[{"href":"https:\/\/www.24baires.com\/index.php?rest_route=\/wp\/v2\/posts"}],"about":[{"href":"https:\/\/www.24baires.com\/index.php?rest_route=\/wp\/v2\/types\/post"}],"author":[{"embeddable":true,"href":"https:\/\/www.24baires.com\/index.php?rest_route=\/wp\/v2\/users\/4"}],"replies":[{"embeddable":true,"href":"https:\/\/www.24baires.com\/index.php?rest_route=%2Fwp%2Fv2%2Fcomments&post=3685"}],"version-history":[{"count":3,"href":"https:\/\/www.24baires.com\/index.php?rest_route=\/wp\/v2\/posts\/3685\/revisions"}],"predecessor-version":[{"id":3689,"href":"https:\/\/www.24baires.com\/index.php?rest_route=\/wp\/v2\/posts\/3685\/revisions\/3689"}],"wp:attachment":[{"href":"https:\/\/www.24baires.com\/index.php?rest_route=%2Fwp%2Fv2%2Fmedia&parent=3685"}],"wp:term":[{"taxonomy":"category","embeddable":true,"href":"https:\/\/www.24baires.com\/index.php?rest_route=%2Fwp%2Fv2%2Fcategories&post=3685"},{"taxonomy":"post_tag","embeddable":true,"href":"https:\/\/www.24baires.com\/index.php?rest_route=%2Fwp%2Fv2%2Ftags&post=3685"}],"curies":[{"name":"wp","href":"https:\/\/api.w.org\/{rel}","templated":true}]}}