{"id":3660,"date":"2012-10-29T12:13:31","date_gmt":"2012-10-29T15:13:31","guid":{"rendered":"http:\/\/www.24baires.com\/?p=3660"},"modified":"2012-10-29T12:13:31","modified_gmt":"2012-10-29T15:13:31","slug":"asume-la-nueva-conduccion-de-la-ucr-bonaerense","status":"publish","type":"post","link":"https:\/\/www.24baires.com\/?p=3660","title":{"rendered":"Asume la nueva conducci\u00f3n de la UCR bonaerense"},"content":{"rendered":"<p>Con un acto que se realizar\u00e1 este martes a las 20 en la Junta Central partidaria de La Plata, asumir\u00e1n los integrantes de la nueva conducci\u00f3n de la UCR bonaerense tras el trabajoso acuerdo de unidad que lograron sellar los distintos sectores internos.<!--more--><br \/>\nTras el cimbronazo que desat\u00f3 la foto de Posse con Macri \u2013que estuvo a punto de quebrar la lista de consenso-, la UCR buscar\u00e1 ahora mostrar una imagen de unidad en torno a la nueva conducci\u00f3n partidaria.<br \/>\nAsumir\u00e1 como nuevo presidente del Comit\u00e9 Provincia el diputado provincial Alejandro Armend\u00e1riz, el candidato de la alianza del alfonsinismo-possismo. No obstante, el heterog\u00e9neo armado opositor que nucle\u00f3 a dirigentes hist\u00f3ricos como Leopoldo Moreau y Federico Storani, a legisladores y a intendentes ex cobistas como Mario Meoni, de Jun\u00edn, controlar\u00e1 cargos de importancia.<br \/>\nEl ex intendente de Tres Lomas, Mario Espada ocupar\u00e1 la vicepresidencia; Sergio Panella ser\u00e1 vice 1\u00ba, Cecilia Moreau secretaria general, Pablo Domenichini pro-secretario, Eduardo Jord\u00e1n tesorero y Mario Helfenstein protesorero, entre los cargos principales.<br \/>\nLos cuatro delegados ante el Comit\u00e9 nacional se ubicar\u00e1n de este modo: Mario Meoni, Juan Manuel Casella, Lorena Tetaz y Ricardo Alfons\u00edn.<br \/>\nLa lista de convencionales nacionales por la provincia ser\u00e1 encabezada por Posse secundado por H\u00e9ctor Guti\u00e9rrez.<\/p>\n","protected":false},"excerpt":{"rendered":"<p>Con un acto que se realizar\u00e1 este martes a las 20 en la Junta Central partidaria de La Plata, asumir\u00e1n los integrantes de la nueva conducci\u00f3n de la UCR bonaerense tras el trabajoso acuerdo de unidad que lograron sellar los distintos sectores internos.<\/p>\n","protected":false},"author":11,"featured_media":0,"comment_status":"open","ping_status":"open","sticky":false,"template":"","format":"standard","meta":{"_jetpack_newsletter_access":"","_jetpack_dont_email_post_to_subs":false,"_jetpack_newsletter_tier_id":0,"_jetpack_memberships_contains_paywalled_content":false,"_jetpack_memberships_contains_paid_content":false,"footnotes":""},"categories":[51],"tags":[],"class_list":["post-3660","post","type-post","status-publish","format-standard","hentry","category-politica"],"jetpack_featured_media_url":"","jetpack_shortlink":"https:\/\/wp.me\/p2JWE0-X2","jetpack-related-posts":[{"id":596,"url":"https:\/\/www.24baires.com\/?p=596","url_meta":{"origin":3660,"position":0},"title":"Armend\u00e1riz ser\u00e1 el nuevo titular del radicalismo bonaerense","author":"Grupo Sierra","date":"27\/09\/2012","format":false,"excerpt":"El acuerdo fue alcanzado hoy entre el oficialismo alfonsinista y los opositores de Nuevos Aires, que nuclea a ex cobistas, Renovadores y los sectores de Leopoldo Moreau y Federico Storani. \u00a0De esta manera la UCR evit\u00f3 la interna. El diputado provincial Alejandro Armend\u00e1riz (h) ser\u00e1 designado como el nuevo titular\u2026","rel":"","context":"En \u00abPol\u00edtica\u00bb","block_context":{"text":"Pol\u00edtica","link":"https:\/\/www.24baires.com\/?cat=51"},"img":{"alt_text":"","src":"","width":0,"height":0},"classes":[]},{"id":47635,"url":"https:\/\/www.24baires.com\/?p=47635","url_meta":{"origin":3660,"position":1},"title":"Crece cada vez m\u00e1s la interna bonaerense de la UCR","author":"Grupo Sierra","date":"08\/06\/2014","format":false,"excerpt":"El 7 de septiembre la UCR bonaerense tendr\u00e1 una fuerte interna que puede tener consecuencias en el plano nacional. Ese d\u00eda se renovar\u00e1 la conducci\u00f3n partidaria, que hasta ahora viene siendo ejercida por el sector del diputado Ricardo Alfons\u00edn. En esta ocasi\u00f3n, una unificaci\u00f3n de opositores entre dirigentes que formaron\u2026","rel":"","context":"En \u00abElecciones 2015\u00bb","block_context":{"text":"Elecciones 2015","link":"https:\/\/www.24baires.com\/?cat=74"},"img":{"alt_text":"cobos sanz ucr","src":"https:\/\/i0.wp.com\/www.24baires.com\/wp-content\/uploads\/2014\/05\/cobos-sanz-ucr.jpg?resize=350%2C200","width":350,"height":200,"srcset":"https:\/\/i0.wp.com\/www.24baires.com\/wp-content\/uploads\/2014\/05\/cobos-sanz-ucr.jpg?resize=350%2C200 1x, https:\/\/i0.wp.com\/www.24baires.com\/wp-content\/uploads\/2014\/05\/cobos-sanz-ucr.jpg?resize=525%2C300 1.5x"},"classes":[]},{"id":84584,"url":"https:\/\/www.24baires.com\/?p=84584","url_meta":{"origin":3660,"position":2},"title":"El 2 de octubre ser\u00edan las internas en la UCR provincial","author":"AF","date":"05\/07\/2016","format":false,"excerpt":"Las elecciones internas para definir la nueva conducci\u00f3n del Comit\u00e9 Provincial del radicalismo ser\u00edan convocadas para el 2 de octubre pr\u00f3ximo, seg\u00fan indicaron fuentes partidarias. La resoluci\u00f3n, que ser\u00e1 anunciada en los pr\u00f3ximos d\u00edas, fue consensuada por un plenario partidario con la presencia de las principales autoridades y del vicegobernador\u2026","rel":"","context":"En \u00abPol\u00edtica\u00bb","block_context":{"text":"Pol\u00edtica","link":"https:\/\/www.24baires.com\/?cat=51"},"img":{"alt_text":"","src":"","width":0,"height":0},"classes":[]},{"id":117340,"url":"https:\/\/www.24baires.com\/?p=117340","url_meta":{"origin":3660,"position":3},"title":"\u00abTrabajaremos para tener un gobernador y un presidente radical\u00bb, dijo Abad","author":"GB","date":"22\/03\/2021","format":false,"excerpt":"El marplatense se impuso sobre Gustavo Posse y ser\u00e1 el nuevo presidente de la UCR bonaerense El jefe del bloque de Juntos por el Cambio en la Legislatura platense, Maximiliano Abad, asegur\u00f3 que buscar\u00e1n \u201ctener un gobernador y un presidente radical en 2023\u201d, tras proclamarse ganador en los comicios internos\u2026","rel":"","context":"En \u00abProvincia\u00bb","block_context":{"text":"Provincia","link":"https:\/\/www.24baires.com\/?cat=40"},"img":{"alt_text":"","src":"https:\/\/i0.wp.com\/www.24baires.com\/wp-content\/uploads\/2021\/03\/0003268108.jpg?resize=350%2C200","width":350,"height":200,"srcset":"https:\/\/i0.wp.com\/www.24baires.com\/wp-content\/uploads\/2021\/03\/0003268108.jpg?resize=350%2C200 1x, https:\/\/i0.wp.com\/www.24baires.com\/wp-content\/uploads\/2021\/03\/0003268108.jpg?resize=525%2C300 1.5x"},"classes":[]},{"id":3903,"url":"https:\/\/www.24baires.com\/?p=3903","url_meta":{"origin":3660,"position":4},"title":"Armend\u00e1riz ya es el titular de la UCR bonaerense","author":"Grupo Sierra","date":"30\/10\/2012","format":false,"excerpt":"Finalmente, Alejandro Armend\u00e1riz se puso al frente de la conducci\u00f3n del radicalismo bonaerense. Su asunci\u00f3n se produce luego de un complejo proceso interno que incluy\u00f3 impugnaciones, acusaciones y postergaciones. La nueva conducci\u00f3n surgi\u00f3 del acuerdo de todos los sectores del centenario partido. Durante el mitin que tuvo lugar en la\u2026","rel":"","context":"En \u00abPol\u00edtica\u00bb","block_context":{"text":"Pol\u00edtica","link":"https:\/\/www.24baires.com\/?cat=51"},"img":{"alt_text":"","src":"https:\/\/i0.wp.com\/www.24baires.com\/wp-content\/uploads\/2012\/10\/armendariz-300x248.jpg?resize=350%2C200","width":350,"height":200},"classes":[]},{"id":53230,"url":"https:\/\/www.24baires.com\/?p=53230","url_meta":{"origin":3660,"position":5},"title":"Se presentan dos listas para elegir la conducci\u00f3n de la UCR bonaerense","author":"Grupo Sierra","date":"07\/09\/2014","format":false,"excerpt":"El radicalismo bonaerense elegir\u00e1 este domingo una nueva conducci\u00f3n partidaria en el marco de una interna donde m\u00e1s de 600 mil afiliados podr\u00e1n elegir entre dos listas: la oficialista 27, que lleva como candidato a presidente del Comit\u00e9 Provincia al actual diputado nacional Ricardo Alfons\u00edn, y la 2015, que postula\u2026","rel":"","context":"En \u00abPol\u00edtica\u00bb","block_context":{"text":"Pol\u00edtica","link":"https:\/\/www.24baires.com\/?cat=51"},"img":{"alt_text":"ucr","src":"https:\/\/i0.wp.com\/www.24baires.com\/wp-content\/uploads\/2013\/03\/ucr-300x190.jpg?resize=350%2C200","width":350,"height":200},"classes":[]}],"jetpack_sharing_enabled":true,"jetpack_likes_enabled":true,"_links":{"self":[{"href":"https:\/\/www.24baires.com\/index.php?rest_route=\/wp\/v2\/posts\/3660","targetHints":{"allow":["GET"]}}],"collection":[{"href":"https:\/\/www.24baires.com\/index.php?rest_route=\/wp\/v2\/posts"}],"about":[{"href":"https:\/\/www.24baires.com\/index.php?rest_route=\/wp\/v2\/types\/post"}],"author":[{"embeddable":true,"href":"https:\/\/www.24baires.com\/index.php?rest_route=\/wp\/v2\/users\/11"}],"replies":[{"embeddable":true,"href":"https:\/\/www.24baires.com\/index.php?rest_route=%2Fwp%2Fv2%2Fcomments&post=3660"}],"version-history":[{"count":1,"href":"https:\/\/www.24baires.com\/index.php?rest_route=\/wp\/v2\/posts\/3660\/revisions"}],"predecessor-version":[{"id":3661,"href":"https:\/\/www.24baires.com\/index.php?rest_route=\/wp\/v2\/posts\/3660\/revisions\/3661"}],"wp:attachment":[{"href":"https:\/\/www.24baires.com\/index.php?rest_route=%2Fwp%2Fv2%2Fmedia&parent=3660"}],"wp:term":[{"taxonomy":"category","embeddable":true,"href":"https:\/\/www.24baires.com\/index.php?rest_route=%2Fwp%2Fv2%2Fcategories&post=3660"},{"taxonomy":"post_tag","embeddable":true,"href":"https:\/\/www.24baires.com\/index.php?rest_route=%2Fwp%2Fv2%2Ftags&post=3660"}],"curies":[{"name":"wp","href":"https:\/\/api.w.org\/{rel}","templated":true}]}}