{"id":3655,"date":"2012-10-29T11:30:52","date_gmt":"2012-10-29T14:30:52","guid":{"rendered":"http:\/\/www.24baires.com\/?p=3655"},"modified":"2012-10-29T12:33:52","modified_gmt":"2012-10-29T15:33:52","slug":"en-tandil-vuelven-a-danar-la-senalizacion-de-un-centro-clandestino-de-detencion","status":"publish","type":"post","link":"https:\/\/www.24baires.com\/?p=3655","title":{"rendered":"En Tandil vuelven a da\u00f1ar la se\u00f1alizaci\u00f3n de un Centro Clandestino de Detenci\u00f3n"},"content":{"rendered":"<p><img data-recalc-dims=\"1\" loading=\"lazy\" decoding=\"async\" class=\"aligncenter size-full wp-image-3656\" title=\"quinta de los mendez\" src=\"https:\/\/i0.wp.com\/www.24baires.com\/wp-content\/uploads\/2012\/10\/quinta-de-los-mendez.jpg?resize=560%2C381\" alt=\"\" width=\"560\" height=\"381\" srcset=\"https:\/\/i0.wp.com\/www.24baires.com\/wp-content\/uploads\/2012\/10\/quinta-de-los-mendez.jpg?w=560&amp;ssl=1 560w, https:\/\/i0.wp.com\/www.24baires.com\/wp-content\/uploads\/2012\/10\/quinta-de-los-mendez.jpg?resize=300%2C204&amp;ssl=1 300w\" sizes=\"auto, (max-width: 560px) 100vw, 560px\" \/><\/p>\n<p>En un nuevo hecho de supuesto vandalismo da\u00f1aron el monumento que se\u00f1ala como Centro Clandestino de Detenci\u00f3n (CCD) al lugar conocido como la \u201cQuinta de los M\u00e9ndez\u201d. Al igual que el pasado 6 de septiembre, manos an\u00f3nimas volvieron a atentar contra la Memoria.<!--more--><\/p>\n<p>Durante este s\u00e1bado distintas organizaciones kirchneristas estuvieron en el lugar realizando tareas de limpieza y reacondicionando el monumento que ya hab\u00eda sido violentado a los pocos d\u00edas de haber sido inaugurado. Durante esta jornada, nuevamente manos an\u00f3nimas volvieron a romperlo.<\/p>\n<p>El Monumento est\u00e1 compuesto por tres pilares verticales que simbolizan la Memoria, Verdad y Justicia; y una estructura horizontal (la da\u00f1ada) que hace referencia a los cr\u00edmenes que se cometieron en el lugar durante la dictadura.<\/p>\n","protected":false},"excerpt":{"rendered":"<p>En un nuevo hecho de supuesto vandalismo da\u00f1aron el monumento que se\u00f1ala como Centro Clandestino de Detenci\u00f3n (CCD) al lugar conocido como la \u201cQuinta de los M\u00e9ndez\u201d. Al igual que el pasado 6 de septiembre, manos an\u00f3nimas volvieron a atentar contra la Memoria.<\/p>\n","protected":false},"author":11,"featured_media":0,"comment_status":"open","ping_status":"open","sticky":false,"template":"","format":"standard","meta":{"_jetpack_newsletter_access":"","_jetpack_dont_email_post_to_subs":false,"_jetpack_newsletter_tier_id":0,"_jetpack_memberships_contains_paywalled_content":false,"_jetpack_memberships_contains_paid_content":false,"footnotes":""},"categories":[1],"tags":[],"class_list":["post-3655","post","type-post","status-publish","format-standard","hentry","category-sociedad"],"jetpack_featured_media_url":"","jetpack_shortlink":"https:\/\/wp.me\/p2JWE0-WX","jetpack-related-posts":[{"id":48172,"url":"https:\/\/www.24baires.com\/?p=48172","url_meta":{"origin":3655,"position":0},"title":"Mar del Plata: procesan a un hombre por atentar contra la comunidad boliviana","author":"AF","date":"17\/06\/2014","format":false,"excerpt":"Carlos Pampill\u00f3n, l\u00edder de las agrupaciones de ultraderecha Foro Nacional Patri\u00f3tico y \u201cLa Giachino\u201d, fue considerado el autor intelectual de da\u00f1ar el monumento que se\u00f1aliza la Base Naval como centro clandestino de detenci\u00f3n y de amenazar con pintadas a la comunidad boliviana de Mar del Plata. La Justicia Federal proces\u00f3\u2026","rel":"","context":"En \u00abLocales\u00bb","block_context":{"text":"Locales","link":"https:\/\/www.24baires.com\/?cat=38"},"img":{"alt_text":"pampill\u00f3n","src":"https:\/\/i0.wp.com\/www.24baires.com\/wp-content\/uploads\/2014\/06\/pampill%C3%B3n-300x199.jpg?resize=350%2C200","width":350,"height":200},"classes":[]},{"id":68898,"url":"https:\/\/www.24baires.com\/?p=68898","url_meta":{"origin":3655,"position":1},"title":"Mar del Plata: La Justicia confirm\u00f3 un procesamiento por actos discriminatorios","author":"GB","date":"10\/07\/2015","format":false,"excerpt":"El l\u00edder de la agrupaci\u00f3n de extrema derecha 'Foro Nacional Patri\u00f3tico, Carlos Gustavo Pampill\u00f3n, est\u00e1 acusado de instigar los ataques contra un centro conmemorativo de \"Memoria, Verdad y Justicia\" ubicado en una Base Naval que funcion\u00f3 como centro clandestino de detenci\u00f3n durante la dictadura, y un centro de la comunidad\u2026","rel":"","context":"En \u00abJUDICIALES\u00bb","block_context":{"text":"JUDICIALES","link":"https:\/\/www.24baires.com\/?cat=68"},"img":{"alt_text":"","src":"","width":0,"height":0},"classes":[]},{"id":2626,"url":"https:\/\/www.24baires.com\/?p=2626","url_meta":{"origin":3655,"position":2},"title":"Se\u00f1alizar\u00e1n el Centro Clandestino de Detenci\u00f3n &#8216;Tiro Federal Campana&#8217;","author":"Grupo Sierra","date":"19\/10\/2012","format":false,"excerpt":"El lugar donde funcion\u00f3 durante la \u00faltima dictadura el centro clandestino de detenci\u00f3n (CCD) conocido como Tiro Federal de Campana, ser\u00e1 se\u00f1alizado el jueves 25 de octubre, en el marco de una actividad en la que tambi\u00e9n se inaugurar\u00e1 un monumento que representa la Memoria, la Verdad y la Justicia.\u2026","rel":"","context":"En \u00abMemoria\u00bb","block_context":{"text":"Memoria","link":"https:\/\/www.24baires.com\/?cat=50"},"img":{"alt_text":"","src":"","width":0,"height":0},"classes":[]},{"id":55378,"url":"https:\/\/www.24baires.com\/?p=55378","url_meta":{"origin":3655,"position":3},"title":"Carlotto celebr\u00f3 la desafectaci\u00f3n de un sector de la Comisar\u00eda 5a en La Plata","author":"GB","date":"14\/10\/2014","format":false,"excerpt":"El Secretario de Derechos Humanos agradeci\u00f3 al gobernador Scioli el cierre del espacio donde funcion\u00f3 una maternidad clandestina durante la dictadura. El gobernador bonaerense Daniel Scioli decidi\u00f3 desafectar parcialmente la Comisar\u00eda 5ta de La Plata, donde durante la \u00faltima dictadura c\u00edvico militar funcion\u00f3 un centro clandestino de detenci\u00f3n. La medida\u2026","rel":"","context":"En \u00abLocales\u00bb","block_context":{"text":"Locales","link":"https:\/\/www.24baires.com\/?cat=38"},"img":{"alt_text":"","src":"","width":0,"height":0},"classes":[]},{"id":3245,"url":"https:\/\/www.24baires.com\/?p=3245","url_meta":{"origin":3655,"position":4},"title":"Se\u00f1alizaron el Centro Clandestino de Detenci\u00f3n &#8216;Tiro Federal de Campana&#8217;","author":"AF","date":"25\/10\/2012","format":false,"excerpt":"El lugar donde funcion\u00f3 durante la \u00faltima dictadura el Centro Clandestino de Detenci\u00f3n (CCD) conocido como Tiro Federal de Campana, fue se\u00f1alizado hoy en el marco de una actividad en la que, adem\u00e1s, se inaugur\u00f3 un monumento que representa la Memoria, la Verdad y la Justicia. La actividad estuvo organizada\u2026","rel":"","context":"En \u00abMemoria\u00bb","block_context":{"text":"Memoria","link":"https:\/\/www.24baires.com\/?cat=50"},"img":{"alt_text":"","src":"https:\/\/i0.wp.com\/www.24baires.com\/wp-content\/uploads\/2012\/10\/Campana_desaparecidos_Santacruz_JCP_1_68038-300x264.jpg?resize=350%2C200","width":350,"height":200},"classes":[]},{"id":12710,"url":"https:\/\/www.24baires.com\/?p=12710","url_meta":{"origin":3655,"position":5},"title":"Reconstruyeron placa que se\u00f1alaba centro clandestino de detenci\u00f3n en Tandil","author":"AF","date":"18\/01\/2013","format":false,"excerpt":"Organizaciones de Derechos Humanos y la secretar\u00eda de Derechos Humanos de la Provincia, a trav\u00e9s del programa \u201cMemoria, Verdad y Justicia\u201d, reconstruyeron la placa que se\u00f1alaba el centro clandestino de detenci\u00f3n y tortura conocido como Quinta de los M\u00e9ndez en Tandil, que hab\u00eda sido atacada en dos oportunidades. Los organismos\u2026","rel":"","context":"En \u00abMemoria\u00bb","block_context":{"text":"Memoria","link":"https:\/\/www.24baires.com\/?cat=50"},"img":{"alt_text":"placa memoria tandil","src":"https:\/\/i0.wp.com\/www.24baires.com\/wp-content\/uploads\/2013\/01\/placa-memoria-tandil.jpg?resize=350%2C200","width":350,"height":200,"srcset":"https:\/\/i0.wp.com\/www.24baires.com\/wp-content\/uploads\/2013\/01\/placa-memoria-tandil.jpg?resize=350%2C200 1x, https:\/\/i0.wp.com\/www.24baires.com\/wp-content\/uploads\/2013\/01\/placa-memoria-tandil.jpg?resize=525%2C300 1.5x"},"classes":[]}],"jetpack_sharing_enabled":true,"jetpack_likes_enabled":true,"_links":{"self":[{"href":"https:\/\/www.24baires.com\/index.php?rest_route=\/wp\/v2\/posts\/3655","targetHints":{"allow":["GET"]}}],"collection":[{"href":"https:\/\/www.24baires.com\/index.php?rest_route=\/wp\/v2\/posts"}],"about":[{"href":"https:\/\/www.24baires.com\/index.php?rest_route=\/wp\/v2\/types\/post"}],"author":[{"embeddable":true,"href":"https:\/\/www.24baires.com\/index.php?rest_route=\/wp\/v2\/users\/11"}],"replies":[{"embeddable":true,"href":"https:\/\/www.24baires.com\/index.php?rest_route=%2Fwp%2Fv2%2Fcomments&post=3655"}],"version-history":[{"count":3,"href":"https:\/\/www.24baires.com\/index.php?rest_route=\/wp\/v2\/posts\/3655\/revisions"}],"predecessor-version":[{"id":3659,"href":"https:\/\/www.24baires.com\/index.php?rest_route=\/wp\/v2\/posts\/3655\/revisions\/3659"}],"wp:attachment":[{"href":"https:\/\/www.24baires.com\/index.php?rest_route=%2Fwp%2Fv2%2Fmedia&parent=3655"}],"wp:term":[{"taxonomy":"category","embeddable":true,"href":"https:\/\/www.24baires.com\/index.php?rest_route=%2Fwp%2Fv2%2Fcategories&post=3655"},{"taxonomy":"post_tag","embeddable":true,"href":"https:\/\/www.24baires.com\/index.php?rest_route=%2Fwp%2Fv2%2Ftags&post=3655"}],"curies":[{"name":"wp","href":"https:\/\/api.w.org\/{rel}","templated":true}]}}