{"id":3653,"date":"2012-10-29T11:44:14","date_gmt":"2012-10-29T14:44:14","guid":{"rendered":"http:\/\/www.24baires.com\/?p=3653"},"modified":"2012-10-29T11:44:14","modified_gmt":"2012-10-29T14:44:14","slug":"el-sciolismo-no-aprobara-la-ley-de-tierras","status":"publish","type":"post","link":"https:\/\/www.24baires.com\/?p=3653","title":{"rendered":"El sciolismo no aprobar\u00e1 la Ley de Tierras"},"content":{"rendered":"<p>Senadores sciolistas confirmaron que no acompa\u00f1ar\u00e1n el proyecto de Ley de Tierras impulsado por el kirchnerismo. La iniciativa tiene media sanci\u00f3n en Diputados y exige a los grandes desarrollos inmobiliarios ceder terrenos para emprendimientos de acceso a la vivienda.<!--more--><br \/>\nLegisladores provinciales del sciolismo ratificaron ayer que no acompa\u00f1ar\u00e1n en el Senado el denominado proyecto de Ley de Tierras impulsado por el kirchnerismo, que entre otros aspectos exige a los grandes desarrollos inmobiliarios ceder terrenos para emprendimientos de acceso a la vivienda.<\/p>\n<p>El portavoz fue el senador provincial y miembro de la agrupaci\u00f3n sciolista La Juan Domingo Osvaldo Goicoechea, quien remarc\u00f3 ayer que pedir\u00e1n modificaciones al proyecto.<\/p>\n<p>\u00abNo estamos de acuerdo con la disposici\u00f3n que exige una contribuci\u00f3n obligatoria para los emprendimientos inmobiliarios y vamos a pedir que se modifique ese aspecto del proyecto. De otra forma, no vamos a acompa\u00f1arlo con el voto. Ese art\u00edculo recorta facultades a los municipios\u00bb, indic\u00f3 ayer Goicoechea.<\/p>\n<p>La norma que fue aprobada d\u00edas atr\u00e1s en la C\u00e1mara de Diputados con el acompa\u00f1amiento de la mayor\u00eda de las bancadas opositoras fue presentada por la diputada Alicia S\u00e1nchez -esposa del dirigente Luis D&#8217;El\u00eda-, Alberto Espa\u00f1a -ambos del FpV- y acompa\u00f1ada por Marcelo Sa\u00edn, del bloque de Mart\u00edn Sabbattela.<\/p>\n<p>Desde el sector que nuclea a los senadores que responden directamente a la Gobernaci\u00f3n ya hab\u00edan dejado trascender en los \u00faltimos d\u00edas esta postura, que amenaza con abrir un nuevo foco de tensi\u00f3n en el oficialismo. \u00abNo vamos a acompa\u00f1ar este art\u00edculo porque creemos que afecta las autonom\u00edas de los municipios, al establecer que todos los grandes emprendimientos deban ceder a las comunas un porcentaje fijo de tierras. Eso lo tiene que establecer cada gobierno comunal\u00bb, indicaron.<\/p>\n","protected":false},"excerpt":{"rendered":"<p>Senadores sciolistas confirmaron que no acompa\u00f1ar\u00e1n el proyecto de Ley de Tierras impulsado por el kirchnerismo. La iniciativa tiene media sanci\u00f3n en Diputados y exige a los grandes desarrollos inmobiliarios ceder terrenos para emprendimientos de acceso a la vivienda.<\/p>\n","protected":false},"author":11,"featured_media":0,"comment_status":"open","ping_status":"open","sticky":false,"template":"","format":"standard","meta":{"_jetpack_newsletter_access":"","_jetpack_dont_email_post_to_subs":false,"_jetpack_newsletter_tier_id":0,"_jetpack_memberships_contains_paywalled_content":false,"_jetpack_memberships_contains_paid_content":false,"footnotes":""},"categories":[40],"tags":[],"class_list":["post-3653","post","type-post","status-publish","format-standard","hentry","category-provincia"],"jetpack_featured_media_url":"","jetpack_shortlink":"https:\/\/wp.me\/p2JWE0-WV","jetpack-related-posts":[{"id":7468,"url":"https:\/\/www.24baires.com\/?p=7468","url_meta":{"origin":3653,"position":0},"title":"No vetar\u00e1n la ley de cesi\u00f3n de tierras","author":"AF","date":"01\/12\/2012","format":false,"excerpt":"A pocas horas de que el Senado le d\u00e9 sanci\u00f3n definitiva, y en medio de fuertes cuestionamientos de la oposici\u00f3n, el gobierno bonaerense adelant\u00f3 que no vetar\u00e1 la denominada \u201cLey de Tierras\u201d impulsada por el kirchnerismo y que, entre otros aspectos, obliga a grandes emprendimientos inmobiliarios a ceder parte de\u2026","rel":"","context":"En \u00abPol\u00edtica\u00bb","block_context":{"text":"Pol\u00edtica","link":"https:\/\/www.24baires.com\/?cat=51"},"img":{"alt_text":"","src":"","width":0,"height":0},"classes":[]},{"id":3085,"url":"https:\/\/www.24baires.com\/?p=3085","url_meta":{"origin":3653,"position":1},"title":"Municipios podr\u00e1n expropiar bald\u00edos &#8216;abandonados&#8217; por sus due\u00f1os","author":"AF","date":"24\/10\/2012","format":false,"excerpt":"Tiene media sanci\u00f3n en Diputados. El legislador provincial por Uni\u00f3n PRO, Jorge Srodek, dijo: \u201cEs un nuevo impuesto al country\". Grandes emprendimientos urban\u00edsticos deber\u00e1n ceder el 10 por ciento. El pol\u00e9mico proyecto de Ley de Acceso Justo al H\u00e1bitat, que cuenta con media sanci\u00f3n en la C\u00e1mara de Diputados bonaerense,\u00a0prev\u00e9\u2026","rel":"","context":"En \u00abProvincia\u00bb","block_context":{"text":"Provincia","link":"https:\/\/www.24baires.com\/?cat=40"},"img":{"alt_text":"","src":"https:\/\/i0.wp.com\/www.24baires.com\/wp-content\/uploads\/2012\/10\/bald%C3%ADo-300x181.jpg?resize=350%2C200","width":350,"height":200},"classes":[]},{"id":116829,"url":"https:\/\/www.24baires.com\/?p=116829","url_meta":{"origin":3653,"position":2},"title":"Es ley el proyecto que busca evitar la especulaci\u00f3n con tierras incendiadas","author":"AF","date":"04\/12\/2020","format":false,"excerpt":"La iniciativa proh\u00edbe la venta de terrenos incendiados en plazos que van de 30 a 60 a\u00f1os y busca proteger los ecosistemas. El Senado sancion\u00f3 hoy una ley que protege los ecosistemas de los incendios accidentales o intencionales y proh\u00edbe la venta de terrenos incendiados en plazos de entre 30\u2026","rel":"","context":"En \u00abLocales\u00bb","block_context":{"text":"Locales","link":"https:\/\/www.24baires.com\/?cat=38"},"img":{"alt_text":"","src":"https:\/\/i0.wp.com\/www.24baires.com\/wp-content\/uploads\/2017\/02\/incendio-punta-lara.jpg?resize=350%2C200","width":350,"height":200,"srcset":"https:\/\/i0.wp.com\/www.24baires.com\/wp-content\/uploads\/2017\/02\/incendio-punta-lara.jpg?resize=350%2C200 1x, https:\/\/i0.wp.com\/www.24baires.com\/wp-content\/uploads\/2017\/02\/incendio-punta-lara.jpg?resize=525%2C300 1.5x"},"classes":[]},{"id":7245,"url":"https:\/\/www.24baires.com\/?p=7245","url_meta":{"origin":3653,"position":3},"title":"El Senado aprob\u00f3 la ley de h\u00e1bitat y dio media sanci\u00f3n a limitar la destituci\u00f3n a intendentes","author":"Grupo Sierra","date":"29\/11\/2012","format":false,"excerpt":"LA PLATA-\u00a0La c\u00e1mara alta bonaerense convirti\u00f3 en ley la norma que prev\u00e9 que emprendimientos inmobiliarios de m\u00e1s de 5000m2 deban ceder un 10% para viviendas sociales. Por otra parte, el proyecto que restringe el rol de los Concejos Deliberantes municipales para destituir intendentes obtuvo media sanci\u00f3n y fue girado a\u2026","rel":"","context":"En \u00abProvincia\u00bb","block_context":{"text":"Provincia","link":"https:\/\/www.24baires.com\/?cat=40"},"img":{"alt_text":"","src":"","width":0,"height":0},"classes":[]},{"id":707,"url":"https:\/\/www.24baires.com\/?p=707","url_meta":{"origin":3653,"position":4},"title":"\u00abLa ley de acceso a la vivienda responde a una lucha que tiene m\u00e1s de 25 a\u00f1os\u00bb se\u00f1al\u00f3 Ottavis","author":"Grupo Sierra","date":"30\/09\/2012","format":false,"excerpt":"El vicepresidente de la C\u00e1mara de diputados de la provincia de Buenos Aires, Jos\u00e9 Mar\u00eda Ottavis, \u00a0se\u00f1al\u00f3 hoy que el proyecto de ley de acceso justo a la vivienda, presentado esta semana en la legislatura bonaerense por el diputado Alberto Espa\u00f1a, \u201ces una iniciativa de la lucha de un pueblo\u2026","rel":"","context":"En \u00abPol\u00edtica\u00bb","block_context":{"text":"Pol\u00edtica","link":"https:\/\/www.24baires.com\/?cat=51"},"img":{"alt_text":"","src":"https:\/\/i0.wp.com\/www.24baires.com\/wp-content\/uploads\/2012\/09\/Ottavis.jpg?resize=350%2C200","width":350,"height":200},"classes":[]},{"id":3795,"url":"https:\/\/www.24baires.com\/?p=3795","url_meta":{"origin":3653,"position":5},"title":"Una reuni\u00f3n de Scioli con Mariotto fue un fest\u00edn para los medios hegem\u00f3nicos","author":"Grupo Sierra","date":"30\/10\/2012","format":false,"excerpt":"El Gobernador y el Vice repasaron la agenda parlamentaria y dieron lugar a m\u00faltiples lecturas pol\u00edticas. De alguna manera, rompieron con la inercia de un an\u00e1lisis medi\u00e1tico predominante que los muestra como parte de grupos enfrentados por el poder, casi como adversarios irreconciliables. Con \u201cmensajes\u201d y \u201csuspicacias\u201d reales o imaginadas\u2026","rel":"","context":"En \u00abMedios\u00bb","block_context":{"text":"Medios","link":"https:\/\/www.24baires.com\/?cat=54"},"img":{"alt_text":"","src":"https:\/\/i0.wp.com\/www.24baires.com\/wp-content\/uploads\/2012\/10\/scioli-mariotto.jpg?resize=350%2C200","width":350,"height":200,"srcset":"https:\/\/i0.wp.com\/www.24baires.com\/wp-content\/uploads\/2012\/10\/scioli-mariotto.jpg?resize=350%2C200 1x, https:\/\/i0.wp.com\/www.24baires.com\/wp-content\/uploads\/2012\/10\/scioli-mariotto.jpg?resize=525%2C300 1.5x"},"classes":[]}],"jetpack_sharing_enabled":true,"jetpack_likes_enabled":true,"_links":{"self":[{"href":"https:\/\/www.24baires.com\/index.php?rest_route=\/wp\/v2\/posts\/3653","targetHints":{"allow":["GET"]}}],"collection":[{"href":"https:\/\/www.24baires.com\/index.php?rest_route=\/wp\/v2\/posts"}],"about":[{"href":"https:\/\/www.24baires.com\/index.php?rest_route=\/wp\/v2\/types\/post"}],"author":[{"embeddable":true,"href":"https:\/\/www.24baires.com\/index.php?rest_route=\/wp\/v2\/users\/11"}],"replies":[{"embeddable":true,"href":"https:\/\/www.24baires.com\/index.php?rest_route=%2Fwp%2Fv2%2Fcomments&post=3653"}],"version-history":[{"count":1,"href":"https:\/\/www.24baires.com\/index.php?rest_route=\/wp\/v2\/posts\/3653\/revisions"}],"predecessor-version":[{"id":3654,"href":"https:\/\/www.24baires.com\/index.php?rest_route=\/wp\/v2\/posts\/3653\/revisions\/3654"}],"wp:attachment":[{"href":"https:\/\/www.24baires.com\/index.php?rest_route=%2Fwp%2Fv2%2Fmedia&parent=3653"}],"wp:term":[{"taxonomy":"category","embeddable":true,"href":"https:\/\/www.24baires.com\/index.php?rest_route=%2Fwp%2Fv2%2Fcategories&post=3653"},{"taxonomy":"post_tag","embeddable":true,"href":"https:\/\/www.24baires.com\/index.php?rest_route=%2Fwp%2Fv2%2Ftags&post=3653"}],"curies":[{"name":"wp","href":"https:\/\/api.w.org\/{rel}","templated":true}]}}