{"id":3651,"date":"2012-10-29T11:15:28","date_gmt":"2012-10-29T14:15:28","guid":{"rendered":"http:\/\/www.24baires.com\/?p=3651"},"modified":"2012-10-29T11:15:28","modified_gmt":"2012-10-29T14:15:28","slug":"telerman-tambien-opino-sobre-el-7d","status":"publish","type":"post","link":"https:\/\/www.24baires.com\/?p=3651","title":{"rendered":"Telerman tambi\u00e9n opin\u00f3 sobre el 7D"},"content":{"rendered":"<p>El presidente del Instituto Cultural bonaerense, Jorge Telerman, se refiri\u00f3 al 7D, el d\u00eda en que entra en plena vigencia la Ley de Medios.<!--more--><\/p>\n<p>Al respecto, el funcionario bonaerense indic\u00f3 que \u201cLos fen\u00f3menos comunicacionales est\u00e1n marcando un camino muy interesante en la expansi\u00f3n de voces y de posibilidades comunicacionales\u201d.<\/p>\n<p>Finalmente, Jorge Telerman opin\u00f3 que \u201cSi uno cierra los ojos y piensa en la situaci\u00f3n hace diez a\u00f1os, encontrar\u00e1 que el v\u00e9rtigo de los cambios requer\u00eda de una legislaci\u00f3n que no solamente impida las formaciones monop\u00f3licas, sino que adem\u00e1s tenga que ver con la vocaci\u00f3n de distintos sectores de la sociedad de tener espacios de expresi\u00f3n y comunicaci\u00f3n\u201d<\/p>\n","protected":false},"excerpt":{"rendered":"<p>El presidente del Instituto Cultural bonaerense, Jorge Telerman, se refiri\u00f3 al 7D, el d\u00eda en que entra en plena vigencia la Ley de Medios.<\/p>\n","protected":false},"author":11,"featured_media":0,"comment_status":"open","ping_status":"open","sticky":false,"template":"","format":"standard","meta":{"_jetpack_newsletter_access":"","_jetpack_dont_email_post_to_subs":false,"_jetpack_newsletter_tier_id":0,"_jetpack_memberships_contains_paywalled_content":false,"_jetpack_memberships_contains_paid_content":false,"footnotes":""},"categories":[54],"tags":[],"class_list":["post-3651","post","type-post","status-publish","format-standard","hentry","category-medios"],"jetpack_featured_media_url":"","jetpack_shortlink":"https:\/\/wp.me\/p2JWE0-WT","jetpack-related-posts":[{"id":54580,"url":"https:\/\/www.24baires.com\/?p=54580","url_meta":{"origin":3651,"position":0},"title":"Telerman es el nuevo jefe de campa\u00f1a de Scioli","author":"AF","date":"01\/10\/2014","format":false,"excerpt":"El ex jefe de Gobierno porte\u00f1o y actual funcionario bonaerense Jorge Telerman, comenzar\u00e1 a desempe\u00f1arse como jefe y vocero cde campa\u00f1a del gobernador Daniel Scioli. Fuentes de la administraci\u00f3n bonaerense confirmaron el nuevo rol que tendr\u00e1 el presidente del Instituto Cultural. Como este diario informara hace varias semanas, en el\u2026","rel":"","context":"En \u00abPol\u00edtica\u00bb","block_context":{"text":"Pol\u00edtica","link":"https:\/\/www.24baires.com\/?cat=51"},"img":{"alt_text":"TELERMAN SCIOLI","src":"https:\/\/i0.wp.com\/www.24baires.com\/wp-content\/uploads\/2014\/10\/TELERMAN-SCIOLI.jpg?resize=350%2C200","width":350,"height":200,"srcset":"https:\/\/i0.wp.com\/www.24baires.com\/wp-content\/uploads\/2014\/10\/TELERMAN-SCIOLI.jpg?resize=350%2C200 1x, https:\/\/i0.wp.com\/www.24baires.com\/wp-content\/uploads\/2014\/10\/TELERMAN-SCIOLI.jpg?resize=525%2C300 1.5x"},"classes":[]},{"id":55326,"url":"https:\/\/www.24baires.com\/?p=55326","url_meta":{"origin":3651,"position":1},"title":"Telerman, de Cultura a Coordinador de Informaci\u00f3n y vocero de Scioli","author":"Grupo Sierra","date":"13\/10\/2014","format":false,"excerpt":"El titular del Instituto Cultural asumir\u00e1 nuevas funciones en el Gobierno bonaerense. El gobernador, Daniel Scioli, puso en funciones al titular del Instituto Cultural, Jorge Telerman, como Coordinador de la Informaci\u00f3n Gubernamental de la Provincia con la vocer\u00eda oficial del gobierno. Entre sus funciones, Telerman participar\u00e1 en el desarrollo de\u2026","rel":"","context":"En \u00abPol\u00edtica\u00bb","block_context":{"text":"Pol\u00edtica","link":"https:\/\/www.24baires.com\/?cat=51"},"img":{"alt_text":"TELERMAN SCIOLI","src":"https:\/\/i0.wp.com\/www.24baires.com\/wp-content\/uploads\/2014\/10\/TELERMAN-SCIOLI.jpg?resize=350%2C200","width":350,"height":200,"srcset":"https:\/\/i0.wp.com\/www.24baires.com\/wp-content\/uploads\/2014\/10\/TELERMAN-SCIOLI.jpg?resize=350%2C200 1x, https:\/\/i0.wp.com\/www.24baires.com\/wp-content\/uploads\/2014\/10\/TELERMAN-SCIOLI.jpg?resize=525%2C300 1.5x"},"classes":[]},{"id":49943,"url":"https:\/\/www.24baires.com\/?p=49943","url_meta":{"origin":3651,"position":2},"title":"Telerman se enfrent\u00f3 a Vidal por \u00abla inversi\u00f3n en cultura\u00bb","author":"Grupo Sierra","date":"15\/07\/2014","format":false,"excerpt":"El presidente del Instituto Cultural bonaerense cuestion\u00f3 hoy los dichos de la vicejefa de Gobierno porte\u00f1o por afirmar que \"la inversi\u00f3n en cultura no es prioritaria\". \u201cAsusta que la candidata del PRO que supuestamente quiere gobernar la provincia diga tan livianamente que la inversi\u00f3n en cultura no es prioritaria\u201d, expres\u00f3\u2026","rel":"","context":"En \u00abPol\u00edtica\u00bb","block_context":{"text":"Pol\u00edtica","link":"https:\/\/www.24baires.com\/?cat=51"},"img":{"alt_text":"telerman","src":"https:\/\/i0.wp.com\/www.24baires.com\/wp-content\/uploads\/2014\/07\/telerman.jpg?resize=350%2C200","width":350,"height":200,"srcset":"https:\/\/i0.wp.com\/www.24baires.com\/wp-content\/uploads\/2014\/07\/telerman.jpg?resize=350%2C200 1x, https:\/\/i0.wp.com\/www.24baires.com\/wp-content\/uploads\/2014\/07\/telerman.jpg?resize=525%2C300 1.5x"},"classes":[]},{"id":43107,"url":"https:\/\/www.24baires.com\/?p=43107","url_meta":{"origin":3651,"position":3},"title":"El Canal de Scioli estar\u00e1 en 60 localidades bonaerenses gracias a Cablevisi\u00f3n","author":"Grupo Sierra","date":"01\/04\/2014","format":false,"excerpt":"La programaci\u00f3n de \"Digo TV\" est\u00e1 dise\u00f1ada desde el Instituto Cultural por Jorge Telerman, uno de los hombres fuertes del sciolismo, y trep\u00f3 r\u00e1pido hasta las grillas dominantes para formar parte del monopolio. \"Nuestro objetivo es en los pr\u00f3ximos meses alcanzar la totalidad de abonados al servicio b\u00e1sico de los\u2026","rel":"","context":"En \u00abMedios\u00bb","block_context":{"text":"Medios","link":"https:\/\/www.24baires.com\/?cat=54"},"img":{"alt_text":"digo tv","src":"https:\/\/i0.wp.com\/www.24baires.com\/wp-content\/uploads\/2014\/04\/digo-tv.jpg?resize=350%2C200","width":350,"height":200,"srcset":"https:\/\/i0.wp.com\/www.24baires.com\/wp-content\/uploads\/2014\/04\/digo-tv.jpg?resize=350%2C200 1x, https:\/\/i0.wp.com\/www.24baires.com\/wp-content\/uploads\/2014\/04\/digo-tv.jpg?resize=525%2C300 1.5x"},"classes":[]},{"id":14694,"url":"https:\/\/www.24baires.com\/?p=14694","url_meta":{"origin":3651,"position":4},"title":"Arranca el Carnaval Veneciano en Tigre y en Z\u00e1rate","author":"AF","date":"05\/02\/2013","format":false,"excerpt":"El titular del Instituto Cultural de la provincia, Jorge Telerman, dijo que \u201cpor primera vez\u201d se realizar\u00e1 \u201cesta muestra de esp\u00edritu original, adaptada a nuestra idiosincrasia\u201d. El funcionario provincial expres\u00f3 que se busca desarrollar \u201cun gran despliegue de obras art\u00edsticas\u201d en los municipios de Tigre y Z\u00e1rate. \u201cPor primera vez\u2026","rel":"","context":"En \u00abLocales\u00bb","block_context":{"text":"Locales","link":"https:\/\/www.24baires.com\/?cat=38"},"img":{"alt_text":"carnaval veneciano","src":"https:\/\/i0.wp.com\/www.24baires.com\/wp-content\/uploads\/2013\/02\/carnaval-veneciano.jpg?resize=350%2C200","width":350,"height":200},"classes":[]},{"id":2419,"url":"https:\/\/www.24baires.com\/?p=2419","url_meta":{"origin":3651,"position":5},"title":"Radio Provincia festej\u00f3 75 a\u00f1os de aire","author":"AF","date":"17\/10\/2012","format":false,"excerpt":"Con la presentaci\u00f3n del radioteatro \u201cTal como somos\u201d, de Alberto Migr\u00e9 y V\u00edctor Ag\u00fa, en la sala Astor Piazzolla del Teatro Argentino de La Plata, LS 11 Radio Provincia celebr\u00f3 este martes sus 75 a\u00f1os al aire. De la funci\u00f3n, participaron las c\u00e9lebres actrices Nora C\u00e1rpena e Irma Roy, quienes\u2026","rel":"","context":"En \u00abProvincia\u00bb","block_context":{"text":"Provincia","link":"https:\/\/www.24baires.com\/?cat=40"},"img":{"alt_text":"","src":"https:\/\/i0.wp.com\/www.24baires.com\/wp-content\/uploads\/2012\/10\/irmaroy75Rprov-300x181.jpg?resize=350%2C200","width":350,"height":200},"classes":[]}],"jetpack_sharing_enabled":true,"jetpack_likes_enabled":true,"_links":{"self":[{"href":"https:\/\/www.24baires.com\/index.php?rest_route=\/wp\/v2\/posts\/3651","targetHints":{"allow":["GET"]}}],"collection":[{"href":"https:\/\/www.24baires.com\/index.php?rest_route=\/wp\/v2\/posts"}],"about":[{"href":"https:\/\/www.24baires.com\/index.php?rest_route=\/wp\/v2\/types\/post"}],"author":[{"embeddable":true,"href":"https:\/\/www.24baires.com\/index.php?rest_route=\/wp\/v2\/users\/11"}],"replies":[{"embeddable":true,"href":"https:\/\/www.24baires.com\/index.php?rest_route=%2Fwp%2Fv2%2Fcomments&post=3651"}],"version-history":[{"count":1,"href":"https:\/\/www.24baires.com\/index.php?rest_route=\/wp\/v2\/posts\/3651\/revisions"}],"predecessor-version":[{"id":3652,"href":"https:\/\/www.24baires.com\/index.php?rest_route=\/wp\/v2\/posts\/3651\/revisions\/3652"}],"wp:attachment":[{"href":"https:\/\/www.24baires.com\/index.php?rest_route=%2Fwp%2Fv2%2Fmedia&parent=3651"}],"wp:term":[{"taxonomy":"category","embeddable":true,"href":"https:\/\/www.24baires.com\/index.php?rest_route=%2Fwp%2Fv2%2Fcategories&post=3651"},{"taxonomy":"post_tag","embeddable":true,"href":"https:\/\/www.24baires.com\/index.php?rest_route=%2Fwp%2Fv2%2Ftags&post=3651"}],"curies":[{"name":"wp","href":"https:\/\/api.w.org\/{rel}","templated":true}]}}