{"id":3647,"date":"2012-10-29T10:55:12","date_gmt":"2012-10-29T13:55:12","guid":{"rendered":"http:\/\/www.24baires.com\/?p=3647"},"modified":"2012-10-29T11:08:36","modified_gmt":"2012-10-29T14:08:36","slug":"pitelli-el-agua-que-cayo-en-chivilcoy-fue-espeluznante","status":"publish","type":"post","link":"https:\/\/www.24baires.com\/?p=3647","title":{"rendered":"Pitelli: \u00abEl agua que cay\u00f3 en Chivilcoy fue espeluznante\u00bb"},"content":{"rendered":"<p>A ra\u00edz del temporal de fuertes vientos y lluvias que afect\u00f3 el distrtio de Chivilcoy, el jefe comunal An\u00edbal Pitelli se\u00f1al\u00f3 que es una \u201csituaci\u00f3n at\u00edpica porque cayeron 130 mil\u00edmetros en poco m\u00e1s de una hora, algo in\u00e9dito para Chivilcoy. La cantidad de agua que cay\u00f3 en Chivilcoy ha sido espeluznante\u201d.<!--more--><br \/>\nEl intendente del municipio de Chivilcoy, An\u00edbal Pitelli se refiri\u00f3 al temporal de lluvia y viento que se abati\u00f3 al distrtio y a la regi\u00f3n y por Radio Provincia expres\u00f3 que se trat\u00f3 de una \u201csituaci\u00f3n at\u00edpica porque cayeron 130 mil\u00edmetros en poco m\u00e1s de una hora, algo in\u00e9dito para Chivilcoy. La cantidad de agua que cay\u00f3 en Chivilcoy ha sido espeluznante\u201d.<br \/>\nAdem\u00e1s el jefe comunal inform\u00f3 que debido a la cantidad de agua ca\u00edda, \u201cel sistema de escurrimiento de agua colaps\u00f3\u201d, lo que afect\u00f3 al \u201cciento por ciento de las familias\u201d. Ante esta situaci\u00f3n, debieron ser evacuadas 75 personas y 35 familias, aunque la gran mayor\u00eda est\u00e1 volviendo a sus hogares.<br \/>\nPor otra parte, Pitelli inform\u00f3 que hubo gran cantidad de \u00e1rboles y postes de luz ca\u00eddos, a lo que hab\u00eda que agregar a primera hora de la ma\u00f1ana un corte en la Ruta 51. Por \u00faltimo, el intendente asegur\u00f3 que en Chivilcoy, \u201cel agua escurre muy r\u00e1pidamente\u201d, por lo que a las 7 de la ma\u00f1ana \u201cel 90% est\u00e1 libre de anegamientos\u201d.<\/p>\n","protected":false},"excerpt":{"rendered":"<p>A ra\u00edz del temporal de fuertes vientos y lluvias que afect\u00f3 el distrtio de Chivilcoy, el jefe comunal An\u00edbal Pitelli se\u00f1al\u00f3 que es una \u201csituaci\u00f3n at\u00edpica porque cayeron 130 mil\u00edmetros en poco m\u00e1s de una hora, algo in\u00e9dito para Chivilcoy. La cantidad de agua que cay\u00f3 en Chivilcoy ha sido espeluznante\u201d.<\/p>\n","protected":false},"author":11,"featured_media":0,"comment_status":"open","ping_status":"open","sticky":false,"template":"","format":"standard","meta":{"_jetpack_newsletter_access":"","_jetpack_dont_email_post_to_subs":false,"_jetpack_newsletter_tier_id":0,"_jetpack_memberships_contains_paywalled_content":false,"_jetpack_memberships_contains_paid_content":false,"footnotes":""},"categories":[38],"tags":[],"class_list":["post-3647","post","type-post","status-publish","format-standard","hentry","category-locales"],"jetpack_featured_media_url":"","jetpack_shortlink":"https:\/\/wp.me\/p2JWE0-WP","jetpack-related-posts":[{"id":43029,"url":"https:\/\/www.24baires.com\/?p=43029","url_meta":{"origin":3647,"position":0},"title":"El intendente de Chivilcoy tambi\u00e9n se sumar\u00e1 al Ministerio del Interior","author":"GB","date":"30\/03\/2014","format":false,"excerpt":"CHIVILCOY-El intendente de Chivilcoy, An\u00edbal Pitelli, renunciar\u00e1 a su cargo para sumarse al Ministerio de Interior y Transporte de la Naci\u00f3n que conduce Florencio Randazzo. Al igual que su par de Villa Gesell, Jorge Rodr\u00edguez Erneta, quien el lunes dejar\u00e1 el municipio para seguir sus funciones en Naci\u00f3n, Pitelli se\u2026","rel":"","context":"En \u00abMunicipios\u00bb","block_context":{"text":"Municipios","link":"https:\/\/www.24baires.com\/?cat=44"},"img":{"alt_text":"int de chivilcoy","src":"https:\/\/i0.wp.com\/www.24baires.com\/wp-content\/uploads\/2014\/03\/int-de-chivilcoy-300x200.jpg?resize=350%2C200","width":350,"height":200},"classes":[]},{"id":36121,"url":"https:\/\/www.24baires.com\/?p=36121","url_meta":{"origin":3647,"position":1},"title":"Un tornado azot\u00f3 a Chivilcoy","author":"GB","date":"02\/12\/2013","format":false,"excerpt":"Adem\u00e1s de varios heridos leves, se produjeron destrozos en casas. M\u00e1s de 50 familias fueron evacuadas. El fuerte temporal choc\u00f3 con fuerza en la ciudad de Chivilcoy, y adem\u00e1s de producir varios destrozos en casas y \u00e1rboles, hay varios heridos, seg\u00fan coment\u00f3 el intendente Anibal Pitelli. \"La ciudad qued\u00f3 devastada.\u2026","rel":"","context":"En \u00abLocales\u00bb","block_context":{"text":"Locales","link":"https:\/\/www.24baires.com\/?cat=38"},"img":{"alt_text":"chivilcoy tornado","src":"https:\/\/i0.wp.com\/www.24baires.com\/wp-content\/uploads\/2013\/12\/chivilcoy-tornado.jpg?resize=350%2C200","width":350,"height":200,"srcset":"https:\/\/i0.wp.com\/www.24baires.com\/wp-content\/uploads\/2013\/12\/chivilcoy-tornado.jpg?resize=350%2C200 1x, https:\/\/i0.wp.com\/www.24baires.com\/wp-content\/uploads\/2013\/12\/chivilcoy-tornado.jpg?resize=525%2C300 1.5x"},"classes":[]},{"id":41966,"url":"https:\/\/www.24baires.com\/?p=41966","url_meta":{"origin":3647,"position":2},"title":"El Intendente de Chivilcoy cuestion\u00f3: \u00abScioli no env\u00eda dinero para obras\u00bb","author":"Grupo Sierra","date":"12\/03\/2014","format":false,"excerpt":"El Intendente reclam\u00f3 que al Gobierno provincial que lleve a cabo los proyectos que adeuda al distrito. Pidi\u00f3 \"profundizar la relaci\u00f3n\" con la Provincia para concretar las obras que hasta ahora se vienen haciendo con el dinero municipal o los aportes de la Naci\u00f3n. El Jefe Comunal de la localidad\u2026","rel":"","context":"En \u00abLocales\u00bb","block_context":{"text":"Locales","link":"https:\/\/www.24baires.com\/?cat=38"},"img":{"alt_text":"","src":"","width":0,"height":0},"classes":[]},{"id":28782,"url":"https:\/\/www.24baires.com\/?p=28782","url_meta":{"origin":3647,"position":3},"title":"Chivilcoy: denuncian situaci\u00f3n cr\u00edtica del agua potable","author":"AF","date":"23\/07\/2013","format":false,"excerpt":"Referentes de agrupaciones pol\u00edticas aseguran que el servicio de la ciudad se encuentra contaminado dado la presencia de altas concentraciones de ars\u00e9nico, un metaloide cancer\u00edgeno. Asimismo, critican al gobierno municipal de Anibal Pitelli y enfatizan en la necesidad de potabilizar la red del agua, para lo cual se requiere de\u2026","rel":"","context":"En \u00abLocales\u00bb","block_context":{"text":"Locales","link":"https:\/\/www.24baires.com\/?cat=38"},"img":{"alt_text":"","src":"","width":0,"height":0},"classes":[]},{"id":31258,"url":"https:\/\/www.24baires.com\/?p=31258","url_meta":{"origin":3647,"position":4},"title":"Plan Municipal de Emergencia en Chivilcoy","author":"AF","date":"04\/09\/2013","format":false,"excerpt":"\u201cTener un plan de emergencia en Chivilcoy tiene mucho m\u00e9rito\u201d, manifest\u00f3 el intendente An\u00edbal Pittelli, durante la presentaci\u00f3n el Plan Municipal de Emergencia y Contingencia Civil. Adem\u00e1s el jefe comunal destac\u00f3 la voluntad pol\u00edtica del gobernador Daniel Scioli y los ministros para implementar y promocionar acciones de defensa civil en\u2026","rel":"","context":"En \u00abLocales\u00bb","block_context":{"text":"Locales","link":"https:\/\/www.24baires.com\/?cat=38"},"img":{"alt_text":"","src":"","width":0,"height":0},"classes":[]},{"id":18063,"url":"https:\/\/www.24baires.com\/?p=18063","url_meta":{"origin":3647,"position":5},"title":"Reparar\u00e1n escuelas de Chivilcoy con dinero del Fondo Municipal de Infraestructura Escolar","author":"AF","date":"11\/03\/2013","format":false,"excerpt":"En Chivilcoy se cre\u00f3 el Fondo Municipal de Infraestructura Escolar, con el cual este a\u00f1o se invertir\u00e1n 1.250.000 pesos para realizar obras en las escuelas del distrito dependientes de la Provincia de Buenos Aires. El intendente An\u00edbal Pittelli, present\u00f3 el plan municipal de infraestructura escolar destinado a financiar con fondos\u2026","rel":"","context":"En \u00abLocales\u00bb","block_context":{"text":"Locales","link":"https:\/\/www.24baires.com\/?cat=38"},"img":{"alt_text":"chivilcoy","src":"https:\/\/i0.wp.com\/www.24baires.com\/wp-content\/uploads\/2013\/03\/chivilcoy.jpg?resize=350%2C200","width":350,"height":200},"classes":[]}],"jetpack_sharing_enabled":true,"jetpack_likes_enabled":true,"_links":{"self":[{"href":"https:\/\/www.24baires.com\/index.php?rest_route=\/wp\/v2\/posts\/3647","targetHints":{"allow":["GET"]}}],"collection":[{"href":"https:\/\/www.24baires.com\/index.php?rest_route=\/wp\/v2\/posts"}],"about":[{"href":"https:\/\/www.24baires.com\/index.php?rest_route=\/wp\/v2\/types\/post"}],"author":[{"embeddable":true,"href":"https:\/\/www.24baires.com\/index.php?rest_route=\/wp\/v2\/users\/11"}],"replies":[{"embeddable":true,"href":"https:\/\/www.24baires.com\/index.php?rest_route=%2Fwp%2Fv2%2Fcomments&post=3647"}],"version-history":[{"count":3,"href":"https:\/\/www.24baires.com\/index.php?rest_route=\/wp\/v2\/posts\/3647\/revisions"}],"predecessor-version":[{"id":3650,"href":"https:\/\/www.24baires.com\/index.php?rest_route=\/wp\/v2\/posts\/3647\/revisions\/3650"}],"wp:attachment":[{"href":"https:\/\/www.24baires.com\/index.php?rest_route=%2Fwp%2Fv2%2Fmedia&parent=3647"}],"wp:term":[{"taxonomy":"category","embeddable":true,"href":"https:\/\/www.24baires.com\/index.php?rest_route=%2Fwp%2Fv2%2Fcategories&post=3647"},{"taxonomy":"post_tag","embeddable":true,"href":"https:\/\/www.24baires.com\/index.php?rest_route=%2Fwp%2Fv2%2Ftags&post=3647"}],"curies":[{"name":"wp","href":"https:\/\/api.w.org\/{rel}","templated":true}]}}