{"id":3641,"date":"2012-10-29T11:00:52","date_gmt":"2012-10-29T14:00:52","guid":{"rendered":"http:\/\/www.24baires.com\/?p=3641"},"modified":"2012-10-29T11:04:16","modified_gmt":"2012-10-29T14:04:16","slug":"el-desborde-del-rio-matanza-provoco-anegaciones-y-evacuados-en-parte-del-conurbano","status":"publish","type":"post","link":"https:\/\/www.24baires.com\/?p=3641","title":{"rendered":"El desborde del R\u00edo Matanza provoc\u00f3 anegamientos y evacuados en parte del conurbano"},"content":{"rendered":"<p><img data-recalc-dims=\"1\" loading=\"lazy\" decoding=\"async\" class=\"aligncenter size-full wp-image-3642\" title=\"Temporal_Avellaneda1_29_10_12_LZ_92332\" src=\"https:\/\/i0.wp.com\/www.24baires.com\/wp-content\/uploads\/2012\/10\/Temporal_Avellaneda1_29_10_12_LZ_92332.jpg?resize=560%2C371\" alt=\"\" width=\"560\" height=\"371\" srcset=\"https:\/\/i0.wp.com\/www.24baires.com\/wp-content\/uploads\/2012\/10\/Temporal_Avellaneda1_29_10_12_LZ_92332.jpg?w=560&amp;ssl=1 560w, https:\/\/i0.wp.com\/www.24baires.com\/wp-content\/uploads\/2012\/10\/Temporal_Avellaneda1_29_10_12_LZ_92332.jpg?resize=300%2C198&amp;ssl=1 300w\" sizes=\"auto, (max-width: 560px) 100vw, 560px\" \/><\/p>\n<p>El titular del Consejo provincial de Emergencias, Luciano Timerman, inform\u00f3 que a ra\u00edz de las lluvias desbord\u00f3 el r\u00edo Matanza y ocasion\u00f3 evacuados y calles anegadas, en tanto sigue el alerta meteorol\u00f3gico.<!--more--><\/p>\n<p>\u00abHay calles anegadas y rutas anegadas en distintos distritos del conurbano bonaerense, y el desborde del r\u00edo Matanza ocasion\u00f3 evacuados en La Matanza y Esteban Echeverr\u00eda\u00bb, detall\u00f3 Timerman a la agencia T\u00e9lam.<br \/>\nAdvirti\u00f3 que \u00absigue el alerta por vientos fuertes y lluvias, por lo que pedimos precauci\u00f3n para circular por las rutas y autopistas, en especial las que conducen a Capital Federal\u00bb.<br \/>\nTimerman destac\u00f3 que el gobernador bonaerense, Daniel Scioli y su ministro de Desarrollo Social provincial, Mart\u00edn Ferr\u00e9, monitorean desde la madrugada la situaci\u00f3n en todo el territorio bonaerense y han puesto a disposici\u00f3n de los municipios afectados la ayuda que requieran.<\/p>\n","protected":false},"excerpt":{"rendered":"<p>El titular del Consejo provincial de Emergencias, Luciano Timerman, inform\u00f3 que a ra\u00edz de las lluvias desbord\u00f3 el r\u00edo Matanza y ocasion\u00f3 evacuados y calles anegadas, en tanto sigue el alerta meteorol\u00f3gico.<\/p>\n","protected":false},"author":11,"featured_media":0,"comment_status":"open","ping_status":"open","sticky":false,"template":"","format":"standard","meta":{"_jetpack_newsletter_access":"","_jetpack_dont_email_post_to_subs":false,"_jetpack_newsletter_tier_id":0,"_jetpack_memberships_contains_paywalled_content":false,"_jetpack_memberships_contains_paid_content":false,"footnotes":""},"categories":[1],"tags":[],"class_list":["post-3641","post","type-post","status-publish","format-standard","hentry","category-sociedad"],"jetpack_featured_media_url":"","jetpack_shortlink":"https:\/\/wp.me\/p2JWE0-WJ","jetpack-related-posts":[{"id":3763,"url":"https:\/\/www.24baires.com\/?p=3763","url_meta":{"origin":3641,"position":0},"title":"El temporal dej\u00f3 dos muertos y ascienden a casi 3 mil los evacuados","author":"AF","date":"29\/10\/2012","format":false,"excerpt":"Las v\u00edctimas fatales se registraron en las localidades de Lan\u00fas y Laferrere. La mayor parte de las evacuaciones se produjeron en los partidos de La Matanza y Lomas de Zamora. Sigue el alerta por lluvias y fuertes vientos. Una mujer muri\u00f3 electrocutada esta tarde cuando manipulaba un cable de alargue\u2026","rel":"","context":"En \u00abProvincia\u00bb","block_context":{"text":"Provincia","link":"https:\/\/www.24baires.com\/?cat=40"},"img":{"alt_text":"","src":"","width":0,"height":0},"classes":[]},{"id":20038,"url":"https:\/\/www.24baires.com\/?p=20038","url_meta":{"origin":3641,"position":1},"title":"M\u00e1s de 1500 evacuados en el conurbano bonaerense y la zona de La Plata","author":"Grupo Sierra","date":"02\/04\/2013","format":false,"excerpt":"M\u00e1s de 900 personas fueron evacuadas o autoevacuadas hoy en los partidos de La Plata, Berisso y Ensenada, a ra\u00edz del temporal, que en la capital bonaerense descarg\u00f3 unos 300 mil\u00edmetros por metro cuadrado, informaron fuentes oficiales. Mientras que unas 180 personas fueron evacuadas hoy en los barrios de Villa\u2026","rel":"","context":"En \u00abSociedad\u00bb","block_context":{"text":"Sociedad","link":"https:\/\/www.24baires.com\/?cat=1"},"img":{"alt_text":"","src":"","width":0,"height":0},"classes":[]},{"id":112512,"url":"https:\/\/www.24baires.com\/?p=112512","url_meta":{"origin":3641,"position":2},"title":"M\u00e1s de 5 mil personas siguen evacuadas en el Conurbano","author":"GB","date":"16\/10\/2019","format":false,"excerpt":"M\u00e1s de cinco mil personas continuaban evacuadas hoy en varios distritos del Conurbano bonaerense a ra\u00edz de las inundaciones provocadas a partir del temporal del s\u00e1bado pasado, que impact\u00f3 principalmente en La Matanza, Esteban Echeverr\u00eda, Quilmes, Ezeiza y Lomas de Zamora. La crecida del R\u00edo de la Plata, cuyas aguas\u2026","rel":"","context":"En \u00abProvincia\u00bb","block_context":{"text":"Provincia","link":"https:\/\/www.24baires.com\/?cat=40"},"img":{"alt_text":"","src":"https:\/\/i0.wp.com\/www.24baires.com\/wp-content\/uploads\/2019\/10\/inundacion-1-300x200.jpg?resize=350%2C200","width":350,"height":200},"classes":[]},{"id":57915,"url":"https:\/\/www.24baires.com\/?p=57915","url_meta":{"origin":3641,"position":3},"title":"Hay 50 evacuados por la intensa lluvia en la Provincia","author":"GB","date":"30\/11\/2014","format":false,"excerpt":"Las localidades afectadas pertenecen a La Matanza y Arrecifes como consecuencia del temporal de lluvia y viento. La mayor\u00eca de los evacuados son del partido de La Matanza. Unas 50 personas permanecen evacuadas desde esta madrugada en las localidades de La Matanza y Arrecifes como consecuencia del temporal de viento\u2026","rel":"","context":"En \u00abSociedad\u00bb","block_context":{"text":"Sociedad","link":"https:\/\/www.24baires.com\/?cat=1"},"img":{"alt_text":"inundacion la matanza","src":"https:\/\/i0.wp.com\/www.24baires.com\/wp-content\/uploads\/2014\/11\/inundacion-la-matanza.jpg?resize=350%2C200","width":350,"height":200,"srcset":"https:\/\/i0.wp.com\/www.24baires.com\/wp-content\/uploads\/2014\/11\/inundacion-la-matanza.jpg?resize=350%2C200 1x, https:\/\/i0.wp.com\/www.24baires.com\/wp-content\/uploads\/2014\/11\/inundacion-la-matanza.jpg?resize=525%2C300 1.5x"},"classes":[]},{"id":40021,"url":"https:\/\/www.24baires.com\/?p=40021","url_meta":{"origin":3641,"position":4},"title":"Un muerto y m\u00e1s de 2 mil evacuados por el temporal en la Provincia","author":"GB","date":"07\/02\/2014","format":false,"excerpt":"Una mujer muri\u00f3 al ser arrastrada por la corriente del arroyo Las Piedras, que desbord\u00f3 en Rafael Calzada, mientras que 60 personas fueron evacuadas en Luj\u00e1n y otras 100 en Berisso por las fuertes lluvias. \"La mujer fue advertida de que era peligroso que cruzara por ese puente por los\u2026","rel":"","context":"En \u00abSociedad\u00bb","block_context":{"text":"Sociedad","link":"https:\/\/www.24baires.com\/?cat=1"},"img":{"alt_text":"","src":"","width":0,"height":0},"classes":[]},{"id":2923,"url":"https:\/\/www.24baires.com\/?p=2923","url_meta":{"origin":3641,"position":5},"title":"Evacuados en San Pedro y hay alerta en la cuenca del R\u00edo Areco","author":"Grupo Sierra","date":"22\/10\/2012","format":false,"excerpt":"El Consejo Provincial de Emergencia sigue la situaci\u00f3n en Ramallo, San Nicol\u00e1s, Baradero y Capit\u00e1n Sarmiento. \"Estamos monitoreando la cuenca del R\u00edo Areco que desbord\u00f3 en una de las zonas y esperamos una crecida para alrededor de las 19\u201d, informaron las autoridades. Varias personas fueron evacuadas en San Pedro a\u2026","rel":"","context":"En \u00abLocales\u00bb","block_context":{"text":"Locales","link":"https:\/\/www.24baires.com\/?cat=38"},"img":{"alt_text":"","src":"","width":0,"height":0},"classes":[]}],"jetpack_sharing_enabled":true,"jetpack_likes_enabled":true,"_links":{"self":[{"href":"https:\/\/www.24baires.com\/index.php?rest_route=\/wp\/v2\/posts\/3641","targetHints":{"allow":["GET"]}}],"collection":[{"href":"https:\/\/www.24baires.com\/index.php?rest_route=\/wp\/v2\/posts"}],"about":[{"href":"https:\/\/www.24baires.com\/index.php?rest_route=\/wp\/v2\/types\/post"}],"author":[{"embeddable":true,"href":"https:\/\/www.24baires.com\/index.php?rest_route=\/wp\/v2\/users\/11"}],"replies":[{"embeddable":true,"href":"https:\/\/www.24baires.com\/index.php?rest_route=%2Fwp%2Fv2%2Fcomments&post=3641"}],"version-history":[{"count":3,"href":"https:\/\/www.24baires.com\/index.php?rest_route=\/wp\/v2\/posts\/3641\/revisions"}],"predecessor-version":[{"id":3645,"href":"https:\/\/www.24baires.com\/index.php?rest_route=\/wp\/v2\/posts\/3641\/revisions\/3645"}],"wp:attachment":[{"href":"https:\/\/www.24baires.com\/index.php?rest_route=%2Fwp%2Fv2%2Fmedia&parent=3641"}],"wp:term":[{"taxonomy":"category","embeddable":true,"href":"https:\/\/www.24baires.com\/index.php?rest_route=%2Fwp%2Fv2%2Fcategories&post=3641"},{"taxonomy":"post_tag","embeddable":true,"href":"https:\/\/www.24baires.com\/index.php?rest_route=%2Fwp%2Fv2%2Ftags&post=3641"}],"curies":[{"name":"wp","href":"https:\/\/api.w.org\/{rel}","templated":true}]}}