{"id":36322,"date":"2013-12-06T17:00:19","date_gmt":"2013-12-06T20:00:19","guid":{"rendered":"http:\/\/www.24baires.com\/?p=36322"},"modified":"2013-12-06T16:55:40","modified_gmt":"2013-12-06T19:55:40","slug":"la-irresponsabilidad-al-poder-2","status":"publish","type":"post","link":"https:\/\/www.24baires.com\/?p=36322","title":{"rendered":"La irresponsabilidad al poder"},"content":{"rendered":"<p><img data-recalc-dims=\"1\" loading=\"lazy\" decoding=\"async\" class=\"aligncenter size-full wp-image-15521\" alt=\"de la sota\" src=\"https:\/\/i0.wp.com\/www.24baires.com\/wp-content\/uploads\/2013\/02\/de-la-sota.jpg?resize=560%2C314\" width=\"560\" height=\"314\" srcset=\"https:\/\/i0.wp.com\/www.24baires.com\/wp-content\/uploads\/2013\/02\/de-la-sota.jpg?w=560&amp;ssl=1 560w, https:\/\/i0.wp.com\/www.24baires.com\/wp-content\/uploads\/2013\/02\/de-la-sota.jpg?resize=300%2C168&amp;ssl=1 300w\" sizes=\"auto, (max-width: 560px) 100vw, 560px\" \/>Da un poco de miedo ver como reaccionan algunos l\u00edderes pol\u00edticos ante imponderables, cat\u00e1strofes y desgracias varias. Sobre todo cuando ellos mismos se creen capacitados para gobernar todo el pa\u00eds y, -miedo mortal- dicen querer exporta el sistema que implementan, por ejemplo, en las provincias que dirigen.<!--more--><\/p>\n<p>Y ese espanto que nos une surge de observar el accionar (o la falta de \u00e9l) del Gobernador de C\u00f3rdoba, Jos\u00e9 Manuel De la Sota.<\/p>\n<p>Lo sucedido en esa provincia es de p\u00fablico conocimiento: acuartelamiento del cuerpo policial pidiendo aumento. El gobierno provincial diciendo que ese aumento solicitado era econ\u00f3micamente inviable. Caos y saqueos en diversos puntos. Muerte un joven. Aceptaci\u00f3n de las autoridades de la solicitud salarial de la polic\u00eda. Normalizaci\u00f3n de la situaci\u00f3n. Y todo ello con el gobernador de compras en un Free Shop de Colombia. En muy pocas palabras, esa es la informaci\u00f3n que circul\u00f3, explayada, detallada hasta el cansancio por todos los medios de comunicaci\u00f3n del pa\u00eds.<\/p>\n<p>El an\u00e1lisis no pretende centrarse en esos devenires terribles, tristes. Sino en el accionar de las autoridades provinciales, en especial del l\u00edder m\u00e1ximo: el gobernador.<\/p>\n<p>Ni siquiera achacaremos que estaba fuera del pa\u00eds, \u00bfc\u00f3mo saber lo que suceder\u00eda? Aunque el conflicto con la polic\u00eda ya hab\u00eda comenzado, no con el acuartelamiento, pero el pedido ya estaba manifestado, y De La Sota decidi\u00f3 irse igual. Aun con toda la problem\u00e1tica del narcotr\u00e1fico a flor de piel, que involucra estamentos estatales y policiales. Pero si podemos se\u00f1alar y hacer hincapi\u00e9 en c\u00f3mo se manej\u00f3 el gobernador luego de que los incidentes comenzaran.<\/p>\n<p>Lo primero que hizo fue echarle la culpa al gobierno nacional por no enviar a la gendarmer\u00eda a C\u00f3rdoba. Y lo hizo mediante las redes sociales. No, no es broma, as\u00ed lo hizo durante la madrugada.<\/p>\n<p>Mientras el caos, la violencia y los saqueos hac\u00edan temblar la capital del Fernet, De la Sota no pidi\u00f3 jam\u00e1s de manera formal en env\u00edo de gendarmes a Naci\u00f3n para intentar controlar la situaci\u00f3n. Imagino que desde Colombia tambi\u00e9n pod\u00eda ver que su provincia parec\u00eda tierra de nadie.<\/p>\n<p>Lo que De la Sota sabe y no dice es algo simple, algo que aprendemos en la primaria: vivimos en un estado representativo, republicano y federal: el Estado Nacional no puede avasallar la autoridad provincial y actuar de manera unilateral. Deb\u00edan pedir formalmente gendarmes. Cuando lo hicieron, se les enviaron.<\/p>\n<p>El facilismo de De La Sota ante una situaci\u00f3n as\u00ed hace correr fr\u00edo por la espalda, sobre todo cuando recordamos aquello que \u00e9l dec\u00eda sobre \u201cexportar el modelo cordobesista\u201d al resto del pa\u00eds.<\/p>\n<p>La irresponsabilidad de un gobernador votado por su pueblo al echarle la culpa al estado nacional cuando, evidente, el que fall\u00f3 fue \u00e9l y su gabinete. Un muerto, decenas de heridos y detenidos, ese fue el terrible saldo.<\/p>\n<p>Y ni qu\u00e9 decir de ese fantasmita cabez\u00f3n que todos los diciembres antes de las fiestas aparece regocij\u00e1ndose ante este tipo de hechos, o instig\u00e1ndolos. Muchos se contentan con los desmanes y saqueos, porque prefieren el incendio, porque le sacan provecho. Esperemos que no les den el gusto y la paz lograda se extienda y prevalezca, aunque a muchos que se frotaron las manos mirando las im\u00e1genes de lo que pasaba en C\u00f3rdoba no les guste.<\/p>\n","protected":false},"excerpt":{"rendered":"<p>Da un poco de miedo ver como reaccionan algunos l\u00edderes pol\u00edticos ante imponderables, cat\u00e1strofes y desgracias varias. Sobre todo cuando ellos mismos se creen capacitados para gobernar todo el pa\u00eds y, -miedo mortal- dicen querer exporta el sistema que implementan, por ejemplo, en las provincias que dirigen.<\/p>\n","protected":false},"author":4,"featured_media":0,"comment_status":"open","ping_status":"open","sticky":false,"template":"","format":"standard","meta":{"_jetpack_newsletter_access":"","_jetpack_dont_email_post_to_subs":false,"_jetpack_newsletter_tier_id":0,"_jetpack_memberships_contains_paywalled_content":false,"_jetpack_memberships_contains_paid_content":false,"footnotes":""},"categories":[64],"tags":[],"class_list":["post-36322","post","type-post","status-publish","format-standard","hentry","category-opinion"],"jetpack_featured_media_url":"","jetpack_shortlink":"https:\/\/wp.me\/p2JWE0-9rQ","jetpack-related-posts":[{"id":113612,"url":"https:\/\/www.24baires.com\/?p=113612","url_meta":{"origin":36322,"position":0},"title":"Kicillof tild\u00f3 de \u201cirresponsable\u201d a la oposici\u00f3n","author":"AF","date":"27\/12\/2019","format":false,"excerpt":"\u201cEste Gobernador no va a aceptar extorsiones para aprobar leyes, menos todav\u00eda mentiras\", sostuvo en conferencia de prensa tras la ca\u00edda de Ley Impositiva. Luego de que se cayera el tratamiento la Ley Impositiva y de la conferencia de prensa de legisladores e intendentes de la oposici\u00f3n, el gobernador Axel\u2026","rel":"","context":"En \u00abProvincia\u00bb","block_context":{"text":"Provincia","link":"https:\/\/www.24baires.com\/?cat=40"},"img":{"alt_text":"","src":"https:\/\/i0.wp.com\/www.24baires.com\/wp-content\/uploads\/2019\/11\/kicillof.jpg?resize=350%2C200","width":350,"height":200,"srcset":"https:\/\/i0.wp.com\/www.24baires.com\/wp-content\/uploads\/2019\/11\/kicillof.jpg?resize=350%2C200 1x, https:\/\/i0.wp.com\/www.24baires.com\/wp-content\/uploads\/2019\/11\/kicillof.jpg?resize=525%2C300 1.5x"},"classes":[]},{"id":101795,"url":"https:\/\/www.24baires.com\/?p=101795","url_meta":{"origin":36322,"position":1},"title":"Arranca un nuevo paro docente en la provincia","author":"GB","date":"25\/04\/2018","format":false,"excerpt":"Los trabajadores de la educaci\u00f3n llevan a cabo una medida de fuerza en el marco del reclamo salarial y movilizar\u00e1n a la Casa de Gobierno. El Poder Ejecutivo descontar\u00eda el d\u00eda y la salida al conflicto no encuentra rumbo. Este mi\u00e9rcoles arranca un nuevo paro docente en la provincia de\u2026","rel":"","context":"En \u00abProvincia\u00bb","block_context":{"text":"Provincia","link":"https:\/\/www.24baires.com\/?cat=40"},"img":{"alt_text":"","src":"https:\/\/i0.wp.com\/www.24baires.com\/wp-content\/uploads\/2017\/11\/docentes.jpg?resize=350%2C200","width":350,"height":200,"srcset":"https:\/\/i0.wp.com\/www.24baires.com\/wp-content\/uploads\/2017\/11\/docentes.jpg?resize=350%2C200 1x, https:\/\/i0.wp.com\/www.24baires.com\/wp-content\/uploads\/2017\/11\/docentes.jpg?resize=525%2C300 1.5x"},"classes":[]},{"id":36298,"url":"https:\/\/www.24baires.com\/?p=36298","url_meta":{"origin":36322,"position":2},"title":"La irresponsabilidad al poder","author":"Grupo Sierra","date":"05\/12\/2013","format":false,"excerpt":"Da un poco de miedo ver como reaccionan algunos l\u00edderes pol\u00edticos ante imponderables, cat\u00e1strofes y desgracias varias. Sobre todo cuando ellos mismos se creen capacitados para gobernar todo el pa\u00eds y, -miedo mortal- dicen querer exporta el sistema que implementan, por ejemplo, en las provincias que dirigen. Y ese espanto\u2026","rel":"","context":"En \u00abOpini\u00f3n\u00bb","block_context":{"text":"Opini\u00f3n","link":"https:\/\/www.24baires.com\/?cat=64"},"img":{"alt_text":"cordoba saqueos","src":"https:\/\/i0.wp.com\/www.24baires.com\/wp-content\/uploads\/2013\/12\/cordoba-saqueos.jpg?resize=350%2C200","width":350,"height":200,"srcset":"https:\/\/i0.wp.com\/www.24baires.com\/wp-content\/uploads\/2013\/12\/cordoba-saqueos.jpg?resize=350%2C200 1x, https:\/\/i0.wp.com\/www.24baires.com\/wp-content\/uploads\/2013\/12\/cordoba-saqueos.jpg?resize=525%2C300 1.5x"},"classes":[]},{"id":116540,"url":"https:\/\/www.24baires.com\/?p=116540","url_meta":{"origin":36322,"position":3},"title":"Kicillof anunci\u00f3 la nueva etapa del aislamiento para la provincia","author":"GB","date":"24\/10\/2020","format":false,"excerpt":"El gobernador anunci\u00f3 la nueva etapa del aislamiento. Mientras que el interior de la provincia continuar\u00e1 con el sistema de fases, el AMBA tendr\u00e1 mas habilitaciones. El gobernador de la provincia de Buenos Aires, Axel kicillof, anunci\u00f3 este viernes la nueva etapa del aislamiento social preventivo y obligatorio desde el\u2026","rel":"","context":"En \u00abProvincia\u00bb","block_context":{"text":"Provincia","link":"https:\/\/www.24baires.com\/?cat=40"},"img":{"alt_text":"","src":"https:\/\/i0.wp.com\/www.24baires.com\/wp-content\/uploads\/2020\/04\/kicillof.jpg?resize=350%2C200","width":350,"height":200,"srcset":"https:\/\/i0.wp.com\/www.24baires.com\/wp-content\/uploads\/2020\/04\/kicillof.jpg?resize=350%2C200 1x, https:\/\/i0.wp.com\/www.24baires.com\/wp-content\/uploads\/2020\/04\/kicillof.jpg?resize=525%2C300 1.5x"},"classes":[]},{"id":100850,"url":"https:\/\/www.24baires.com\/?p=100850","url_meta":{"origin":36322,"position":4},"title":"\u00abVidal propone un aumento de 600 pesos\u00bb","author":"AF","date":"03\/03\/2018","format":false,"excerpt":"Sonia Alesso, secretaria de CTERA, explic\u00f3 que la gobernadora Mar\u00eda Eugenia Vidal busca estigmatizar a los docentes para tapar el absurdo ofrecimiento paritario que le hicieron a los docentes. La secretaria general de la Confederaci\u00f3n de Trabajadores de la Educaci\u00f3n de la Rep\u00fablica Argentina (Ctera), Sonia Alesso, afirm\u00f3 hoy que\u2026","rel":"","context":"En \u00abSociedad\u00bb","block_context":{"text":"Sociedad","link":"https:\/\/www.24baires.com\/?cat=1"},"img":{"alt_text":"","src":"https:\/\/i0.wp.com\/www.24baires.com\/wp-content\/uploads\/2017\/11\/docentes.jpg?resize=350%2C200","width":350,"height":200,"srcset":"https:\/\/i0.wp.com\/www.24baires.com\/wp-content\/uploads\/2017\/11\/docentes.jpg?resize=350%2C200 1x, https:\/\/i0.wp.com\/www.24baires.com\/wp-content\/uploads\/2017\/11\/docentes.jpg?resize=525%2C300 1.5x"},"classes":[]},{"id":112836,"url":"https:\/\/www.24baires.com\/?p=112836","url_meta":{"origin":36322,"position":5},"title":"Piden a Vidal que \u201crecapacite\u201d para dejar sin efecto el tarifazo de luz","author":"GB","date":"04\/11\/2019","format":false,"excerpt":"La ONG Asociaci\u00f3n de Consumidores Responsables le exigi\u00f3 a la gobernadora bonaerense que no lleve a cabo la medida. La gobernadora, Mar\u00eda Eugenia Vidal, suma m\u00e1s rechazos tras autorizar el incremento de la tarifa de energ\u00eda el\u00e9ctrica. Ahora la ONG Asociaci\u00f3n Consumidores Responsables le realiz\u00f3 cr\u00edticas y le exigi\u00f3 que\u2026","rel":"","context":"En \u00abProvincia\u00bb","block_context":{"text":"Provincia","link":"https:\/\/www.24baires.com\/?cat=40"},"img":{"alt_text":"","src":"https:\/\/i0.wp.com\/www.24baires.com\/wp-content\/uploads\/2019\/10\/voto-vidal.jpg?resize=350%2C200","width":350,"height":200,"srcset":"https:\/\/i0.wp.com\/www.24baires.com\/wp-content\/uploads\/2019\/10\/voto-vidal.jpg?resize=350%2C200 1x, https:\/\/i0.wp.com\/www.24baires.com\/wp-content\/uploads\/2019\/10\/voto-vidal.jpg?resize=525%2C300 1.5x"},"classes":[]}],"jetpack_sharing_enabled":true,"jetpack_likes_enabled":true,"_links":{"self":[{"href":"https:\/\/www.24baires.com\/index.php?rest_route=\/wp\/v2\/posts\/36322","targetHints":{"allow":["GET"]}}],"collection":[{"href":"https:\/\/www.24baires.com\/index.php?rest_route=\/wp\/v2\/posts"}],"about":[{"href":"https:\/\/www.24baires.com\/index.php?rest_route=\/wp\/v2\/types\/post"}],"author":[{"embeddable":true,"href":"https:\/\/www.24baires.com\/index.php?rest_route=\/wp\/v2\/users\/4"}],"replies":[{"embeddable":true,"href":"https:\/\/www.24baires.com\/index.php?rest_route=%2Fwp%2Fv2%2Fcomments&post=36322"}],"version-history":[{"count":1,"href":"https:\/\/www.24baires.com\/index.php?rest_route=\/wp\/v2\/posts\/36322\/revisions"}],"predecessor-version":[{"id":36323,"href":"https:\/\/www.24baires.com\/index.php?rest_route=\/wp\/v2\/posts\/36322\/revisions\/36323"}],"wp:attachment":[{"href":"https:\/\/www.24baires.com\/index.php?rest_route=%2Fwp%2Fv2%2Fmedia&parent=36322"}],"wp:term":[{"taxonomy":"category","embeddable":true,"href":"https:\/\/www.24baires.com\/index.php?rest_route=%2Fwp%2Fv2%2Fcategories&post=36322"},{"taxonomy":"post_tag","embeddable":true,"href":"https:\/\/www.24baires.com\/index.php?rest_route=%2Fwp%2Fv2%2Ftags&post=36322"}],"curies":[{"name":"wp","href":"https:\/\/api.w.org\/{rel}","templated":true}]}}