{"id":3625,"date":"2012-10-28T09:58:10","date_gmt":"2012-10-28T12:58:10","guid":{"rendered":"http:\/\/www.24baires.com\/?p=3625"},"modified":"2012-10-28T22:09:30","modified_gmt":"2012-10-29T01:09:30","slug":"se-incrementaron-en-un-20-las-denuncias-por-maltrato-infantil-al-102","status":"publish","type":"post","link":"https:\/\/www.24baires.com\/?p=3625","title":{"rendered":"Se incrementaron en un 20% las denuncias por maltrato infantil al 102"},"content":{"rendered":"<p>Las denuncias por maltrato infantil recibidas por el servicio telef\u00f3nico gratuito de la provincia 102 se incrementaron un 20 por ciento entre enero y septiembre de este a\u00f1o en relaci\u00f3n a igual per\u00edodo del a\u00f1o pasado.<!--more--><br \/>\nAs\u00ed lo indic\u00f3 la Secretar\u00eda de Ni\u00f1ez y Adolescencia bonaerense en un comunicado y sostuvo que el maltrato infantil incluye denuncias en el aspecto f\u00edsico, ps\u00edquico o emocional, abuso sexual y negligencia.<br \/>\nEn los primeros ocho meses del 2012 se recibieron 1101 denuncias, un 20 por ciento m\u00e1s que las 922 recibidas en igual per\u00edodo de 2011, se precis\u00f3.<br \/>\nRespecto del rango et\u00e1reo, se recepcionaron la mayor cantidad de llamadas relacionadas a la vulneraci\u00f3n de ni\u00f1os de hasta 6 a\u00f1os, llegando a ser 475. Por su parte, respecto de comunicaciones por ni\u00f1os de la franja correspondiente a las edades de entre 7 y 12 a\u00f1os, se recibieron 412. Y, en tanto, la franja et\u00e1rea de adolescentes de entre 13 y 18 a\u00f1os, la demanda de intervenci\u00f3n fue la menor, alcanzando las 214 llamadas.<br \/>\nSe precis\u00f3 adem\u00e1s que, del total de denuncias, m\u00e1s de la mitad constituyeron \u201ccasos\u201d que ameritaron abordaje de especialistas.<br \/>\nLos llamados al 102 se realizan cuando se detecta alguna vulneraci\u00f3n de derechos en ni\u00f1os, ni\u00f1as y adolescentes, desde situaciones de abuso o maltrato f\u00edsico y ps\u00edquico hasta comunicaciones sobre chicos en situaci\u00f3n de calle o v\u00edctimas de explotaci\u00f3n laboral, entre otros.<br \/>\nEn cada caso, los operadores se encargar\u00e1n de derivar al dispositivo o efector que corresponda.<br \/>\nNo obstante, tambi\u00e9n los ciudadanos pueden informarse a trav\u00e9s del 102 sobre cu\u00e1les son los derechos del ni\u00f1o y conocer los servicios m\u00e1s cercanos del Sistema de Promoci\u00f3n y Protecci\u00f3n de Derechos, se indic\u00f3 en el comunicado.<br \/>\nLa l\u00ednea brinda respuesta las 24 horas y los 365 d\u00edas del a\u00f1o en temas relacionados con la promoci\u00f3n y protecci\u00f3n de los Derechos de los ni\u00f1os. Adem\u00e1s, tiene la posibilidad, si la cuesti\u00f3n lo requiere, de derivar cada caso al dispositivo correspondiente tanto del Sistema de Promoci\u00f3n y Protecci\u00f3n de Derechos como de otros efectores del Estado.<\/p>\n","protected":false},"excerpt":{"rendered":"<p>Las denuncias por maltrato infantil recibidas por el servicio telef\u00f3nico gratuito de la provincia 102 se incrementaron un 20 por ciento entre enero y septiembre de este a\u00f1o en relaci\u00f3n a igual per\u00edodo del a\u00f1o pasado.<\/p>\n","protected":false},"author":4,"featured_media":0,"comment_status":"open","ping_status":"open","sticky":false,"template":"","format":"standard","meta":{"_jetpack_newsletter_access":"","_jetpack_dont_email_post_to_subs":false,"_jetpack_newsletter_tier_id":0,"_jetpack_memberships_contains_paywalled_content":false,"_jetpack_memberships_contains_paid_content":false,"footnotes":""},"categories":[1],"tags":[],"class_list":["post-3625","post","type-post","status-publish","format-standard","hentry","category-sociedad"],"jetpack_featured_media_url":"","jetpack_shortlink":"https:\/\/wp.me\/p2JWE0-Wt","jetpack-related-posts":[{"id":44712,"url":"https:\/\/www.24baires.com\/?p=44712","url_meta":{"origin":3625,"position":0},"title":"Derechos del ni\u00f1o: m\u00e1s de mil llamadas fueron asistidas en la provincia","author":"Grupo Sierra","date":"25\/04\/2014","format":false,"excerpt":"La l\u00ednea telef\u00f3nica gratuita de la provincia de Buenos Aires para alertar sobre la vulneraci\u00f3n de derechos en ni\u00f1os, ni\u00f1as y adolescentes, que recibe consultas a trav\u00e9s del n\u00famero 102, resolvi\u00f3 un total de 1.091 llamadas en el curso de este a\u00f1o. El trabajo estad\u00edstico de la secretar\u00eda de la\u2026","rel":"","context":"En \u00abSociedad\u00bb","block_context":{"text":"Sociedad","link":"https:\/\/www.24baires.com\/?cat=1"},"img":{"alt_text":"deporte chicos","src":"https:\/\/i0.wp.com\/www.24baires.com\/wp-content\/uploads\/2014\/03\/deporte-chicos.jpg?resize=350%2C200","width":350,"height":200,"srcset":"https:\/\/i0.wp.com\/www.24baires.com\/wp-content\/uploads\/2014\/03\/deporte-chicos.jpg?resize=350%2C200 1x, https:\/\/i0.wp.com\/www.24baires.com\/wp-content\/uploads\/2014\/03\/deporte-chicos.jpg?resize=525%2C300 1.5x"},"classes":[]},{"id":32702,"url":"https:\/\/www.24baires.com\/?p=32702","url_meta":{"origin":3625,"position":1},"title":"La Provincia aument\u00f3 las intervenciones oficiales por maltrato infantil en un 16%","author":"Grupo Sierra","date":"29\/09\/2013","format":false,"excerpt":"Un total de 4.177 ni\u00f1os y j\u00f3venes menores de 18 a\u00f1os sufrieron situaciones de maltrato que motivaron la intervenci\u00f3n de las autoridades bonaereses durante los primeros ocho meses de este a\u00f1o, un 16 % m\u00e1s que igual per\u00edodo de 2012, inform\u00f3 la Secretar\u00eda de Ni\u00f1ez y Adolescencia. El estudio se\u2026","rel":"","context":"En \u00abProvincia\u00bb","block_context":{"text":"Provincia","link":"https:\/\/www.24baires.com\/?cat=40"},"img":{"alt_text":"maltrato infantil","src":"https:\/\/i0.wp.com\/www.24baires.com\/wp-content\/uploads\/2013\/09\/maltrato-infantil-300x188.jpg?resize=350%2C200","width":350,"height":200},"classes":[]},{"id":120000,"url":"https:\/\/www.24baires.com\/?p=120000","url_meta":{"origin":3625,"position":2},"title":"Se aprob\u00f3 la Ley Lucio por unanimidad","author":"AF","date":"13\/04\/2023","format":false,"excerpt":"La norma contaba con media sanci\u00f3n en Diputados y recibi\u00f3 el aval de la C\u00e1mara alta. Fue impulsada a ra\u00edz del caso de Lucio Dupuy, el menor de 5 a\u00f1os que muri\u00f3 en La Pampa tras recibir fuertes golpes de parte de su madre y la pareja de \u00e9sta. En\u2026","rel":"","context":"En \u00abSociedad\u00bb","block_context":{"text":"Sociedad","link":"https:\/\/www.24baires.com\/?cat=1"},"img":{"alt_text":"","src":"https:\/\/i0.wp.com\/www.24baires.com\/wp-content\/uploads\/2023\/04\/lucio-dupuy.jpeg?resize=350%2C200","width":350,"height":200,"srcset":"https:\/\/i0.wp.com\/www.24baires.com\/wp-content\/uploads\/2023\/04\/lucio-dupuy.jpeg?resize=350%2C200 1x, https:\/\/i0.wp.com\/www.24baires.com\/wp-content\/uploads\/2023\/04\/lucio-dupuy.jpeg?resize=525%2C300 1.5x, https:\/\/i0.wp.com\/www.24baires.com\/wp-content\/uploads\/2023\/04\/lucio-dupuy.jpeg?resize=700%2C400 2x"},"classes":[]},{"id":52256,"url":"https:\/\/www.24baires.com\/?p=52256","url_meta":{"origin":3625,"position":3},"title":"Tres ni\u00f1os son separados por d\u00eda de sus familias por violencia en la Provincia","author":"AF","date":"22\/08\/2014","format":false,"excerpt":"As\u00ed lo inform\u00f3 el secretario de Ni\u00f1ez y Adolescencia bonaerense, Pablo Navarro, y detall\u00f3 que la Provincia a trav\u00e9s del sistema de protecci\u00f3n de la ni\u00f1ez, \u201caparta 2.000 chicos por a\u00f1o y casi el 50% est\u00e1 vinculado con el maltrato y el abuso sexual infantil\u201d. \u201cLa violencia familiar no es\u2026","rel":"","context":"En \u00abProvincia\u00bb","block_context":{"text":"Provincia","link":"https:\/\/www.24baires.com\/?cat=40"},"img":{"alt_text":"violencia familiar","src":"https:\/\/i0.wp.com\/www.24baires.com\/wp-content\/uploads\/2014\/08\/violencia-familiar.jpg?resize=350%2C200","width":350,"height":200,"srcset":"https:\/\/i0.wp.com\/www.24baires.com\/wp-content\/uploads\/2014\/08\/violencia-familiar.jpg?resize=350%2C200 1x, https:\/\/i0.wp.com\/www.24baires.com\/wp-content\/uploads\/2014\/08\/violencia-familiar.jpg?resize=525%2C300 1.5x"},"classes":[]},{"id":12078,"url":"https:\/\/www.24baires.com\/?p=12078","url_meta":{"origin":3625,"position":4},"title":"Las agresiones en la pareja encabezan las denuncias por violencia familiar en la Provincia","author":"Grupo Sierra","date":"13\/01\/2013","format":false,"excerpt":"Las denuncias por distintos tipos de violencia en la pareja constituyeron m\u00e1s del 75% de los llamados realizados a la l\u00ednea gratuita 0800-666-5065 que el Ministerio de Desarrollo Social de la Provincia pone a disposici\u00f3n de las v\u00edctimas de maltrato familiar. El ministro de Desarrollo Social, Mart\u00edn Ferr\u00e9, sostuvo que\u2026","rel":"","context":"En \u00abSociedad\u00bb","block_context":{"text":"Sociedad","link":"https:\/\/www.24baires.com\/?cat=1"},"img":{"alt_text":"","src":"","width":0,"height":0},"classes":[]},{"id":63195,"url":"https:\/\/www.24baires.com\/?p=63195","url_meta":{"origin":3625,"position":5},"title":"En la Provincia, m\u00e1s de 600 ni\u00f1os fueron separados de sus padres por \u00abnegligencia\u00bb","author":"AF","date":"16\/03\/2015","format":false,"excerpt":"Un total de 637 ni\u00f1os, ni\u00f1as y adolescentes fueron separados de sus padres en los \u00faltimos doce meses en la provincia de Buenos Aires debido a \u201cnegligencia\u201d, entendida como la falta de cuidados b\u00e1sicos. Seg\u00fan datos de la Secretar\u00eda de Ni\u00f1ez y Adolescencia bonaerense, la totalidad de casos registrados por\u2026","rel":"","context":"En \u00abSociedad\u00bb","block_context":{"text":"Sociedad","link":"https:\/\/www.24baires.com\/?cat=1"},"img":{"alt_text":"tolosa la plata ong  Iniciativa Ciudadana ropa ni\u00f1os donaci\u00f3n","src":"https:\/\/i0.wp.com\/www.24baires.com\/wp-content\/uploads\/2015\/01\/tolosa-la-plata-ong-Iniciativa-Ciudadana-ropa-ni%C3%B1os-donaci%C3%B3n.jpg?resize=350%2C200","width":350,"height":200,"srcset":"https:\/\/i0.wp.com\/www.24baires.com\/wp-content\/uploads\/2015\/01\/tolosa-la-plata-ong-Iniciativa-Ciudadana-ropa-ni%C3%B1os-donaci%C3%B3n.jpg?resize=350%2C200 1x, https:\/\/i0.wp.com\/www.24baires.com\/wp-content\/uploads\/2015\/01\/tolosa-la-plata-ong-Iniciativa-Ciudadana-ropa-ni%C3%B1os-donaci%C3%B3n.jpg?resize=525%2C300 1.5x"},"classes":[]}],"jetpack_sharing_enabled":true,"jetpack_likes_enabled":true,"_links":{"self":[{"href":"https:\/\/www.24baires.com\/index.php?rest_route=\/wp\/v2\/posts\/3625","targetHints":{"allow":["GET"]}}],"collection":[{"href":"https:\/\/www.24baires.com\/index.php?rest_route=\/wp\/v2\/posts"}],"about":[{"href":"https:\/\/www.24baires.com\/index.php?rest_route=\/wp\/v2\/types\/post"}],"author":[{"embeddable":true,"href":"https:\/\/www.24baires.com\/index.php?rest_route=\/wp\/v2\/users\/4"}],"replies":[{"embeddable":true,"href":"https:\/\/www.24baires.com\/index.php?rest_route=%2Fwp%2Fv2%2Fcomments&post=3625"}],"version-history":[{"count":2,"href":"https:\/\/www.24baires.com\/index.php?rest_route=\/wp\/v2\/posts\/3625\/revisions"}],"predecessor-version":[{"id":3633,"href":"https:\/\/www.24baires.com\/index.php?rest_route=\/wp\/v2\/posts\/3625\/revisions\/3633"}],"wp:attachment":[{"href":"https:\/\/www.24baires.com\/index.php?rest_route=%2Fwp%2Fv2%2Fmedia&parent=3625"}],"wp:term":[{"taxonomy":"category","embeddable":true,"href":"https:\/\/www.24baires.com\/index.php?rest_route=%2Fwp%2Fv2%2Fcategories&post=3625"},{"taxonomy":"post_tag","embeddable":true,"href":"https:\/\/www.24baires.com\/index.php?rest_route=%2Fwp%2Fv2%2Ftags&post=3625"}],"curies":[{"name":"wp","href":"https:\/\/api.w.org\/{rel}","templated":true}]}}