{"id":36118,"date":"2013-12-02T19:16:44","date_gmt":"2013-12-02T22:16:44","guid":{"rendered":"http:\/\/www.24baires.com\/?p=36118"},"modified":"2013-12-02T19:52:18","modified_gmt":"2013-12-02T22:52:18","slug":"mar-del-plata-una-ciudad-con-pocas-voces","status":"publish","type":"post","link":"https:\/\/www.24baires.com\/?p=36118","title":{"rendered":"Mar del Plata, una ciudad con pocas voces"},"content":{"rendered":"<p><img data-recalc-dims=\"1\" loading=\"lazy\" decoding=\"async\" class=\"aligncenter size-full wp-image-36119\" alt=\"aguante al atlantico\" src=\"https:\/\/i0.wp.com\/www.24baires.com\/wp-content\/uploads\/2013\/12\/aguante-al-atlantico.jpg?resize=560%2C362\" width=\"560\" height=\"362\" srcset=\"https:\/\/i0.wp.com\/www.24baires.com\/wp-content\/uploads\/2013\/12\/aguante-al-atlantico.jpg?w=560&amp;ssl=1 560w, https:\/\/i0.wp.com\/www.24baires.com\/wp-content\/uploads\/2013\/12\/aguante-al-atlantico.jpg?resize=300%2C193&amp;ssl=1 300w\" sizes=\"auto, (max-width: 560px) 100vw, 560px\" \/>Incertidumbre. Concentraci\u00f3n medi\u00e1tica. Falta de respeto al trabajo. Manoseo laboral. Podr\u00edamos utilizar cualquier de estas expresiones, entre otras, para empezar a describir lo que est\u00e1 pasando por estas horas en la ciudad de Mar del Plata con uno de sus dos diarios: El Atl\u00e1ntico y, sobre, todo, con sus trabajadores. <!--more--><\/p>\n<p>Podemos hablar de precarizaci\u00f3n laboral, ya que quienes trabajaban hasta la semana pasada en el diario (32 personas) fueron notificados de su traslado a otro medio, Cr\u00f3nica de la costa, (medio digital del mismo Grupo que posee BAE, Diario Cr\u00f3nica, Democracia y Diario Show y hasta hace pocos d\u00edas ten\u00eda a El Atl\u00e1ntico) sin ning\u00fan tipo de preaviso. N\u00e9stor Otero (mismo due\u00f1o de la Terminal Ferroautomotora y socio del propietario de Multimedios La Capital) adquiri\u00f3 del Grupo Olmos el diario y, como si fueran parte del mobiliario, a cinco de sus periodistas. Este domingo, el pu\u00f1ado de trabajadores de prensa que quedaron en la vieja estructura, se negaron a aceptar las nuevas y precarias condiciones impuestas por el nuevo gerenciador y fueron amenazados con despidos.<\/p>\n<p>Podemos hablar de concentraci\u00f3n medi\u00e1tica, ya que nadie a esta altura puede negar ni desconocer el v\u00ednculo entre Otero y el due\u00f1o del \u00fanico Multimedios que tiene la ciudad. Aparentemente la empresa se habr\u00eda comprometido a \u201cno despedir personal\u201d y a \u201cfirmar un acta en el Ministerio de Trabajo\u201d donde conste en papel y se rubrique esa promesa.<br \/>\nPodemos hablar y decir que la informaci\u00f3n es un derecho, como el trabajo y que ninguno de los dos son un privilegio, aunque a muchos patrones y fans de los oligopolios eso no le agrade.<\/p>\n<p>Podemos hablar y escribir de todos eso, pero tenemos que marcar la cancha, porque esto que sucede hoy con los trabajadores y extrabajadores de El Atl\u00e1ntico, en una ciudad con una insoslayable concentraci\u00f3n de medios a manos de muy pocos, con un estado municipal protegido y protector de esos muy pocos, es algo que se ve\u00eda venir, algo que iba a pasar. Hace a\u00f1os que muchos se\u00f1alan el peligro de centralizar las voces en tan pocas gargantas y las letras en tan pocas plumas. Mar del Plata es, adem\u00e1s, la ciudad con m\u00e1s desocupaci\u00f3n del pa\u00eds y remarcarlo ahora no es algo menor.<br \/>\nPero hay algo que quiz\u00e1 muchos opten por no decir y prefieran abundar en el resto, que no est\u00e1 mal, pero que nos queda chico, es poco: tenemos que hablar de la imperiosa necesidad de una Ley de Medios Gr\u00e1ficos. Eso nos falta, de la misma forma que nos faltaba una Ley de Medios Audiovisuales.<\/p>\n<p>La diversidad de voces y opiniones en democracia tienen que abundar, no escasear, retaceadas a manos de quienes quieren controlar la informaci\u00f3n. Los trabajadores tienen que tener condiciones dignas para desempe\u00f1arse y el Estado debe velar por ello. Y estos no son postulados que suenan bonito, son simples verdades y a las verdades se las cuida y se las defiende, como a la libertad de expresarse, como al trabajo.<\/p>\n<p>Los trabajadores afectados no est\u00e1n solos. Hoy, en la puerta del ex diario El Atl\u00e1ntico, mientras dentro se desarrollaba la asamblea de empleados y ex empleados, se acerc\u00f3 una mujer al grupo de personas que apoyaba el reclamo, y dijo \u201cSoy una se\u00f1ora de a pie, escuch\u00e9 lo que pasaba en la radio y vine hasta ac\u00e1 porque estoy preocupada\u201d. Como todos se\u00f1ora, como todos.<\/p>\n<p>&nbsp;<\/p>\n<p>&nbsp;<\/p>\n<p>&nbsp;<\/p>\n<p>&nbsp;<\/p>\n<p>&nbsp;<\/p>\n<p>&nbsp;<\/p>\n","protected":false},"excerpt":{"rendered":"<p>Incertidumbre. Concentraci\u00f3n medi\u00e1tica. Falta de respeto al trabajo. Manoseo laboral. Podr\u00edamos utilizar cualquier de estas expresiones, entre otras, para empezar a describir lo que est\u00e1 pasando por estas horas en la ciudad de Mar del Plata con uno de sus dos diarios: El Atl\u00e1ntico y, sobre, todo, con sus trabajadores.<\/p>\n","protected":false},"author":8,"featured_media":0,"comment_status":"open","ping_status":"open","sticky":false,"template":"","format":"standard","meta":{"_jetpack_newsletter_access":"","_jetpack_dont_email_post_to_subs":false,"_jetpack_newsletter_tier_id":0,"_jetpack_memberships_contains_paywalled_content":false,"_jetpack_memberships_contains_paid_content":false,"footnotes":""},"categories":[64],"tags":[],"class_list":["post-36118","post","type-post","status-publish","format-standard","hentry","category-opinion"],"jetpack_featured_media_url":"","jetpack_shortlink":"https:\/\/wp.me\/p2JWE0-9oy","jetpack-related-posts":[{"id":36036,"url":"https:\/\/www.24baires.com\/?p=36036","url_meta":{"origin":36118,"position":0},"title":"Preocupaci\u00f3n en Mar del Plata por la concentraci\u00f3n medi\u00e1tica. Cierra El Atl\u00e1ntico","author":"Grupo Sierra","date":"01\/12\/2013","format":false,"excerpt":"El diario El Atl\u00e1ntico de Mar del Plata ser\u00e1 gerenciado por un grupo empresario encabezado por N\u00e9stor Otero -socio de Aldrey Iglesias due\u00f1o de La Capital-\u00a0 que resolvi\u00f3 cambios abruptos con respecto al funcionamiento de este prestigioso medio de la ciudad balnearia y no est\u00e1 claro si su edici\u00f3n de\u2026","rel":"","context":"En \u00abMedios\u00bb","block_context":{"text":"Medios","link":"https:\/\/www.24baires.com\/?cat=54"},"img":{"alt_text":"atlantico-610x420","src":"https:\/\/i0.wp.com\/www.24baires.com\/wp-content\/uploads\/2013\/12\/atlantico-610x420.jpg?resize=350%2C200","width":350,"height":200,"srcset":"https:\/\/i0.wp.com\/www.24baires.com\/wp-content\/uploads\/2013\/12\/atlantico-610x420.jpg?resize=350%2C200 1x, https:\/\/i0.wp.com\/www.24baires.com\/wp-content\/uploads\/2013\/12\/atlantico-610x420.jpg?resize=525%2C300 1.5x"},"classes":[]},{"id":38417,"url":"https:\/\/www.24baires.com\/?p=38417","url_meta":{"origin":36118,"position":1},"title":"Mar del Plata: Los extrabajadores del Diario El Atl\u00e1ntico, de paro","author":"Grupo Sierra","date":"13\/01\/2014","format":false,"excerpt":"Personal de Cr\u00f3nica de la Costa inici\u00f3 este lunes una medida de fuerza, que involucra una retenci\u00f3n de tareas por tiempo indeterminado. La protesta es en reclamo a la reincorporaci\u00f3n del reportero gr\u00e1fico Diego Izquierdo, despedido el \u00faltimo viernes sin aviso previo y a quien le impidieron el ingreso a\u2026","rel":"","context":"En \u00abLocales\u00bb","block_context":{"text":"Locales","link":"https:\/\/www.24baires.com\/?cat=38"},"img":{"alt_text":"","src":"","width":0,"height":0},"classes":[]},{"id":37336,"url":"https:\/\/www.24baires.com\/?p=37336","url_meta":{"origin":36118,"position":2},"title":"Manifestaron frente al municipio de Mar del Plata contra el monopolio de Aldrey Iglesias","author":"Grupo Sierra","date":"23\/12\/2013","format":false,"excerpt":"Un grupo integrado por ex trabajadores del diario El Atl\u00e1ntico, trabajadores de la prensa y p\u00fablico en general se reuni\u00f3 convocado a trav\u00e9s de las redes sociales para repudiar las maniobras monop\u00f3licas del empresario Aldrey Iglesias. Rodrigo Sabio, reconocido periodista convoc\u00f3 desde su Facebook \u00a8Ma\u00f1ana, lunes 23 a las 11\u2026","rel":"","context":"En \u00abMedios\u00bb","block_context":{"text":"Medios","link":"https:\/\/www.24baires.com\/?cat=54"},"img":{"alt_text":"atlantico trabajadores","src":"https:\/\/i0.wp.com\/www.24baires.com\/wp-content\/uploads\/2013\/12\/atlantico-trabajadores.jpg?resize=350%2C200","width":350,"height":200,"srcset":"https:\/\/i0.wp.com\/www.24baires.com\/wp-content\/uploads\/2013\/12\/atlantico-trabajadores.jpg?resize=350%2C200 1x, https:\/\/i0.wp.com\/www.24baires.com\/wp-content\/uploads\/2013\/12\/atlantico-trabajadores.jpg?resize=525%2C300 1.5x"},"classes":[]},{"id":51062,"url":"https:\/\/www.24baires.com\/?p=51062","url_meta":{"origin":36118,"position":3},"title":"Denuncian el despido de dos periodistas del Atl\u00e1ntico de Mar del Plata","author":"GB","date":"03\/08\/2014","format":false,"excerpt":"El Sindicato de Prensa Mar del Plata denunci\u00f3 el despido de dos periodistas \u201csin apercibimiento previo\u201d y conden\u00f3 la acci\u00f3n \u201cinjustificada\u201d de la empresa Arena del Atl\u00e1ntico, cuya propiedad se atribuye al empresario N\u00e9stor Otero. El Sindicato de Prensa Mar del Plata denunci\u00f3 el despido de dos periodistas \u201csin apercibimiento\u2026","rel":"","context":"En \u00abLocales\u00bb","block_context":{"text":"Locales","link":"https:\/\/www.24baires.com\/?cat=38"},"img":{"alt_text":"sind prensa","src":"https:\/\/i0.wp.com\/www.24baires.com\/wp-content\/uploads\/2014\/08\/sind-prensa-300x225.jpg?resize=350%2C200","width":350,"height":200},"classes":[]},{"id":37607,"url":"https:\/\/www.24baires.com\/?p=37607","url_meta":{"origin":36118,"position":4},"title":"El Museo de Comunicaciones de Mar del Plata realizar\u00e1 un ciclo de charlas","author":"GB","date":"29\/12\/2013","format":false,"excerpt":"El Museo de las Comunicaciones de Mar del Plata comenzar\u00e1 sus actividades el a\u00f1o pr\u00f3ximo con un ciclo de charlas tem\u00e1ticas relacionadas a la comunicaci\u00f3n y con distintos invitados, informaron sus autoridades. Las charlas se realizar\u00e1n todos los s\u00e1bados a las 20 en el museo ubicado en calle F\u00e9lix U.\u2026","rel":"","context":"En \u00abLocales\u00bb","block_context":{"text":"Locales","link":"https:\/\/www.24baires.com\/?cat=38"},"img":{"alt_text":"","src":"","width":0,"height":0},"classes":[]},{"id":3371,"url":"https:\/\/www.24baires.com\/?p=3371","url_meta":{"origin":36118,"position":5},"title":"Trabajadores despedidos del Diario Hoy protestaron por la inacci\u00f3n de Cuartango","author":"Grupo Sierra","date":"26\/10\/2012","format":false,"excerpt":"Los empleados cesanteados del matutino platense junto a trabajadores de otros medios reclamaron frente a la cartera laboral de la Provincia que el ministro \u201chaga cumplir las leyes\u201d frente a los atropellos de Myriam Rene\u00e9 Ch\u00e1vez de Balcedo. Aseguran que el diario es financiado casi exclusivamente por el gobierno de\u2026","rel":"","context":"En \u00abMedios\u00bb","block_context":{"text":"Medios","link":"https:\/\/www.24baires.com\/?cat=54"},"img":{"alt_text":"","src":"","width":0,"height":0},"classes":[]}],"jetpack_sharing_enabled":true,"jetpack_likes_enabled":true,"_links":{"self":[{"href":"https:\/\/www.24baires.com\/index.php?rest_route=\/wp\/v2\/posts\/36118","targetHints":{"allow":["GET"]}}],"collection":[{"href":"https:\/\/www.24baires.com\/index.php?rest_route=\/wp\/v2\/posts"}],"about":[{"href":"https:\/\/www.24baires.com\/index.php?rest_route=\/wp\/v2\/types\/post"}],"author":[{"embeddable":true,"href":"https:\/\/www.24baires.com\/index.php?rest_route=\/wp\/v2\/users\/8"}],"replies":[{"embeddable":true,"href":"https:\/\/www.24baires.com\/index.php?rest_route=%2Fwp%2Fv2%2Fcomments&post=36118"}],"version-history":[{"count":2,"href":"https:\/\/www.24baires.com\/index.php?rest_route=\/wp\/v2\/posts\/36118\/revisions"}],"predecessor-version":[{"id":36127,"href":"https:\/\/www.24baires.com\/index.php?rest_route=\/wp\/v2\/posts\/36118\/revisions\/36127"}],"wp:attachment":[{"href":"https:\/\/www.24baires.com\/index.php?rest_route=%2Fwp%2Fv2%2Fmedia&parent=36118"}],"wp:term":[{"taxonomy":"category","embeddable":true,"href":"https:\/\/www.24baires.com\/index.php?rest_route=%2Fwp%2Fv2%2Fcategories&post=36118"},{"taxonomy":"post_tag","embeddable":true,"href":"https:\/\/www.24baires.com\/index.php?rest_route=%2Fwp%2Fv2%2Ftags&post=36118"}],"curies":[{"name":"wp","href":"https:\/\/api.w.org\/{rel}","templated":true}]}}