{"id":3603,"date":"2012-10-28T09:55:04","date_gmt":"2012-10-28T12:55:04","guid":{"rendered":"http:\/\/www.24baires.com\/?p=3603"},"modified":"2012-10-28T21:44:03","modified_gmt":"2012-10-29T00:44:03","slug":"scoccimarro-se-reunio-con-la-confederacion-de-radios-y-medios-de-comunicacion-argentinos","status":"publish","type":"post","link":"https:\/\/www.24baires.com\/?p=3603","title":{"rendered":"Scoccimarro se reuni\u00f3 con la Confederaci\u00f3n de Radios y Medios de Comunicaci\u00f3n argentinos"},"content":{"rendered":"<p><img data-recalc-dims=\"1\" loading=\"lazy\" decoding=\"async\" class=\"aligncenter size-full wp-image-3610\" title=\"lacorameco_rosada2\" src=\"https:\/\/i0.wp.com\/www.24baires.com\/wp-content\/uploads\/2012\/10\/lacorameco_rosada2.jpg?resize=560%2C351\" alt=\"\" width=\"560\" height=\"351\" srcset=\"https:\/\/i0.wp.com\/www.24baires.com\/wp-content\/uploads\/2012\/10\/lacorameco_rosada2.jpg?w=560&amp;ssl=1 560w, https:\/\/i0.wp.com\/www.24baires.com\/wp-content\/uploads\/2012\/10\/lacorameco_rosada2.jpg?resize=300%2C188&amp;ssl=1 300w\" sizes=\"auto, (max-width: 560px) 100vw, 560px\" \/><\/p>\n<p>Alfredo Scoccimarro recibi\u00f3 a La CoRaMeCo, Confederaci\u00f3n de Radios y Medios de Comunicaci\u00f3n de la Rep\u00fablica Argentina. El Secretario de Comunicaci\u00f3n P\u00fablica y Vocero Presidencial junto a los Subsecretarios Gustavo Fern\u00e1ndez Russo y Juan Jos\u00e9 Ross intercambiaron ideas y analizaron el avance de la Ley de Servicios de Comunicaci\u00f3n Audiovisual por m\u00e1s de tres horas en el sal\u00f3n norte de la Casa Rosada.<!--more--><\/p>\n<p>La delegaci\u00f3n nacional de La CoRaMeCo estuvo encabezada por su presidente Osvaldo Guillermo Franc\u00e9s (Buenos Aires), el Vicepresidente Mariano Rojas (Corrientes) y su Secretario Jos\u00e9 Fidel Torres (Misiones).M\u00e1s de veinte organizaciones de medios presentes dialogaron con el Secretario Scoccimarro, el cual se mostr\u00f3 muy interesado por saber c\u00f3mo avanza el cumplimiento de la ley, se plantearon las necesidades de cada provincia y como viene desarroll\u00e1ndose la aplicaci\u00f3n de la ley 26522 en el Pa\u00eds.<br \/>\nOsvaldo Franc\u00e9s ley\u00f3 y entrego una carta al Secretario de Comunicaci\u00f3n Publica dirigida a la Presidenta dando todo el aval y apoyo de la Confederaci\u00f3n para la implementaci\u00f3n de la ley y cont\u00f3 las actividades que se vienen desarrollando de cara al 7D, Scoccimarro se comprometi\u00f3 a entregarla a la Se\u00f1ora Presidenta la carta y dejo su saludo y el del Jefe de Gabinete Juan Abal Medina ,aclarando que ambos estaban muy interesado de participar de la reuni\u00f3n pero por la fecha pr\u00f3xima al aniversario del fallecimiento del expresidente N\u00e9stor C. Kirchner les era imposible.<\/p>\n","protected":false},"excerpt":{"rendered":"<p>Alfredo Scoccimarro recibi\u00f3 a La CoRaMeCo, Confederaci\u00f3n de Radios y Medios de Comunicaci\u00f3n de la Rep\u00fablica Argentina. El Secretario de Comunicaci\u00f3n P\u00fablica y Vocero Presidencial junto a los Subsecretarios Gustavo Fern\u00e1ndez Russo y Juan Jos\u00e9 Ross intercambiaron ideas y analizaron el avance de la Ley de Servicios de Comunicaci\u00f3n Audiovisual por m\u00e1s de tres horas en el sal\u00f3n norte de [&#8230;]<\/p>\n","protected":false},"author":11,"featured_media":0,"comment_status":"open","ping_status":"open","sticky":false,"template":"","format":"standard","meta":{"_jetpack_newsletter_access":"","_jetpack_dont_email_post_to_subs":false,"_jetpack_newsletter_tier_id":0,"_jetpack_memberships_contains_paywalled_content":false,"_jetpack_memberships_contains_paid_content":false,"footnotes":""},"categories":[54],"tags":[],"class_list":["post-3603","post","type-post","status-publish","format-standard","hentry","category-medios"],"jetpack_featured_media_url":"","jetpack_shortlink":"https:\/\/wp.me\/p2JWE0-W7","jetpack-related-posts":[{"id":23910,"url":"https:\/\/www.24baires.com\/?p=23910","url_meta":{"origin":3603,"position":0},"title":"La CoRaMeCo y ARBIA rechazan decretos de Macri y De la Sota contra la Ley de Medios","author":"Grupo Sierra","date":"19\/05\/2013","format":false,"excerpt":"La Confederaci\u00f3n de Radios y Medios de Comunicaci\u00f3n de la Argentina (CoRaMeCo) y la Asociaci\u00f3n de Radiodifusoras Bonaerenses y del Interior de la Argentina (ARBIA) repudiaron los decretos de necesidad y urgencia del jefe de Gobierno porte\u00f1o, Mauricio Macri, y del gobernador cordob\u00e9s, Jos\u00e9 Manuel De la Sota, contra la\u2026","rel":"","context":"En \u00abMedios\u00bb","block_context":{"text":"Medios","link":"https:\/\/www.24baires.com\/?cat=54"},"img":{"alt_text":"","src":"","width":0,"height":0},"classes":[]},{"id":52803,"url":"https:\/\/www.24baires.com\/?p=52803","url_meta":{"origin":3603,"position":1},"title":"A casi 5 a\u00f1os de la Ley de Medios los comunicadores Pymes siguen esperando","author":"Grupo Sierra","date":"31\/08\/2014","format":false,"excerpt":"La Asamblea Nacional de La CoRaMeCO (Confederaci\u00f3n de Radios y Medios de Comunicaci\u00f3n de Argentina), se mostr\u00f3 preocupada por la morosidad en la aplicaci\u00f3n de la Ley e inst\u00f3 a continuar el trabajo con los medios de comunicaci\u00f3n populares nacidos de la democracia. Resaltaron los esfuerzos hechos por la Presidenta\u2026","rel":"","context":"En \u00abMedios\u00bb","block_context":{"text":"Medios","link":"https:\/\/www.24baires.com\/?cat=54"},"img":{"alt_text":"lacorameco","src":"https:\/\/i0.wp.com\/www.24baires.com\/wp-content\/uploads\/2014\/08\/lacorameco.jpg?resize=350%2C200","width":350,"height":200,"srcset":"https:\/\/i0.wp.com\/www.24baires.com\/wp-content\/uploads\/2014\/08\/lacorameco.jpg?resize=350%2C200 1x, https:\/\/i0.wp.com\/www.24baires.com\/wp-content\/uploads\/2014\/08\/lacorameco.jpg?resize=525%2C300 1.5x"},"classes":[]},{"id":7026,"url":"https:\/\/www.24baires.com\/?p=7026","url_meta":{"origin":3603,"position":2},"title":"Acuerdan garantizar todas las fuentes laborales con la aplicaci\u00f3n plena de la Ley de Medios","author":"Grupo Sierra","date":"27\/11\/2012","format":false,"excerpt":"Por un acuerdo firmado hoy entre el Ministerio de Trabajo y la Afsca, con la participaci\u00f3n del secretario de Comunicaci\u00f3n P\u00fablica, Alfredo Scoccimarro, se establecieron las acciones para la preservaci\u00f3n y seguimiento de la evoluci\u00f3n de la Ley de Medios, en \u00e1mbitos de aplicaci\u00f3n de la Ley. \u00a0 El ministro\u2026","rel":"","context":"En \u00abMedios\u00bb","block_context":{"text":"Medios","link":"https:\/\/www.24baires.com\/?cat=54"},"img":{"alt_text":"","src":"","width":0,"height":0},"classes":[]},{"id":7638,"url":"https:\/\/www.24baires.com\/?p=7638","url_meta":{"origin":3603,"position":3},"title":"El Foro de Medios en Azul se transmiti\u00f3 por primera vez por la Antena de TV Municipal","author":"Grupo Sierra","date":"02\/12\/2012","format":false,"excerpt":"Con la presencia del Consejero, del Consejo Federal de Comunicaci\u00f3n Audiovisual, Osvaldo Franc\u00e9s, presidente de Asociaci\u00f3n de Radiodifusoras Bonaerenses y del Interior de la Rep\u00fablica Argentina (ARBIA) y de la Confederaci\u00f3n de Radios y Medios de Comunicaci\u00f3n CoRaMeCO, se realiz\u00f3 en la ciudad de Azul un nuevo foro para esclarecer\u2026","rel":"","context":"En \u00abMedios\u00bb","block_context":{"text":"Medios","link":"https:\/\/www.24baires.com\/?cat=54"},"img":{"alt_text":"","src":"https:\/\/i0.wp.com\/www.24baires.com\/wp-content\/uploads\/2012\/12\/foro-azul-7D-300x225.jpg?resize=350%2C200","width":350,"height":200},"classes":[]},{"id":35425,"url":"https:\/\/www.24baires.com\/?p=35425","url_meta":{"origin":3603,"position":4},"title":"Moreno present\u00f3 su renuncia","author":"GB","date":"19\/11\/2013","format":false,"excerpt":"El saliente secretario de Comercio Interior present\u00f3 su renuncia a la presidenta Cristina Fern\u00e1ndez de Kirchner, quien acept\u00f3 su dimisi\u00f3n. Lo anunci\u00f3 esta tarde el secretario de Comunicaci\u00f3n P\u00fablica, Alfredo Scoccimarro. El secretario de Comunicaci\u00f3n P\u00fablica, Alfredo Scoccimarro, inform\u00f3 hoy que Guillermo Moreno pasar\u00e1 a desempe\u00f1arse en la Agregadur\u00eda Econ\u00f3mica\u2026","rel":"","context":"En \u00abEconom\u00eda\u00bb","block_context":{"text":"Econom\u00eda","link":"https:\/\/www.24baires.com\/?cat=45"},"img":{"alt_text":"","src":"","width":0,"height":0},"classes":[]},{"id":23223,"url":"https:\/\/www.24baires.com\/?p=23223","url_meta":{"origin":3603,"position":5},"title":"\u00abLa Presidenta no gobierna por los titulares de los diarios\u00bb resalt\u00f3 Scoccimarro","author":"Grupo Sierra","date":"10\/05\/2013","format":false,"excerpt":"El secretario de Comunicaci\u00f3n P\u00fablica, Alfredo Scoccimarro, asegur\u00f3 que la presidenta Cristina Fern\u00e1ndez de Kirchner \"no gobierna por los titulares de los diarios, sino por la agenda que marca la gesti\u00f3n de este modelo inclusivo\". \u00a0 El secretario de Comunicaci\u00f3n P\u00fablica, Alfredo Scoccimarro, asegur\u00f3 que la presidenta Cristina Fern\u00e1ndez de\u2026","rel":"","context":"En \u00abMedios\u00bb","block_context":{"text":"Medios","link":"https:\/\/www.24baires.com\/?cat=54"},"img":{"alt_text":"","src":"https:\/\/i0.wp.com\/www.telam.com.ar\/advf\/imagenes\/2013\/05\/518d40ea09c23_510x339.jpg?resize=350%2C200","width":350,"height":200},"classes":[]}],"jetpack_sharing_enabled":true,"jetpack_likes_enabled":true,"_links":{"self":[{"href":"https:\/\/www.24baires.com\/index.php?rest_route=\/wp\/v2\/posts\/3603","targetHints":{"allow":["GET"]}}],"collection":[{"href":"https:\/\/www.24baires.com\/index.php?rest_route=\/wp\/v2\/posts"}],"about":[{"href":"https:\/\/www.24baires.com\/index.php?rest_route=\/wp\/v2\/types\/post"}],"author":[{"embeddable":true,"href":"https:\/\/www.24baires.com\/index.php?rest_route=\/wp\/v2\/users\/11"}],"replies":[{"embeddable":true,"href":"https:\/\/www.24baires.com\/index.php?rest_route=%2Fwp%2Fv2%2Fcomments&post=3603"}],"version-history":[{"count":4,"href":"https:\/\/www.24baires.com\/index.php?rest_route=\/wp\/v2\/posts\/3603\/revisions"}],"predecessor-version":[{"id":3616,"href":"https:\/\/www.24baires.com\/index.php?rest_route=\/wp\/v2\/posts\/3603\/revisions\/3616"}],"wp:attachment":[{"href":"https:\/\/www.24baires.com\/index.php?rest_route=%2Fwp%2Fv2%2Fmedia&parent=3603"}],"wp:term":[{"taxonomy":"category","embeddable":true,"href":"https:\/\/www.24baires.com\/index.php?rest_route=%2Fwp%2Fv2%2Fcategories&post=3603"},{"taxonomy":"post_tag","embeddable":true,"href":"https:\/\/www.24baires.com\/index.php?rest_route=%2Fwp%2Fv2%2Ftags&post=3603"}],"curies":[{"name":"wp","href":"https:\/\/api.w.org\/{rel}","templated":true}]}}