{"id":3598,"date":"2012-10-28T10:24:40","date_gmt":"2012-10-28T13:24:40","guid":{"rendered":"http:\/\/www.24baires.com\/?p=3598"},"modified":"2012-10-28T21:29:07","modified_gmt":"2012-10-29T00:29:07","slug":"junin-instalaran-camaras-de-seguridad-para-los-campos","status":"publish","type":"post","link":"https:\/\/www.24baires.com\/?p=3598","title":{"rendered":"Jun\u00edn: instalar\u00e1n c\u00e1maras de seguridad para los campos"},"content":{"rendered":"<p>El titular de la Sociedad Rural de Jun\u00edn Rodrigo Esponda, afirm\u00f3 que se har\u00e1 una prueba piloto en una zona que comprende la Laguna de G\u00f3mez hasta la ruta 65. La municipalidad de Jun\u00edn se har\u00e1 cargo de la log\u00edstica, monitoreo y parte t\u00e9cnica, y los productores costear\u00e1n las c\u00e1maras de filmaci\u00f3n.<!--more--><\/p>\n<p>Las autoridades de la Sociedad Rural de Jun\u00edn se reunieron con el secretario de Seguridad de la comuna local, V\u00edctor Knappe y el titular de Gas Jun\u00edn, Dami\u00e1n Ito\u00edz, para avanzar en la puesta en marcha de las c\u00e1maras de seguridad para los campos de la ciudad y la zona.<\/p>\n<p>\u00abFue una reuni\u00f3n alentadora y positiva ya que la municipalidad se comprometi\u00f3 a aportar la parte t\u00e9cnica para el funcionamiento de las c\u00e1maras\u00bb, explic\u00f3 el titular de la Sociedad Rural local, Rodrigo Esponda.<\/p>\n<p>En declaraciones a Infonoroeste, subray\u00f3 \u00abdesde el grupo ACERCA mostraron toda la predisposici\u00f3n para instalar telefon\u00eda e Internet a los campos\u00bb.<\/p>\n<p>Adem\u00e1s, detall\u00f3 que se realizar\u00e1 una prueba piloto en uno de las zonas llamadas \u00abcuarteles\u00bb (Jun\u00edn est\u00e1 dividido en 15 cuarteles) y la primera experiencia se concretar\u00e1 en el primer cuartel, que comprende los campos desde la altura del Parque Laguna de G\u00f3mez hasta la ruta 65. All\u00ed, se colocar\u00e1n c\u00e1maras en los puntos conflictivos.<\/p>\n<p>Por \u00faltimo, Esponda precis\u00f3 que esta primera etapa abarcar\u00e1 a m\u00e1s de 80 productores agropecuarios. S\u00f3lo resta que en la pr\u00f3xima reuni\u00f3n, la comuna detalle el valor de las c\u00e1maras y que los due\u00f1os de los campos se hagan cargo de la compra.<\/p>\n","protected":false},"excerpt":{"rendered":"<p>El titular de la Sociedad Rural de Jun\u00edn Rodrigo Esponda, afirm\u00f3 que se har\u00e1 una prueba piloto en una zona que comprende la Laguna de G\u00f3mez hasta la ruta 65. La municipalidad de Jun\u00edn se har\u00e1 cargo de la log\u00edstica, monitoreo y parte t\u00e9cnica, y los productores costear\u00e1n las c\u00e1maras de filmaci\u00f3n.<\/p>\n","protected":false},"author":4,"featured_media":0,"comment_status":"open","ping_status":"open","sticky":false,"template":"","format":"standard","meta":{"_jetpack_newsletter_access":"","_jetpack_dont_email_post_to_subs":false,"_jetpack_newsletter_tier_id":0,"_jetpack_memberships_contains_paywalled_content":false,"_jetpack_memberships_contains_paid_content":false,"footnotes":""},"categories":[38],"tags":[],"class_list":["post-3598","post","type-post","status-publish","format-standard","hentry","category-locales"],"jetpack_featured_media_url":"","jetpack_shortlink":"https:\/\/wp.me\/p2JWE0-W2","jetpack-related-posts":[{"id":48334,"url":"https:\/\/www.24baires.com\/?p=48334","url_meta":{"origin":3598,"position":0},"title":"Presentaron la ExpoJun\u00edn 2014","author":"GB","date":"19\/06\/2014","format":false,"excerpt":"El acto tuvo lugar en la sede de CARBAP. La tradicional exposici\u00f3n se llevar\u00e1 a cabo en el predio de la Sociedad Rural de Jun\u00edn, los d\u00edas 15, 16, 17 y 18 de agosto. El Jefe Comunal manifest\u00f3 que \"la ExpoJun\u00edn es una muestra que nos identifica a todos los\u2026","rel":"","context":"En \u00abLocales\u00bb","block_context":{"text":"Locales","link":"https:\/\/www.24baires.com\/?cat=38"},"img":{"alt_text":"","src":"","width":0,"height":0},"classes":[]},{"id":33837,"url":"https:\/\/www.24baires.com\/?p=33837","url_meta":{"origin":3598,"position":1},"title":"Jun\u00edn cuenta con un sistema de prevenci\u00f3n del delito en zonas rurales","author":"GB","date":"20\/10\/2013","format":false,"excerpt":"El jefe de la Patrulla Rural de Jun\u00edn, Sandro Merlo, hizo su diagn\u00f3stico del panorama que se vive en la zona campestre del distrito en materia de inseguridad y dijo que si bien se busca una mayor operatividad, \"bajaron las cifras de la inseguridad en los campos\". Reforzar\u00e1n la Patrulla\u2026","rel":"","context":"En \u00abLocales\u00bb","block_context":{"text":"Locales","link":"https:\/\/www.24baires.com\/?cat=38"},"img":{"alt_text":"","src":"","width":0,"height":0},"classes":[]},{"id":114944,"url":"https:\/\/www.24baires.com\/?p=114944","url_meta":{"origin":3598,"position":2},"title":"Nuevo femicidio en la Provincia","author":"GB","date":"07\/05\/2020","format":false,"excerpt":"Todo sucedi\u00f3 en un establecimiento rural de la localidad de Ascensi\u00f3n. La mujer ten\u00eda 37 a\u00f1os. Se llamaba Elizabeth Lorena Quilogran. El confeso homicida fue su concubino. La autopsia determinar\u00e1 la mec\u00e1nica de la muerte. El cad\u00e1ver de una mujer asesinada fue hallado enterrado anoche en una vivienda ubicada en\u2026","rel":"","context":"En \u00abProvincia\u00bb","block_context":{"text":"Provincia","link":"https:\/\/www.24baires.com\/?cat=40"},"img":{"alt_text":"","src":"https:\/\/i0.wp.com\/www.24baires.com\/wp-content\/uploads\/2020\/05\/Elizabeth-Quilogran.jpg?resize=350%2C200","width":350,"height":200,"srcset":"https:\/\/i0.wp.com\/www.24baires.com\/wp-content\/uploads\/2020\/05\/Elizabeth-Quilogran.jpg?resize=350%2C200 1x, https:\/\/i0.wp.com\/www.24baires.com\/wp-content\/uploads\/2020\/05\/Elizabeth-Quilogran.jpg?resize=525%2C300 1.5x"},"classes":[]},{"id":56701,"url":"https:\/\/www.24baires.com\/?p=56701","url_meta":{"origin":3598,"position":3},"title":"Jun\u00edn: afirman que el 80% de los campos est\u00e1n anegados","author":"GB","date":"06\/11\/2014","format":false,"excerpt":"El presidente de la Sociedad Rural de Jun\u00edn, Rafael Torello, manifest\u00f3 que entre el 80 y el 90 por ciento de los campos del partido de Jun\u00edn est\u00e1n encharcados o anegados. Rafael Torello explic\u00f3 que \"Desde hace seis o siete a\u00f1os nos quejamos por el mal estado de los caminos\u2026","rel":"","context":"En \u00abLocales\u00bb","block_context":{"text":"Locales","link":"https:\/\/www.24baires.com\/?cat=38"},"img":{"alt_text":"","src":"","width":0,"height":0},"classes":[]},{"id":21764,"url":"https:\/\/www.24baires.com\/?p=21764","url_meta":{"origin":3598,"position":4},"title":"Debaten el uso de agrot\u00f3xicos con especialistas en Jun\u00edn","author":"AF","date":"24\/04\/2013","format":false,"excerpt":"La iniciativa surgi\u00f3 del Plenario de Pol\u00edticas P\u00fablicas de Luis Guill\u00f3n, encabezado por el vicegobernador Gabriel Mariotto a fines de febrero \u00faltimo. El foro se realizar\u00e1 este viernes, para perfeccionar un proyecto de ordenanza que se estudia en el Concejo Deliberante. Participar\u00e1n el senador Emilio L\u00f3pez Muntaner, la asesora legal\u2026","rel":"","context":"En \u00abLocales\u00bb","block_context":{"text":"Locales","link":"https:\/\/www.24baires.com\/?cat=38"},"img":{"alt_text":"agrot\u00f3xicos","src":"https:\/\/i0.wp.com\/www.24baires.com\/wp-content\/uploads\/2013\/04\/agrot%C3%B3xicos.jpg?resize=350%2C200","width":350,"height":200,"srcset":"https:\/\/i0.wp.com\/www.24baires.com\/wp-content\/uploads\/2013\/04\/agrot%C3%B3xicos.jpg?resize=350%2C200 1x, https:\/\/i0.wp.com\/www.24baires.com\/wp-content\/uploads\/2013\/04\/agrot%C3%B3xicos.jpg?resize=525%2C300 1.5x"},"classes":[]},{"id":18490,"url":"https:\/\/www.24baires.com\/?p=18490","url_meta":{"origin":3598,"position":5},"title":"Inseguridad en Jun\u00edn: encuentran asesinada a una mujer en su propia casa","author":"AF","date":"15\/03\/2013","format":false,"excerpt":"Se investiga si el crimen ocurri\u00f3 durante un robo. La v\u00edctima, que presentaba un corte profundo en el cuello, fue encontrada por la sobrina cuando regresaba de trabajar, recostada en la cama y a su lado estaba durmiendo una menor de dos a\u00f1os, que ser\u00eda su sobrina nieta. El municipio\u2026","rel":"","context":"En \u00abPoliciales\u00bb","block_context":{"text":"Policiales","link":"https:\/\/www.24baires.com\/?cat=49"},"img":{"alt_text":"","src":"","width":0,"height":0},"classes":[]}],"jetpack_sharing_enabled":true,"jetpack_likes_enabled":true,"_links":{"self":[{"href":"https:\/\/www.24baires.com\/index.php?rest_route=\/wp\/v2\/posts\/3598","targetHints":{"allow":["GET"]}}],"collection":[{"href":"https:\/\/www.24baires.com\/index.php?rest_route=\/wp\/v2\/posts"}],"about":[{"href":"https:\/\/www.24baires.com\/index.php?rest_route=\/wp\/v2\/types\/post"}],"author":[{"embeddable":true,"href":"https:\/\/www.24baires.com\/index.php?rest_route=\/wp\/v2\/users\/4"}],"replies":[{"embeddable":true,"href":"https:\/\/www.24baires.com\/index.php?rest_route=%2Fwp%2Fv2%2Fcomments&post=3598"}],"version-history":[{"count":1,"href":"https:\/\/www.24baires.com\/index.php?rest_route=\/wp\/v2\/posts\/3598\/revisions"}],"predecessor-version":[{"id":3599,"href":"https:\/\/www.24baires.com\/index.php?rest_route=\/wp\/v2\/posts\/3598\/revisions\/3599"}],"wp:attachment":[{"href":"https:\/\/www.24baires.com\/index.php?rest_route=%2Fwp%2Fv2%2Fmedia&parent=3598"}],"wp:term":[{"taxonomy":"category","embeddable":true,"href":"https:\/\/www.24baires.com\/index.php?rest_route=%2Fwp%2Fv2%2Fcategories&post=3598"},{"taxonomy":"post_tag","embeddable":true,"href":"https:\/\/www.24baires.com\/index.php?rest_route=%2Fwp%2Fv2%2Ftags&post=3598"}],"curies":[{"name":"wp","href":"https:\/\/api.w.org\/{rel}","templated":true}]}}