{"id":3580,"date":"2012-10-28T22:00:03","date_gmt":"2012-10-29T01:00:03","guid":{"rendered":"http:\/\/www.24baires.com\/?p=3580"},"modified":"2012-10-29T17:49:47","modified_gmt":"2012-10-29T20:49:47","slug":"lesa-humanidad-hooft-es-el-unico-juez-con-jury-de-la-provincia-que-no-esta-suspendido","status":"publish","type":"post","link":"https:\/\/www.24baires.com\/?p=3580","title":{"rendered":"Lesa Humanidad: \u00abHooft es el \u00fanico Juez con jury de la Provincia que no est\u00e1 suspendido\u00bb"},"content":{"rendered":"<p><img data-recalc-dims=\"1\" loading=\"lazy\" decoding=\"async\" class=\"alignleft  wp-image-3621\" title=\"Hooft na14fo01\" src=\"https:\/\/i0.wp.com\/www.24baires.com\/wp-content\/uploads\/2012\/10\/Hooft-na14fo01.jpg?resize=216%2C213\" alt=\"\" width=\"216\" height=\"213\" srcset=\"https:\/\/i0.wp.com\/www.24baires.com\/wp-content\/uploads\/2012\/10\/Hooft-na14fo01.jpg?resize=300%2C296&amp;ssl=1 300w, https:\/\/i0.wp.com\/www.24baires.com\/wp-content\/uploads\/2012\/10\/Hooft-na14fo01.jpg?w=461&amp;ssl=1 461w\" sizes=\"auto, (max-width: 216px) 100vw, 216px\" \/>El abogado C\u00e9sar Sivo, representante de la querella por varias v\u00edctimas y organizaciones, manifest\u00f3 su repudio con la inoperancia por parte de las autoridades provinciales con respecto al jury al juez Pedro Hooft, quien fue denunciado hace seis a\u00f1os por ser part\u00edcipe de cr\u00edmenes de Lesa Humanidad y a\u00fan contin\u00faa ejerciendo su cargo de juez.\u00a0En la \u00faltima semana,\u00a0<a href=\"http:\/\/www.24baires.com\/memoria\/3408-reclamaran-ante-la-cidh-por-la-falta-de-avance-en-el-jury-al-juez-hooft-acusado-de-delitos-de-lesa-humanidad\/\" target=\"_blank\">se anunci\u00f3 desde una conferencia de prensa brindada por varios organismos<\/a>\u00a0que se presentar\u00e1n ante la Comisi\u00f3n Interamericana de Derechos Humanos, reclamando una respuesta por parte del Estado argentino.<!--more--><\/p>\n<p>El juez Pedro Federico Hooft, acusado de haber sido part\u00edcipe de delitos de lesa humanidad durante la \u00faltima Dictadura, goza de una sospechosa impunidad. Ya pasaron seis a\u00f1os desde que fue denunciado por las secretar\u00edas de Derechos Humanos de Naci\u00f3n y Provincia de Buenos Aires, de la Comisi\u00f3n Provincial de la Memoria y por organismos de Mar del Plata y v\u00edctimas y a\u00fan no se realiz\u00f3 el enjuiciamiento.<\/p>\n<p>En la \u00faltima semana, <a href=\"http:\/\/www.24baires.com\/memoria\/3408-reclamaran-ante-la-cidh-por-la-falta-de-avance-en-el-jury-al-juez-hooft-acusado-de-delitos-de-lesa-humanidad\/\" target=\"_blank\">se anunci\u00f3 desde una conferencia de prensa brindada por varios organismos<\/a> que se presentar\u00e1n ante la Comisi\u00f3n Interamericana de Derechos Humanos (CIDH), reclamando una respuesta efectiva por parte del Estado argentino para que se impulse de una vez el jury abierto contra el juez Pedro Federico Hooft.<br \/>\nEl abogado C\u00e9sar Sivo habl\u00f3 con <a href=\"http:\/\/www.sierradelospadres.com.ar\/nativa.htm\" target=\"_blank\">Radio Nativa<\/a> al respecto: \u00abEs realmente parad\u00f3jico y doloroso para nosotros que hemos tenido un gran impulso en todas las causas por los delitos de lesa humanidad gracias a la intervenci\u00f3n de este gobierno y su pol\u00edtica clara y evidente en cuestiones de derechos humanos. Pero lo cierto es que para poder acceder a organismos internacionales no hay muchas m\u00e1s posibilidades que hacer demandas contra el Estado, por que es el que debe obligar a los estados miembros, en este caso el Estado Argentino al Estado provincial, a que haga las cosas como las debe hacer\u00bb.<br \/>\n\u00abPor supuesto que es una medida extrema pero que tiene que ver con que no s\u00f3lo son seis a\u00f1os de demora en el Jury de enjuiciamiento que es lo que permitir\u00eda terminar la etapa de investigaci\u00f3n, en la que est\u00e1 sometido en la causa penal Hooft, sino que tambi\u00e9n autom\u00e1ticamente en el momento en que no se destraba este jurado de enjuiciamiento uno no puede avanzar la causa penal\u00bb.<br \/>\nAdem\u00e1s el Dr. Sivo record\u00f3 \u00abHay que ver que en la causa penal Hooft tuvo un pedido de ser citado a declaraci\u00f3n indagatoria por el Ministerio P\u00fablico Fiscal imput\u00e1ndolo de varios delitos de lesa humanidad, pero adem\u00e1s incorpor\u00e1ndole la destrucci\u00f3n de documentos que pod\u00edan ser incorporados como prueba y abusos de autoridad, <strong>todos delitos cometidos en democracia para tapar los delitos cometidos en dictadura<\/strong>. Hooft plante\u00f3 la nulidad una vez m\u00e1s para dilatar la cuesti\u00f3n, le fue rechazada porque era un absurdo,\u00a0recurri\u00f3\u00a0y entonces qued\u00f3 suspendida esa audiencia que se hab\u00eda fijado para el 23 de agosto, lo concreto es que la causa penal tambi\u00e9n ha tenido muchas trabas por que se ha encargado de hacer todo tipo de planteos, hasta la persecuci\u00f3n y la molestia a los jueces que est\u00e1n interviniendo, ya que iba todos los d\u00edas a presionarlos de una manera desmesurada\u00bb.<br \/>\n\u00ab<strong>En una situaci\u00f3n normal de acuerdo a la imputaci\u00f3n de los delitos este imputado tendr\u00eda que estar detenido<\/strong>, y si estuviera detenido por supuesto no podr\u00eda ejercer presi\u00f3n, no podr\u00eda valerse de su cargo, no podr\u00eda valerse de sus funciones para tratar de conseguir o de destruir prueba como nos fue pasando, <strong>es un sujeto que ha demostrado peligrosidad procesal<\/strong>, porque ha destruido prueba, porque ha apretado a testigos, porque ha modificado la realidad, porque se ha valido del cargo para conseguir otras cosas y sin embargo en una situaci\u00f3n normal que podr\u00eda estar detenido aqu\u00ed no lo est\u00e1\u00bb explic\u00f3 el letrado en el di\u00e1logo radial.<\/p>\n<p>Al hablar sobre el panorama actual con respecto al jury, dijo que \u00abla situaci\u00f3n es extrema, sigue pasando el tiempo, <strong>nos sigue trabando el enjuiciamiento y desde la Provincia no se ha\u00a0demostrado\u00a0la mas m\u00ednima voluntad de hacer lo que hay que hacer<\/strong>, la Ley de Enjuiciamiento de magistrados en la provincia de Buenos Aires contempla que, una vez abierto el jury, el juez es autom\u00e1ticamente suspendido de sus funciones. Hooft tiene abierto el jury, el tribunal de enjuiciamiento encontr\u00f3 m\u00e9rito para responsabilizarlo por delitos de lesa humanidad y <strong>es el \u00fanico juez en toda la Provincia que no est\u00e1 suspendido, a pesar de que la Ley lo dice expresamente<\/strong>.\u00bb<br \/>\nPara finalizar, el abogado Sivo se manifest\u00f3 respecto de la impunidad que recae sobre Hooft: \u00abno se puede entender c\u00f3mo goza de tanta protecci\u00f3n. Lo \u00fanico que resta es fijar la fecha de debate, s\u00f3lo eso, desde hace dos a\u00f1os estamos esperando que fijen esa fecha y a\u00fan no se hace. Ac\u00e1 hay pruebas contundentes y tanto la justicia como el tribunal de enjuiciamiento entendieron que esas pruebas existen, lo terrible es que no le levanten los fueros para que la causa penal pueda terminar y poder llegar a juicio.\u00bb<\/p>\n","protected":false},"excerpt":{"rendered":"<p>El abogado C\u00e9sar Sivo, representante de la querella por varias v\u00edctimas y organizaciones, manifest\u00f3 su repudio con la inoperancia por parte de las autoridades provinciales con respecto al jury al juez Pedro Hooft, quien fue denunciado hace seis a\u00f1os por ser part\u00edcipe de cr\u00edmenes de Lesa Humanidad y a\u00fan contin\u00faa ejerciendo su cargo de juez.\u00a0En la \u00faltima semana,\u00a0se anunci\u00f3 desde [&#8230;]<\/p>\n","protected":false},"author":4,"featured_media":0,"comment_status":"open","ping_status":"open","sticky":false,"template":"","format":"standard","meta":{"_jetpack_newsletter_access":"","_jetpack_dont_email_post_to_subs":false,"_jetpack_newsletter_tier_id":0,"_jetpack_memberships_contains_paywalled_content":false,"_jetpack_memberships_contains_paid_content":false,"footnotes":""},"categories":[50],"tags":[],"class_list":["post-3580","post","type-post","status-publish","format-standard","hentry","category-memoria"],"jetpack_featured_media_url":"","jetpack_shortlink":"https:\/\/wp.me\/p2JWE0-VK","jetpack-related-posts":[{"id":41267,"url":"https:\/\/www.24baires.com\/?p=41267","url_meta":{"origin":3580,"position":0},"title":"Mar del Plata: comienza el jury al juez Hooft, por delitos de lesa humanidad","author":"Grupo Sierra","date":"28\/02\/2014","format":false,"excerpt":"MAR DEL PLATA- El juez Federal, Pedro Federico Hooft, suspendido en sus funciones por estar acusado de participar en delitos de lesa humanidad, ser\u00e1 juzgado desde el pr\u00f3ximo 17 de marzo por un Jury de Enjuiciamiento que deber\u00e1 determinar si lo destituye del cargo. Seg\u00fan inform\u00f3 el Jurado de Enjuiciamiento\u2026","rel":"","context":"En \u00abJUDICIALES\u00bb","block_context":{"text":"JUDICIALES","link":"https:\/\/www.24baires.com\/?cat=68"},"img":{"alt_text":"hooft","src":"https:\/\/i0.wp.com\/www.24baires.com\/wp-content\/uploads\/2013\/09\/hooft.jpg?resize=350%2C200","width":350,"height":200,"srcset":"https:\/\/i0.wp.com\/www.24baires.com\/wp-content\/uploads\/2013\/09\/hooft.jpg?resize=350%2C200 1x, https:\/\/i0.wp.com\/www.24baires.com\/wp-content\/uploads\/2013\/09\/hooft.jpg?resize=525%2C300 1.5x"},"classes":[]},{"id":42247,"url":"https:\/\/www.24baires.com\/?p=42247","url_meta":{"origin":3580,"position":1},"title":"Este lunes se inicia el jury al Juez Hooft acusado por delitos de lesa humanidad","author":"Grupo Sierra","date":"16\/03\/2014","format":false,"excerpt":"El juez Federal de Mar del Plata, Pedro Federico Hooft, suspendido en sus funciones por estar acusado de participar en delitos de lesa humanidad, ser\u00e1 juzgado desde ma\u00f1ana por un Jury de Enjuiciamiento que deber\u00e1 determinar si lo destituye del cargo .Seg\u00fan inform\u00f3 el Jurado de Enjuiciamiento de Magistrados y\u2026","rel":"","context":"En \u00abMemoria\u00bb","block_context":{"text":"Memoria","link":"https:\/\/www.24baires.com\/?cat=50"},"img":{"alt_text":"Hooft na14fo01","src":"https:\/\/i0.wp.com\/www.24baires.com\/wp-content\/uploads\/2012\/10\/Hooft-na14fo01-300x296.jpg?resize=350%2C200","width":350,"height":200},"classes":[]},{"id":17545,"url":"https:\/\/www.24baires.com\/?p=17545","url_meta":{"origin":3580,"position":2},"title":"Suspenden al Juez marplatense Pedro Hooft y le inician jury por delitos de lesa humanidad","author":"Grupo Sierra","date":"05\/03\/2013","format":false,"excerpt":"LA PLATA.- La Comisi\u00f3n bicameral de Enjuiciamiento resolvi\u00f3 suspender de sus funciones al juez Pedro Federico Hooft e iniciarle un Jury de Enjuiciamiento por su participaci\u00f3n en al menos 148 delitos de lesa humanidad cometidos durante la \u00faltima dictadura c\u00edvico militar. La medida la adopt\u00f3 hoy el jurado que preside\u2026","rel":"","context":"En \u00abMemoria\u00bb","block_context":{"text":"Memoria","link":"https:\/\/www.24baires.com\/?cat=50"},"img":{"alt_text":"Hooft na14fo01","src":"https:\/\/i0.wp.com\/www.24baires.com\/wp-content\/uploads\/2013\/03\/Hooft-na14fo01-300x296.jpg?resize=350%2C200","width":350,"height":200},"classes":[]},{"id":42309,"url":"https:\/\/www.24baires.com\/?p=42309","url_meta":{"origin":3580,"position":3},"title":"Comenz\u00f3 el jury a Hooft en La Plata","author":"Grupo Sierra","date":"17\/03\/2014","format":false,"excerpt":"El organismo de enjuiciamiento espera unos 100 testimonios durante el jury, que se extender\u00e1 hasta mayo. Hoy el juez del Tribunal Oral Federal de Mar del Plata, Mario Alberto Portela, asegur\u00f3 que el ex juez federal, Pedro Federico Hooft, \u201creaccion\u00f3 muy fuerte contra el Juicio por la Verdad\u201d que se\u2026","rel":"","context":"En \u00abJUDICIALES\u00bb","block_context":{"text":"JUDICIALES","link":"https:\/\/www.24baires.com\/?cat=68"},"img":{"alt_text":"hooft","src":"https:\/\/i0.wp.com\/www.24baires.com\/wp-content\/uploads\/2014\/03\/hooft1.jpg?resize=350%2C200","width":350,"height":200,"srcset":"https:\/\/i0.wp.com\/www.24baires.com\/wp-content\/uploads\/2014\/03\/hooft1.jpg?resize=350%2C200 1x, https:\/\/i0.wp.com\/www.24baires.com\/wp-content\/uploads\/2014\/03\/hooft1.jpg?resize=525%2C300 1.5x"},"classes":[]},{"id":44863,"url":"https:\/\/www.24baires.com\/?p=44863","url_meta":{"origin":3580,"position":4},"title":"Vergonzoso: confirman a Hooft en su cargo, el juez acusado por delitos de Lesa Humanidad","author":"AF","date":"28\/04\/2014","format":false,"excerpt":"El Tribunal de Enjuiciamiento de Magistrados de la Provincia dio a conocer este lunes el veredicto del jury al suspendido juez federal de Mar del Plata, Pedro Federico Hooft, acusado de complicidad con la Dictadura. Se analiz\u00f3 su actuaci\u00f3n en la investigaci\u00f3n judicial por la desaparici\u00f3n de abogados marplatenses en\u2026","rel":"","context":"En \u00abMemoria\u00bb","block_context":{"text":"Memoria","link":"https:\/\/www.24baires.com\/?cat=50"},"img":{"alt_text":"hooft","src":"https:\/\/i0.wp.com\/www.24baires.com\/wp-content\/uploads\/2014\/03\/hooft2.jpg?resize=350%2C200","width":350,"height":200,"srcset":"https:\/\/i0.wp.com\/www.24baires.com\/wp-content\/uploads\/2014\/03\/hooft2.jpg?resize=350%2C200 1x, https:\/\/i0.wp.com\/www.24baires.com\/wp-content\/uploads\/2014\/03\/hooft2.jpg?resize=525%2C300 1.5x"},"classes":[]},{"id":43795,"url":"https:\/\/www.24baires.com\/?p=43795","url_meta":{"origin":3580,"position":5},"title":"Entra en la \u00faltima etapa el jury al Juez Hooft","author":"Grupo Sierra","date":"13\/04\/2014","format":false,"excerpt":"El Tribunal de Enjuiciamiento har\u00e1 este mi\u00e9rcoles la \u00faltima audiencia de testigos en el jury que se sigue al ex juez federal de Mar del Plata, Pedro Federico Hooft, en el marco de la causa conocida como \"La Noche de las Corbatas\" durante la dictadura c\u00edvico-militar. Siete d\u00edas despu\u00e9s, el\u2026","rel":"","context":"En \u00abMemoria\u00bb","block_context":{"text":"Memoria","link":"https:\/\/www.24baires.com\/?cat=50"},"img":{"alt_text":"hooft","src":"https:\/\/i0.wp.com\/www.24baires.com\/wp-content\/uploads\/2014\/03\/hooft.jpg?resize=350%2C200","width":350,"height":200,"srcset":"https:\/\/i0.wp.com\/www.24baires.com\/wp-content\/uploads\/2014\/03\/hooft.jpg?resize=350%2C200 1x, https:\/\/i0.wp.com\/www.24baires.com\/wp-content\/uploads\/2014\/03\/hooft.jpg?resize=525%2C300 1.5x"},"classes":[]}],"jetpack_sharing_enabled":true,"jetpack_likes_enabled":true,"_links":{"self":[{"href":"https:\/\/www.24baires.com\/index.php?rest_route=\/wp\/v2\/posts\/3580","targetHints":{"allow":["GET"]}}],"collection":[{"href":"https:\/\/www.24baires.com\/index.php?rest_route=\/wp\/v2\/posts"}],"about":[{"href":"https:\/\/www.24baires.com\/index.php?rest_route=\/wp\/v2\/types\/post"}],"author":[{"embeddable":true,"href":"https:\/\/www.24baires.com\/index.php?rest_route=\/wp\/v2\/users\/4"}],"replies":[{"embeddable":true,"href":"https:\/\/www.24baires.com\/index.php?rest_route=%2Fwp%2Fv2%2Fcomments&post=3580"}],"version-history":[{"count":3,"href":"https:\/\/www.24baires.com\/index.php?rest_route=\/wp\/v2\/posts\/3580\/revisions"}],"predecessor-version":[{"id":3724,"href":"https:\/\/www.24baires.com\/index.php?rest_route=\/wp\/v2\/posts\/3580\/revisions\/3724"}],"wp:attachment":[{"href":"https:\/\/www.24baires.com\/index.php?rest_route=%2Fwp%2Fv2%2Fmedia&parent=3580"}],"wp:term":[{"taxonomy":"category","embeddable":true,"href":"https:\/\/www.24baires.com\/index.php?rest_route=%2Fwp%2Fv2%2Fcategories&post=3580"},{"taxonomy":"post_tag","embeddable":true,"href":"https:\/\/www.24baires.com\/index.php?rest_route=%2Fwp%2Fv2%2Ftags&post=3580"}],"curies":[{"name":"wp","href":"https:\/\/api.w.org\/{rel}","templated":true}]}}