{"id":35791,"date":"2013-11-26T22:21:56","date_gmt":"2013-11-27T01:21:56","guid":{"rendered":"http:\/\/www.24baires.com\/?p=35791"},"modified":"2013-11-26T22:22:27","modified_gmt":"2013-11-27T01:22:27","slug":"ypf-avanza-algunos-opositores-se-oponen","status":"publish","type":"post","link":"https:\/\/www.24baires.com\/?p=35791","title":{"rendered":"YPF avanza, algunos opositores se oponen"},"content":{"rendered":"<p><img data-recalc-dims=\"1\" loading=\"lazy\" decoding=\"async\" class=\"aligncenter size-full wp-image-17259\" alt=\"bono-ypf.jpg_552074685\" src=\"https:\/\/i0.wp.com\/www.24baires.com\/wp-content\/uploads\/2013\/03\/bono-ypf.jpg_552074685.jpg?resize=560%2C420\" width=\"560\" height=\"420\" srcset=\"https:\/\/i0.wp.com\/www.24baires.com\/wp-content\/uploads\/2013\/03\/bono-ypf.jpg_552074685.jpg?w=560&amp;ssl=1 560w, https:\/\/i0.wp.com\/www.24baires.com\/wp-content\/uploads\/2013\/03\/bono-ypf.jpg_552074685.jpg?resize=300%2C225&amp;ssl=1 300w\" sizes=\"auto, (max-width: 560px) 100vw, 560px\" \/>Alg\u00fan titular de un diario de tirada nacional reza: \u201cLa oposici\u00f3n dividida\u201d, y en vez de hacernos pensar en el tema que propicia esa divergencia de opiniones, pensamos otra cosa y nos planteamos una pregunta obvia: \u00bfCu\u00e1ndo es que no est\u00e1 dividida?<!--more--><\/p>\n<p>En este caso, el motivo del desacuerdo en las posturas lo ha ocasionado el preacuerdo alcanzado entre la empresa argentina YPF y la espa\u00f1ola Repsol, ex propietaria del 51% de las acciones de la compa\u00f1\u00eda petrolera. Y los que en su momento criticaron la expropiaci\u00f3n, como Mauricio Macri, quien dijo \u201cEsta decisi\u00f3n va en contra de los intereses de los argentinos. Vamos a estar peor en un a\u00f1o que hoy\u201d, ahora se\u00f1alan como algo positivo este acuerdo. Claro que ver como creci\u00f3 YPF durante ese a\u00f1o que \u00e9l vaticinaba en picada, puede haber influido en su nueva visi\u00f3n.<\/p>\n<p>Tambi\u00e9n vieron con buenos ojos este avance el titular de la Federaci\u00f3n Argentina de Petr\u00f3leo y diputado nacional del Frente Renovador, Alberto Roberti, as\u00ed como el senador radical Ernesto Sanz y Hermes Binner, quien desde su \u00f3ptica m\u00e9dica afirm\u00f3 que es \u201csumamente saludable\u201d.<\/p>\n<p>En cambio, para otros opositores, como el diputado nacional y senador electo Fernando Pino Solanas, del frente Unen, esto no resulta nada bueno: \u201cVamos a impugnar cualquier acuerdo porque ac\u00e1 hay una causa abierta que tiene a su cargo el juez Ariel Lijo por el vaciamiento de YPF. La indemnizaci\u00f3n a Repsol es una estafa, un acuerdo espurio, antinacional, un robo\u201d, dijo. Lo extra\u00f1o es que Pino diga esto cuando hay una ley sancionada en el Congreso que dice que hay que darle un pago a Repsol por YPF y cuando, adem\u00e1s, no trascendieron los t\u00e9rminos del acuerdo, puesto que su confidencialidad es para evitar movimientos bruscos en las acciones de las empresas involucradas: Repsol y Pemex. Pero, ya casi mimetizado con su aliada Elisa Carri\u00f3, Pino se opone hasta por las dudas. El diputado nacional por el GEN, Gerardo Milman tambi\u00e9n se manifest\u00f3 en contra.<\/p>\n<p>Adem\u00e1s, parece que Pino y Milman desconocen qu\u00e9 es una reestatizaci\u00f3n y a qu\u00e9 se comprometi\u00f3 el Estado argentino al expropiar el 51% de las acciones de YPF a Repsol. No era una usurpaci\u00f3n, era una expropiaci\u00f3n por la que se deb\u00eda pagar un monto que deb\u00eda tasarse para luego acordarse con las empresas involucradas. Es por ello que desde el Ministerio de Econom\u00eda que conduce Axel Kicillof se inform\u00f3 que \u201cse ha arribado a un principio de acuerdo acerca de la compensaci\u00f3n por la expropiaci\u00f3n del 51% del paquete accionario de YPF ocurrida en abril de 2012, sujeto a ratificaci\u00f3n de los m\u00e1ximos \u00f3rganos rectores de Repsol\u201d.<\/p>\n<p>Por lo pronto y en menos de un d\u00eda de anunciada la propuesta de acuerdo, las acciones de Repsol cerraron con una mejora de 4,28% en la Bolsa de Madrid, con un precio de 19,24 euros por t\u00edtulo.<br \/>\nParece que aunque algunos no quieran verlo, la expropiaci\u00f3n de YPF fue un evidente acierto que no s\u00f3lo ha mejorado las acciones de la empresa argentina desde anunciada su reestatizaci\u00f3n, as\u00ed como las inversiones, sino que ha fomentado el trabajo reinvirtiendo las utilidades y sigue teniendo el precio de la nafta m\u00e1s baja del mercado local.<\/p>\n<p>&nbsp;<\/p>\n<p>&nbsp;<\/p>\n<p>&nbsp;<\/p>\n<p>&nbsp;<\/p>\n<p>&nbsp;<\/p>\n<p>&nbsp;<\/p>\n<p>&nbsp;<\/p>\n<p>&nbsp;<\/p>\n<p>&nbsp;<\/p>\n<p>&nbsp;<\/p>\n<p>&nbsp;<\/p>\n<p>&nbsp;<\/p>\n<p>&nbsp;<\/p>\n<p>&nbsp;<\/p>\n<p>&nbsp;<\/p>\n","protected":false},"excerpt":{"rendered":"<p>Alg\u00fan titular de un diario de tirada nacional reza: \u201cLa oposici\u00f3n dividida\u201d, y en vez de hacernos pensar en el tema que propicia esa divergencia de opiniones, pensamos otra cosa y nos planteamos una pregunta obvia: \u00bfCu\u00e1ndo es que no est\u00e1 dividida?<\/p>\n","protected":false},"author":8,"featured_media":0,"comment_status":"open","ping_status":"open","sticky":false,"template":"","format":"standard","meta":{"_jetpack_newsletter_access":"","_jetpack_dont_email_post_to_subs":false,"_jetpack_newsletter_tier_id":0,"_jetpack_memberships_contains_paywalled_content":false,"_jetpack_memberships_contains_paid_content":false,"footnotes":""},"categories":[64],"tags":[],"class_list":["post-35791","post","type-post","status-publish","format-standard","hentry","category-opinion"],"jetpack_featured_media_url":"","jetpack_shortlink":"https:\/\/wp.me\/p2JWE0-9jh","jetpack-related-posts":[{"id":119282,"url":"https:\/\/www.24baires.com\/?p=119282","url_meta":{"origin":35791,"position":0},"title":"YPF y Petronas avanzar\u00e1n en desarrollo de GNL con gas de Vaca Muerta","author":"AF","date":"01\/09\/2022","format":false,"excerpt":"Alberto Fern\u00e1ndez, junto al titular de YPF, encabezaron el anuncio de una alianza entre la petrolera argentina y la firma de Malasia. El mandatario asegur\u00f3 que el acuerdo de YPF y Petronas es \"una piedra fundacional\" para la Argentina. YPF y la petrolera malaya Petronas firmaron un Acuerdo de Estudio\u2026","rel":"","context":"En \u00abPol\u00edtica\u00bb","block_context":{"text":"Pol\u00edtica","link":"https:\/\/www.24baires.com\/?cat=51"},"img":{"alt_text":"","src":"https:\/\/i0.wp.com\/www.24baires.com\/wp-content\/uploads\/2022\/09\/6311332ff3e7b_900.jpg?resize=350%2C200","width":350,"height":200,"srcset":"https:\/\/i0.wp.com\/www.24baires.com\/wp-content\/uploads\/2022\/09\/6311332ff3e7b_900.jpg?resize=350%2C200 1x, https:\/\/i0.wp.com\/www.24baires.com\/wp-content\/uploads\/2022\/09\/6311332ff3e7b_900.jpg?resize=525%2C300 1.5x, https:\/\/i0.wp.com\/www.24baires.com\/wp-content\/uploads\/2022\/09\/6311332ff3e7b_900.jpg?resize=700%2C400 2x"},"classes":[]},{"id":118944,"url":"https:\/\/www.24baires.com\/?p=118944","url_meta":{"origin":35791,"position":1},"title":"Acto de YPF: Cristina inst\u00f3 a Alberto a que use \u00abla lapicera\u00bb","author":"AF","date":"03\/06\/2022","format":false,"excerpt":"La vicepresidenta, que antecedi\u00f3 en la palabra al primer mandatario, reivindic\u00f3 la iniciativa del expresidente Hip\u00f3lito Yrigoyen, por cuya iniciativa se cre\u00f3 la compa\u00f1\u00eda hace 100 a\u00f1os. El titular de la empresa, Pablo Gonz\u00e1lez, poco antes repas\u00f3 la historia de YPF, y entre otros datos record\u00f3 que 42 trabajadores de\u2026","rel":"","context":"En \u00abPol\u00edtica\u00bb","block_context":{"text":"Pol\u00edtica","link":"https:\/\/www.24baires.com\/?cat=51"},"img":{"alt_text":"","src":"https:\/\/i0.wp.com\/www.24baires.com\/wp-content\/uploads\/2022\/06\/IMG-20220603-WA0047.jpg?resize=350%2C200","width":350,"height":200,"srcset":"https:\/\/i0.wp.com\/www.24baires.com\/wp-content\/uploads\/2022\/06\/IMG-20220603-WA0047.jpg?resize=350%2C200 1x, https:\/\/i0.wp.com\/www.24baires.com\/wp-content\/uploads\/2022\/06\/IMG-20220603-WA0047.jpg?resize=525%2C300 1.5x, https:\/\/i0.wp.com\/www.24baires.com\/wp-content\/uploads\/2022\/06\/IMG-20220603-WA0047.jpg?resize=700%2C400 2x"},"classes":[]},{"id":115919,"url":"https:\/\/www.24baires.com\/?p=115919","url_meta":{"origin":35791,"position":2},"title":"Analizan el aumento de combustibles como parte de \u00abun plan integral\u00bb con YPF","author":"GB","date":"12\/08\/2020","format":false,"excerpt":"El ministro de Econom\u00eda, Mart\u00edn Guzm\u00e1n, se refiri\u00f3 al incremento del precio de naftas y gasoil. Desde el Gobierno nacional analizan todas las posibilidades de implementaci\u00f3n de un aumento de combustibles en todo el pa\u00eds mientras los sectores privados presionan para que se concrete. De esta manera, el Ejecutivo adelant\u00f3\u2026","rel":"","context":"En \u00abEconom\u00eda\u00bb","block_context":{"text":"Econom\u00eda","link":"https:\/\/www.24baires.com\/?cat=45"},"img":{"alt_text":"","src":"https:\/\/i0.wp.com\/www.24baires.com\/wp-content\/uploads\/2013\/02\/surtidor-nafta.jpg?resize=350%2C200","width":350,"height":200,"srcset":"https:\/\/i0.wp.com\/www.24baires.com\/wp-content\/uploads\/2013\/02\/surtidor-nafta.jpg?resize=350%2C200 1x, https:\/\/i0.wp.com\/www.24baires.com\/wp-content\/uploads\/2013\/02\/surtidor-nafta.jpg?resize=525%2C300 1.5x"},"classes":[]},{"id":122371,"url":"https:\/\/www.24baires.com\/?p=122371","url_meta":{"origin":35791,"position":3},"title":"Kicillof denunci\u00f3 complicidad de Milei con los fondos buitre y convoc\u00f3 a defender YPF","author":"GB","date":"01\/07\/2025","format":false,"excerpt":"El Gobernador rechaz\u00f3 el fallo de la Justicia de EE.UU., defendi\u00f3 la soberan\u00eda energ\u00e9tica y acus\u00f3 al Presidente de favorecer intereses extranjeros. Tras el nuevo fallo de la jueza estadounidense Loretta Preska que ordena a la Argentina entregar el 51% de las acciones de YPF como parte del pago por\u2026","rel":"","context":"En \u00abProvincia\u00bb","block_context":{"text":"Provincia","link":"https:\/\/www.24baires.com\/?cat=40"},"img":{"alt_text":"","src":"https:\/\/i0.wp.com\/www.24baires.com\/wp-content\/uploads\/2022\/01\/kicillof-1024x681.jpg?resize=350%2C200","width":350,"height":200,"srcset":"https:\/\/i0.wp.com\/www.24baires.com\/wp-content\/uploads\/2022\/01\/kicillof-1024x681.jpg?resize=350%2C200 1x, https:\/\/i0.wp.com\/www.24baires.com\/wp-content\/uploads\/2022\/01\/kicillof-1024x681.jpg?resize=525%2C300 1.5x, https:\/\/i0.wp.com\/www.24baires.com\/wp-content\/uploads\/2022\/01\/kicillof-1024x681.jpg?resize=700%2C400 2x"},"classes":[]},{"id":118936,"url":"https:\/\/www.24baires.com\/?p=118936","url_meta":{"origin":35791,"position":4},"title":"Alberto y Cristina encabezar\u00e1n el acto por los 100 a\u00f1os de YPF","author":"AF","date":"02\/06\/2022","format":false,"excerpt":"El encuentro ser\u00e1 este viernes a las 17 en el predio de Tecn\u00f3polis. La petrolera celebrar\u00e1 tambi\u00e9n los 10 a\u00f1os de su expropiaci\u00f3n. El presidente Alberto Fern\u00e1ndez y la vicepresidenta Cristina Fern\u00e1ndez de Kirchner encabezar\u00e1n ma\u00f1ana el acto por el centenario de la empresa estatal de energ\u00eda Yacimientos Petrol\u00edferos Fiscales\u2026","rel":"","context":"En \u00abLocales\u00bb","block_context":{"text":"Locales","link":"https:\/\/www.24baires.com\/?cat=38"},"img":{"alt_text":"","src":"https:\/\/i0.wp.com\/www.24baires.com\/wp-content\/uploads\/2019\/10\/alberto-y-cristina.jpg?resize=350%2C200","width":350,"height":200,"srcset":"https:\/\/i0.wp.com\/www.24baires.com\/wp-content\/uploads\/2019\/10\/alberto-y-cristina.jpg?resize=350%2C200 1x, https:\/\/i0.wp.com\/www.24baires.com\/wp-content\/uploads\/2019\/10\/alberto-y-cristina.jpg?resize=525%2C300 1.5x, https:\/\/i0.wp.com\/www.24baires.com\/wp-content\/uploads\/2019\/10\/alberto-y-cristina.jpg?resize=700%2C400 2x"},"classes":[]},{"id":119231,"url":"https:\/\/www.24baires.com\/?p=119231","url_meta":{"origin":35791,"position":5},"title":"YPF industrializar\u00e1 el litio junto a una empresa china","author":"AF","date":"18\/08\/2022","format":false,"excerpt":"El acuerdo establece la exploraci\u00f3n, explotaci\u00f3n, producci\u00f3n, comercializaci\u00f3n e industrializaci\u00f3n del mineral. El convenio se enmarca en la pol\u00edtica de promoci\u00f3n del litio entre ambos pa\u00edses. El embajador argentino en Beijing, Sabino Vaca Narvaja, el presidente de YPF Tecnolog\u00eda, Roberto Salvarezza, y el CEO de Tianqi Lithium \u2013 una de\u2026","rel":"","context":"En \u00abPol\u00edtica\u00bb","block_context":{"text":"Pol\u00edtica","link":"https:\/\/www.24baires.com\/?cat=51"},"img":{"alt_text":"","src":"https:\/\/i0.wp.com\/www.24baires.com\/wp-content\/uploads\/2022\/08\/litio-china.jpg?resize=350%2C200","width":350,"height":200,"srcset":"https:\/\/i0.wp.com\/www.24baires.com\/wp-content\/uploads\/2022\/08\/litio-china.jpg?resize=350%2C200 1x, https:\/\/i0.wp.com\/www.24baires.com\/wp-content\/uploads\/2022\/08\/litio-china.jpg?resize=525%2C300 1.5x, https:\/\/i0.wp.com\/www.24baires.com\/wp-content\/uploads\/2022\/08\/litio-china.jpg?resize=700%2C400 2x"},"classes":[]}],"jetpack_sharing_enabled":true,"jetpack_likes_enabled":true,"_links":{"self":[{"href":"https:\/\/www.24baires.com\/index.php?rest_route=\/wp\/v2\/posts\/35791","targetHints":{"allow":["GET"]}}],"collection":[{"href":"https:\/\/www.24baires.com\/index.php?rest_route=\/wp\/v2\/posts"}],"about":[{"href":"https:\/\/www.24baires.com\/index.php?rest_route=\/wp\/v2\/types\/post"}],"author":[{"embeddable":true,"href":"https:\/\/www.24baires.com\/index.php?rest_route=\/wp\/v2\/users\/8"}],"replies":[{"embeddable":true,"href":"https:\/\/www.24baires.com\/index.php?rest_route=%2Fwp%2Fv2%2Fcomments&post=35791"}],"version-history":[{"count":1,"href":"https:\/\/www.24baires.com\/index.php?rest_route=\/wp\/v2\/posts\/35791\/revisions"}],"predecessor-version":[{"id":35792,"href":"https:\/\/www.24baires.com\/index.php?rest_route=\/wp\/v2\/posts\/35791\/revisions\/35792"}],"wp:attachment":[{"href":"https:\/\/www.24baires.com\/index.php?rest_route=%2Fwp%2Fv2%2Fmedia&parent=35791"}],"wp:term":[{"taxonomy":"category","embeddable":true,"href":"https:\/\/www.24baires.com\/index.php?rest_route=%2Fwp%2Fv2%2Fcategories&post=35791"},{"taxonomy":"post_tag","embeddable":true,"href":"https:\/\/www.24baires.com\/index.php?rest_route=%2Fwp%2Fv2%2Ftags&post=35791"}],"curies":[{"name":"wp","href":"https:\/\/api.w.org\/{rel}","templated":true}]}}