{"id":3576,"date":"2012-10-28T19:48:08","date_gmt":"2012-10-28T22:48:08","guid":{"rendered":"http:\/\/www.24baires.com\/?p=3576"},"modified":"2012-10-28T19:48:08","modified_gmt":"2012-10-28T22:48:08","slug":"este-miercoles-podria-convertirse-en-ley-el-voto-joven","status":"publish","type":"post","link":"https:\/\/www.24baires.com\/?p=3576","title":{"rendered":"Este mi\u00e9rcoles podr\u00eda convertirse en ley el voto joven"},"content":{"rendered":"<p>El jefe del bloque del Frente para la Victoria, Agust\u00edn Rossi, estim\u00f3 que el oficialismo no tendr\u00e1 dificultades para sancionar la norma que permitir\u00e1 sufragar a partir de los 16 a\u00f1os. En el Senado fue apoyada por una amplia mayor\u00eda.<!--more--><\/p>\n<p>El oficialismo de la C\u00e1mara de Diputados de la Naci\u00f3n buscar\u00e1, el pr\u00f3ximo mi\u00e9rcoles, convertir en ley el proyecto que habilita el voto optativo para los j\u00f3venes de entre 16 y 18 a\u00f1os, aprobado hace diez d\u00edas por el Senado.<\/p>\n<p>El diputado Agust\u00edn Rossi vaticin\u00f3 que el oficialismo no tendr\u00e1 dificultades para sancionar la norma, que en la C\u00e1mara alta obtuvo 52 votos a favor y 3 en contra, sobre un total de 72.<\/p>\n<p>\u00abLa ley es muy importante porque ampl\u00eda la frontera de los derechos en Argentina, pero tambi\u00e9n lo es el hecho de que sea optativa y no confiera una obligaci\u00f3n a los j\u00f3venes\u00bb, dijo Rossi este domingo<\/p>\n<p>La iniciativa, que le da un car\u00e1cter optativo al voto de los j\u00f3venes entre los 16 y los 18 a\u00f1os, obtuvo el martes pasado dictamen de mayor\u00eda del FpV y bloques aliados en un plenario de comisiones de la c\u00e1mara baja.<\/p>\n<p>Con media sanci\u00f3n del Senado, la norma modifica el primer art\u00edculo del C\u00f3digo Electoral y establece que son electores nacionales \u00ablos argentinos nativos y por opci\u00f3n desde los 16 a\u00f1os y los argentinos naturalizados desde los 18 a\u00f1os\u00bb, pero no determina penalidades para quienes no sufraguen.<\/p>\n<p>El Frente Amplio Progresista (FAP) y la UCR presentaron dos dict\u00e1menes de minor\u00eda, en los que proponen la \u00abobligatoriedad\u00bb del voto entre los 16 y los 18 a\u00f1os.<\/p>\n<p>Sin embargo, en el recinto, el FAP adelant\u00f3 que se abstendr\u00e1 en la votaci\u00f3n en general y la UCR reci\u00e9n el martes pr\u00f3ximo, en reuni\u00f3n de bloque, decidir\u00e1 qu\u00e9 postura adoptar\u00e1 en la sesi\u00f3n.<\/p>\n<p>De esta manera se volver\u00e1n a marcar diferencias en el sentido del voto de los integrantes de ambos bloques, dado que en el Senado los radicales votaron -en general- a favor de la iniciativa; mientras que de los cinco integrantes del interbloque FAP, dos lo hicieron afirmativamente, dos se abstuvieron y uno no particip\u00f3 de la votaci\u00f3n.<\/p>\n<p>El PRO anunci\u00f3 que votar\u00e1 en contra de la iniciativa oficial por considerarla \u00abinnecesaria\u00bb y el bloque Frente Peronista todav\u00eda no hab\u00eda tomado una decisi\u00f3n al respecto.<\/p>\n<p>Del plenario realizado el martes \u00faltimo, que reuni\u00f3 a las comisiones de Asuntos Constitucionales y de Justicia, presididas por los kirchneristas Diana Conti y Jorge Yoma, y deliber\u00f3 durante tres horas, participaron j\u00f3venes invitados por todos los bloques.<\/p>\n<p>La mayor\u00eda de ellos opin\u00f3 a favor de la iniciativa, la consider\u00f3 un \u00abpaso adelante\u00bb en el camino de la democracia y reivindic\u00f3 la posibilidad de involucrarse en pol\u00edtica.<\/p>\n<p>Los j\u00f3venes que respond\u00edan a bloques opositores, en cambio, apuntaron que \u00abhay otras cuestiones\u00bb para analizar en el Parlamento \u00abmucho m\u00e1s importantes\u00bb que el voto.<\/p>\n","protected":false},"excerpt":{"rendered":"<p>El jefe del bloque del Frente para la Victoria, Agust\u00edn Rossi, estim\u00f3 que el oficialismo no tendr\u00e1 dificultades para sancionar la norma que permitir\u00e1 sufragar a partir de los 16 a\u00f1os. En el Senado fue apoyada por una amplia mayor\u00eda.<\/p>\n","protected":false},"author":11,"featured_media":0,"comment_status":"open","ping_status":"open","sticky":false,"template":"","format":"standard","meta":{"_jetpack_newsletter_access":"","_jetpack_dont_email_post_to_subs":false,"_jetpack_newsletter_tier_id":0,"_jetpack_memberships_contains_paywalled_content":false,"_jetpack_memberships_contains_paid_content":false,"footnotes":""},"categories":[51],"tags":[],"class_list":["post-3576","post","type-post","status-publish","format-standard","hentry","category-politica"],"jetpack_featured_media_url":"","jetpack_shortlink":"https:\/\/wp.me\/p2JWE0-VG","jetpack-related-posts":[{"id":3525,"url":"https:\/\/www.24baires.com\/?p=3525","url_meta":{"origin":3576,"position":0},"title":"Voto joven: cada vez m\u00e1s cerca de convertirse en Ley","author":"AF","date":"28\/10\/2012","format":false,"excerpt":"El oficialismo de la C\u00e1mara baja buscar\u00e1, el pr\u00f3ximo mi\u00e9rcoles, convertir en ley el proyecto que habilita el voto optativo para los j\u00f3venes de entre 16 y 18 a\u00f1os, aprobado hace diez d\u00edas por el Senado. As\u00ed lo confirm\u00f3 el jefe del bloque del Frente para la Victoria, Agust\u00edn Rossi,\u2026","rel":"","context":"En \u00abPol\u00edtica\u00bb","block_context":{"text":"Pol\u00edtica","link":"https:\/\/www.24baires.com\/?cat=51"},"img":{"alt_text":"","src":"","width":0,"height":0},"classes":[]},{"id":8986,"url":"https:\/\/www.24baires.com\/?p=8986","url_meta":{"origin":3576,"position":1},"title":"En la Provincia, cerca de 500 mil j\u00f3venes de entre 16 y 18 a\u00f1os ya podr\u00e1n votar","author":"AF","date":"13\/12\/2012","format":false,"excerpt":"El Senado bonaerense sancion\u00f3 este jueves el proyecto que dispone la adhesi\u00f3n de la Provincia a la ley nacional por la cual se habilit\u00f3 el voto optativo para los j\u00f3venes de entre 16 y 18 a\u00f1os. La iniciativa, que en la C\u00e1mara de Diputados hab\u00eda contado con el acompa\u00f1amiento de\u2026","rel":"","context":"En \u00abSociedad\u00bb","block_context":{"text":"Sociedad","link":"https:\/\/www.24baires.com\/?cat=1"},"img":{"alt_text":"","src":"","width":0,"height":0},"classes":[]},{"id":113720,"url":"https:\/\/www.24baires.com\/?p=113720","url_meta":{"origin":3576,"position":2},"title":"Con media sanci\u00f3n, el Senado trata la Ley Impositiva","author":"AF","date":"08\/01\/2020","format":false,"excerpt":"Tras un cuarto intermedio por negociaciones de \u00faltimo momento con la oposici\u00f3n, el oficialismo bonaerense logr\u00f3 darle media sanci\u00f3n a la ley impositiva. Desde la 16 se trata en el Senado. Luego de un nuevo cuarto intermedio por negociaciones de \u00faltimo momento entre el gobierno de Axel Kicillof y la\u2026","rel":"","context":"En \u00abProvincia\u00bb","block_context":{"text":"Provincia","link":"https:\/\/www.24baires.com\/?cat=40"},"img":{"alt_text":"","src":"https:\/\/i0.wp.com\/www.24baires.com\/wp-content\/uploads\/2019\/11\/kicillof.jpg?resize=350%2C200","width":350,"height":200,"srcset":"https:\/\/i0.wp.com\/www.24baires.com\/wp-content\/uploads\/2019\/11\/kicillof.jpg?resize=350%2C200 1x, https:\/\/i0.wp.com\/www.24baires.com\/wp-content\/uploads\/2019\/11\/kicillof.jpg?resize=525%2C300 1.5x"},"classes":[]},{"id":105437,"url":"https:\/\/www.24baires.com\/?p=105437","url_meta":{"origin":3576,"position":3},"title":"Cambiemos conf\u00eda que el presupuesto se convertir\u00e1 en ley en el Senado","author":"GB","date":"14\/11\/2018","format":false,"excerpt":"Pese a la fractura en el bloque de Miguel Pichetto que funcionaba como aliado trascendental en las votaciones de la C\u00e1mara Alta, el oficialismo conf\u00eda en que podr\u00e1 darle la restante media sanci\u00f3n al presupuesto de ajuste consensuado con el FMI y que ya cuenta con media sanci\u00f3n en Diputados.\u2026","rel":"","context":"En \u00abEconom\u00eda\u00bb","block_context":{"text":"Econom\u00eda","link":"https:\/\/www.24baires.com\/?cat=45"},"img":{"alt_text":"","src":"https:\/\/i0.wp.com\/www.24baires.com\/wp-content\/uploads\/2018\/08\/senado.jpg?resize=350%2C200","width":350,"height":200,"srcset":"https:\/\/i0.wp.com\/www.24baires.com\/wp-content\/uploads\/2018\/08\/senado.jpg?resize=350%2C200 1x, https:\/\/i0.wp.com\/www.24baires.com\/wp-content\/uploads\/2018\/08\/senado.jpg?resize=525%2C300 1.5x"},"classes":[]},{"id":4726,"url":"https:\/\/www.24baires.com\/?p=4726","url_meta":{"origin":3576,"position":4},"title":"En la pr\u00f3xima sesi\u00f3n de Diputados ir\u00e1n por la Polic\u00eda Judicial","author":"AF","date":"07\/11\/2012","format":false,"excerpt":"Sobre el cierre del a\u00f1o la C\u00e1mara de Diputados se prepara para tratar una serie de leyes estructurales para el territorio bonaerense; de esta manera en la pr\u00f3xima sesi\u00f3n de la C\u00e1mara Baja se convertir\u00e1 en Ley el proyecto de Polic\u00eda Judicial que ya cuenta con media sanci\u00f3n en el\u2026","rel":"","context":"En \u00abPol\u00edtica\u00bb","block_context":{"text":"Pol\u00edtica","link":"https:\/\/www.24baires.com\/?cat=51"},"img":{"alt_text":"","src":"https:\/\/i0.wp.com\/www.24baires.com\/wp-content\/uploads\/2012\/11\/Diputados2-300x198.jpg?resize=350%2C200","width":350,"height":200},"classes":[]},{"id":114179,"url":"https:\/\/www.24baires.com\/?p=114179","url_meta":{"origin":3576,"position":5},"title":"El Frente de Todos buscar\u00e1 aprobar la ley de G\u00f3ndolas","author":"AF","date":"20\/02\/2020","format":false,"excerpt":"El proyecto cuenta con la media sanci\u00f3n de Diputados. Busca equilibrar el espacio entre proveedores de productos en los supermercados. El Senadobuscar\u00e1 aprobar el viernes 28 el proyecto de ley de G\u00f3ndolas, que cuenta con la media sanci\u00f3n de Diputados y empareja el reparto entre proveedores de los espacios de\u2026","rel":"","context":"En \u00abSociedad\u00bb","block_context":{"text":"Sociedad","link":"https:\/\/www.24baires.com\/?cat=1"},"img":{"alt_text":"","src":"https:\/\/i0.wp.com\/www.24baires.com\/wp-content\/uploads\/2015\/02\/precios-acordados-g%C3%B3ndola-super.jpg?resize=350%2C200","width":350,"height":200,"srcset":"https:\/\/i0.wp.com\/www.24baires.com\/wp-content\/uploads\/2015\/02\/precios-acordados-g%C3%B3ndola-super.jpg?resize=350%2C200 1x, https:\/\/i0.wp.com\/www.24baires.com\/wp-content\/uploads\/2015\/02\/precios-acordados-g%C3%B3ndola-super.jpg?resize=525%2C300 1.5x"},"classes":[]}],"jetpack_sharing_enabled":true,"jetpack_likes_enabled":true,"_links":{"self":[{"href":"https:\/\/www.24baires.com\/index.php?rest_route=\/wp\/v2\/posts\/3576","targetHints":{"allow":["GET"]}}],"collection":[{"href":"https:\/\/www.24baires.com\/index.php?rest_route=\/wp\/v2\/posts"}],"about":[{"href":"https:\/\/www.24baires.com\/index.php?rest_route=\/wp\/v2\/types\/post"}],"author":[{"embeddable":true,"href":"https:\/\/www.24baires.com\/index.php?rest_route=\/wp\/v2\/users\/11"}],"replies":[{"embeddable":true,"href":"https:\/\/www.24baires.com\/index.php?rest_route=%2Fwp%2Fv2%2Fcomments&post=3576"}],"version-history":[{"count":3,"href":"https:\/\/www.24baires.com\/index.php?rest_route=\/wp\/v2\/posts\/3576\/revisions"}],"predecessor-version":[{"id":3579,"href":"https:\/\/www.24baires.com\/index.php?rest_route=\/wp\/v2\/posts\/3576\/revisions\/3579"}],"wp:attachment":[{"href":"https:\/\/www.24baires.com\/index.php?rest_route=%2Fwp%2Fv2%2Fmedia&parent=3576"}],"wp:term":[{"taxonomy":"category","embeddable":true,"href":"https:\/\/www.24baires.com\/index.php?rest_route=%2Fwp%2Fv2%2Fcategories&post=3576"},{"taxonomy":"post_tag","embeddable":true,"href":"https:\/\/www.24baires.com\/index.php?rest_route=%2Fwp%2Fv2%2Ftags&post=3576"}],"curies":[{"name":"wp","href":"https:\/\/api.w.org\/{rel}","templated":true}]}}