{"id":3569,"date":"2012-10-28T18:56:51","date_gmt":"2012-10-28T21:56:51","guid":{"rendered":"http:\/\/www.24baires.com\/?p=3569"},"modified":"2013-04-18T18:25:39","modified_gmt":"2013-04-18T21:25:39","slug":"el-7d-no-habra-desinversion-sino-desconcentracion-empresaria","status":"publish","type":"post","link":"https:\/\/www.24baires.com\/?p=3569","title":{"rendered":"El 7D no habr\u00e1 desinversi\u00f3n, sino desconcentraci\u00f3n empresaria"},"content":{"rendered":"<p><img data-recalc-dims=\"1\" loading=\"lazy\" decoding=\"async\" class=\"aligncenter size-full wp-image-3570\" title=\"Lazzaro\" src=\"https:\/\/i0.wp.com\/www.24baires.com\/wp-content\/uploads\/2012\/10\/Lazzaro.jpg?resize=550%2C370\" alt=\"\" width=\"550\" height=\"370\" srcset=\"https:\/\/i0.wp.com\/www.24baires.com\/wp-content\/uploads\/2012\/10\/Lazzaro.jpg?w=550&amp;ssl=1 550w, https:\/\/i0.wp.com\/www.24baires.com\/wp-content\/uploads\/2012\/10\/Lazzaro.jpg?resize=300%2C201&amp;ssl=1 300w\" sizes=\"auto, (max-width: 550px) 100vw, 550px\" \/><\/p>\n<p><em>(Por Luis L\u00e1zzaro*)<\/em> Cuando se cumpla el plazo establecido por la Corte Suprema para finalizar la medida cautelar que protege los intereses de Grupo Clar\u00edn en materia audiovisual deber\u00e1 comenzar a desarmarse la concentraci\u00f3n monop\u00f3lica que dejaron los a\u00f1os del neoliberalismo cuando, en la d\u00e9cada de los 90, se permiti\u00f3 a los grupos medi\u00e1ticos convertirse en due\u00f1os de la opini\u00f3n p\u00fablica mediante la creaci\u00f3n de grupos econ\u00f3micos que convirtieron a los argentinos en rehenes de un sistema pago de acceso a la informaci\u00f3n y el entretenimiento.<!--more--><\/p>\n<p>No habr\u00e1 entonces desinversi\u00f3n, sino desconcentraci\u00f3n de la propiedad de los medios. Deber\u00e1 terminarse con la propiedad cruzada y con el abuso de posici\u00f3n dominante en los mercados. Algo que es moneda corriente en los pa\u00edses m\u00e1s desarrollados, no solo porque el monopolio elimina la competencia empresaria sino porque la propiedad simult\u00e1nea de peri\u00f3dicos, radios, plataformas de distribuci\u00f3n de contenidos y se\u00f1ales editoriales resultan perjudiciales para la pluralidad de voces en una democracia.<\/p>\n<p>Se trata de regulaciones habituales en pa\u00edses como Estados Unidos y Europa. Esas normas est\u00e1n citadas en la Ley 26.522, en las notas que incluye la Ley de Servicios de Comunicaci\u00f3n Audiovisual. Principios de diversidad que el Congreso sancion\u00f3 luego de un amplio proceso de debate y consulta popular en 2009, y que ahora est\u00e1n sobre la mesa de discusi\u00f3n a medida que se acerca el 7 de diciembre.<\/p>\n<p>Con las privatizaciones y la desregulaci\u00f3n de la etapa menemista se formaron multimedios y se concentr\u00f3 la propiedad de empresas de distribuci\u00f3n abierta y por cable. Argentina se convirti\u00f3 en el tercer pa\u00eds del mundo en penetraci\u00f3n de cable, con m\u00e1s del 80% de la poblaci\u00f3n abonada a los sistemas pagos de acceso a la televisi\u00f3n. La concentraci\u00f3n hizo desaparecer a la mitad de las 1.500 empresas independientes que exist\u00edan a comienzos de los 90. Ese proceso arroj\u00f3 a miles de empleados a la calle \u2013por aplicaci\u00f3n del principio de sinergia empresaria en la administraci\u00f3n y en la gesti\u00f3n del canal propio obligatorio- y tambi\u00e9n fue perjudicial para los usuarios, prisioneros de un sistema de prestador \u00fanico con nombres diversos pero con facturaci\u00f3n unificada, sin competencia en los precios y discrecionalidad en la grilla de contenidos.<\/p>\n<p>El holding Noble-Magnetto fue parte del festival financiero que endeud\u00f3 a la Argentina en ese per\u00edodo y debi\u00f3 ser rescatado de manos de los acreedores. Con 22 pedidos de quiebra y deudas por 1.000 millones de d\u00f3lares, el Grupo admit\u00eda en febrero de 2002 estar al borde de la bancarrota, mientras procuraba \u201cprotecci\u00f3n judicial en un concurso preventivo\u201d. El 60 por ciento de la deuda correspond\u00eda a financiamiento externo. La reforma de la ley de quiebras, los decretos orientados a compensar deudas privadas con el Estado mediante acciones o bonos, (originalmente deudores de alto riesgo y luego para todos), la pesificaci\u00f3n asim\u00e9trica, y finalmente la denominada ley de industrias culturales (para impedir que los acreedores externos tomaran m\u00e1s del 30% de las acciones de la empresa) constituyeron un conjunto de medidas pol\u00edticas y econ\u00f3micas orientadas a salvar \u2013entre otros- a Clar\u00edn del naufragio mediante la protecci\u00f3n del Estado y la licuaci\u00f3n de pasivos.<\/p>\n<p>El grupo estableci\u00f3 la agenda neoliberal y privatista de los 90 y luego reclam\u00f3 la protecci\u00f3n del Estado para continuar con sus negocios. Ello no le impidi\u00f3 ocultar la responsabilidad de los agentes financieros y corporativos en la grav\u00edsima crisis econ\u00f3mica e institucional de la Argentina en 2001.<\/p>\n<p>En el camino de la normalizaci\u00f3n, el crecimiento, la inclusi\u00f3n y el respeto a los derechos humanos que N\u00e9stor Kirchner instaur\u00f3 a partir de 2003, Clar\u00edn continu\u00f3 su proceso de concentraci\u00f3n. Se benefici\u00f3 con la pr\u00f3rroga por diez a\u00f1os de las licencias y pretendi\u00f3 el monopolio casi total del mercado de cable con la fusi\u00f3n de Cablevisi\u00f3n y Multicanal en una sola compa\u00f1\u00eda. A\u00fan as\u00ed, no dud\u00f3 en plegarse a la movida desestabilizadora de los exportadores cerealeros y del establishment econ\u00f3mico en 2008 contra Cristina Fern\u00e1ndez de Kirchner. Desde entonces, los intentos por interrumpir la consolidaci\u00f3n de un proyecto democr\u00e1tico que atienda los intereses de las mayor\u00edas antes que a las corporaciones ha sido una constante.<\/p>\n<p>Clar\u00edn despreci\u00f3 la capacidad de movilizaci\u00f3n popular que articul\u00f3 a la Coalici\u00f3n por una Radiodifusi\u00f3n Democr\u00e1tica \u2013creadora de los 21 puntos- y la capacidad del gobierno popular de Cristina para tomar la comunicaci\u00f3n en la agenda del gobierno. Crey\u00f3 que podr\u00eda evitar \u2013como tantas veces desde 1983- que la pol\u00edtica fijara las reglas de juego. Y se equivoc\u00f3. El \u00faltimo manotazo ha sido la presi\u00f3n sobre los jueces para eludir la plena aplicaci\u00f3n de la ley de medios.<\/p>\n<p>Lo que se examina aqu\u00ed entonces no es solo la posici\u00f3n dominante en el mercado de un grupo que controla casi 500 empresas proveedoras de servicios m\u00faltiples (sobre 24 autorizadas por ley) con monopolio exclusivo en buena parte de las grandes ciudades y de la gesti\u00f3n simult\u00e1nea de canales abiertos y de cable. Se trata tambi\u00e9n de c\u00f3mo fue posible ese proceso. La cuesti\u00f3n de fondo aqu\u00ed no es la econom\u00eda; es el derecho a no ser silenciados o manipulados por los due\u00f1os de las plataformas multimedia. Al igual que las regulaciones en Estados Unidos o Europa, la Ley 26.522 no considera la informaci\u00f3n y el acceso a bienes culturales como una simple transacci\u00f3n comercial.<\/p>\n<p>Lo que se juega entonces el 7D es el fin de un modelo. Es volver atr\u00e1s la p\u00e1gina de la concentraci\u00f3n neoliberal de los a\u00f1os 90, al calor de las recetas del FMI y del consenso de Washington, y recuperar la capacidad de las mayor\u00edas populares, con las herramientas pol\u00edticas de la democracia para gestionar el inter\u00e9s p\u00fablico. La adecuaci\u00f3n a la ley entonces no es desinversi\u00f3n; es la desconcentraci\u00f3n de un modelo econ\u00f3mico y pol\u00edtico; es la posibilidad de crecer sin tutelas ni gendarmer\u00edas de los poderes de las minor\u00edas.<\/p>\n<p>&nbsp;<\/p>\n","protected":false},"excerpt":{"rendered":"<p>(Por Luis L\u00e1zzaro*) Cuando se cumpla el plazo establecido por la Corte Suprema para finalizar la medida cautelar que protege los intereses de Grupo Clar\u00edn en materia audiovisual deber\u00e1 comenzar a desarmarse la concentraci\u00f3n monop\u00f3lica que dejaron los a\u00f1os del neoliberalismo cuando, en la d\u00e9cada de los 90, se permiti\u00f3 a los grupos medi\u00e1ticos convertirse en due\u00f1os de la opini\u00f3n [&#8230;]<\/p>\n","protected":false},"author":11,"featured_media":0,"comment_status":"open","ping_status":"open","sticky":false,"template":"","format":"standard","meta":{"_jetpack_newsletter_access":"","_jetpack_dont_email_post_to_subs":false,"_jetpack_newsletter_tier_id":0,"_jetpack_memberships_contains_paywalled_content":false,"_jetpack_memberships_contains_paid_content":false,"footnotes":""},"categories":[64],"tags":[],"class_list":["post-3569","post","type-post","status-publish","format-standard","hentry","category-opinion"],"jetpack_featured_media_url":"","jetpack_shortlink":"https:\/\/wp.me\/p2JWE0-Vz","jetpack-related-posts":[{"id":21371,"url":"https:\/\/www.24baires.com\/?p=21371","url_meta":{"origin":3569,"position":0},"title":"Ni los Monopolios con esta Justicia son iguales ante la Ley","author":"Grupo Sierra","date":"18\/04\/2013","format":false,"excerpt":"Empecemos con una pregunta ineludible: \u00bfCu\u00e1l es la esencia de la Ley de Medios? Y no caigamos en la chicana corta de responder \u201cquerer voltear a Clar\u00edn\u201d, que seguramente es lo que moviliz\u00f3 la militancia de unos cuantos, m\u00e1s all\u00e1 del esp\u00edritu democr\u00e1tico del proyecto. Nos preguntamos cu\u00e1l es el\u2026","rel":"","context":"En \u00abOpini\u00f3n\u00bb","block_context":{"text":"Opini\u00f3n","link":"https:\/\/www.24baires.com\/?cat=64"},"img":{"alt_text":"tribunales","src":"https:\/\/i0.wp.com\/www.24baires.com\/wp-content\/uploads\/2012\/11\/tribunales.jpg?resize=350%2C200","width":350,"height":200,"srcset":"https:\/\/i0.wp.com\/www.24baires.com\/wp-content\/uploads\/2012\/11\/tribunales.jpg?resize=350%2C200 1x, https:\/\/i0.wp.com\/www.24baires.com\/wp-content\/uploads\/2012\/11\/tribunales.jpg?resize=525%2C300 1.5x"},"classes":[]},{"id":46502,"url":"https:\/\/www.24baires.com\/?p=46502","url_meta":{"origin":3569,"position":1},"title":"\u00abEstamos estudiando que no haya v\u00ednculo societario entre las unidades en que se dividi\u00f3 Clar\u00edn\u00bb","author":"AF","date":"22\/05\/2014","format":false,"excerpt":"El titular de la Autoridad Federal de Servicios de Comunicaci\u00f3n Audiovisual (Afsca), Mart\u00edn Sabbatella, asegur\u00f3 que el organismo estudia el plan de adecuaci\u00f3n presentado por el Grupo Clar\u00edn para verificar que \"no haya v\u00ednculo societario\" entre las diferentes unidades empresariales que debieron conformarse en cumplimiento de la Ley de Medios.\u2026","rel":"","context":"En \u00abMedios\u00bb","block_context":{"text":"Medios","link":"https:\/\/www.24baires.com\/?cat=54"},"img":{"alt_text":"sabbatella","src":"https:\/\/i0.wp.com\/www.24baires.com\/wp-content\/uploads\/2012\/09\/sabbatella.jpg?resize=350%2C200","width":350,"height":200,"srcset":"https:\/\/i0.wp.com\/www.24baires.com\/wp-content\/uploads\/2012\/09\/sabbatella.jpg?resize=350%2C200 1x, https:\/\/i0.wp.com\/www.24baires.com\/wp-content\/uploads\/2012\/09\/sabbatella.jpg?resize=525%2C300 1.5x"},"classes":[]},{"id":40649,"url":"https:\/\/www.24baires.com\/?p=40649","url_meta":{"origin":3569,"position":2},"title":"Con la Ley o sin ella, todo sigue igual en los medios de Mar del Plata","author":"Grupo Sierra","date":"18\/02\/2014","format":false,"excerpt":"MAR DEL PLATA- Durante la jornada de este lunes, la Autoridad Federal de Servicios de Comunicaci\u00f3n Audiovisual (Afsca) aprob\u00f3 el plan de readecuaci\u00f3n propuesto por el Multimedios La Capital, propiedad de Florencio Aldrey Iglesias. En resumen, todo sigue igual: las licencias excedentes se repartieron entre amigos, familiares y empleados. La\u2026","rel":"","context":"En \u00abLocales\u00bb","block_context":{"text":"Locales","link":"https:\/\/www.24baires.com\/?cat=38"},"img":{"alt_text":"Aldrey 1","src":"https:\/\/i0.wp.com\/www.24baires.com\/wp-content\/uploads\/2014\/02\/Aldrey-1.jpg?resize=350%2C200","width":350,"height":200,"srcset":"https:\/\/i0.wp.com\/www.24baires.com\/wp-content\/uploads\/2014\/02\/Aldrey-1.jpg?resize=350%2C200 1x, https:\/\/i0.wp.com\/www.24baires.com\/wp-content\/uploads\/2014\/02\/Aldrey-1.jpg?resize=525%2C300 1.5x"},"classes":[]},{"id":108336,"url":"https:\/\/www.24baires.com\/?p=108336","url_meta":{"origin":3569,"position":3},"title":"Cient\u00edficos del CONICET se reunieron y reclamaron una soluci\u00f3n urgente para el sector","author":"AF","date":"22\/05\/2019","format":false,"excerpt":"La comunidad cient\u00edfica se reuni\u00f3 en \"cabildo abierto\" con el objetivo visibilizar y denunciar la situaci\u00f3n que atraviesa el sector. Advirtieron que el refuerzo presupuestario es insuficiente frente a la magnitud de la crisis generada por las pol\u00edticas de desinversi\u00f3n del macrismo, y desafiaron a \u201dlas autoridades a dar un\u2026","rel":"","context":"En \u00abSociedad\u00bb","block_context":{"text":"Sociedad","link":"https:\/\/www.24baires.com\/?cat=1"},"img":{"alt_text":"","src":"https:\/\/i0.wp.com\/www.24baires.com\/wp-content\/uploads\/2019\/05\/despidos-en-ciencia.jpg?resize=350%2C200","width":350,"height":200,"srcset":"https:\/\/i0.wp.com\/www.24baires.com\/wp-content\/uploads\/2019\/05\/despidos-en-ciencia.jpg?resize=350%2C200 1x, https:\/\/i0.wp.com\/www.24baires.com\/wp-content\/uploads\/2019\/05\/despidos-en-ciencia.jpg?resize=525%2C300 1.5x"},"classes":[]},{"id":21263,"url":"https:\/\/www.24baires.com\/?p=21263","url_meta":{"origin":3569,"position":4},"title":"Ley de medios: para la C\u00e1mara Federal dos art\u00edculos son constitucionales y dos no","author":"Grupo Sierra","date":"17\/04\/2013","format":false,"excerpt":"Los camaristas dictaron como constitucionales los art\u00edculos 161 (desinversi\u00f3n) y el 41. Y declararon que parte del art\u00edculo 45 (cantidad de licencias) y el 48 son inconstitucionales. El pr\u00f3ximo y \u00faltimo paso ser\u00e1 la Corte Suprema de la Naci\u00f3n. El juez de primera instancia y el fiscal a cargo se\u2026","rel":"","context":"En \u00abMedios\u00bb","block_context":{"text":"Medios","link":"https:\/\/www.24baires.com\/?cat=54"},"img":{"alt_text":"","src":"","width":0,"height":0},"classes":[]},{"id":34354,"url":"https:\/\/www.24baires.com\/?p=34354","url_meta":{"origin":3569,"position":5},"title":"Bolsa de Londres: las acciones de Clar\u00edn caen casi un 50%","author":"AF","date":"30\/10\/2013","format":false,"excerpt":"Las acciones del Grupo Clar\u00edn que operan en la Bolsa de Comercio de Londres se desplomaban hoy 47,37 por ciento, al promediar la rueda en esta plaza burs\u00e1til. En tanto, la empresa ratific\u00f3 que apelar\u00e1 ante tribunales internacionales. Las acciones de Clar\u00edn cotizaban a 2,50 d\u00f3lares y acumulaban as\u00ed un\u2026","rel":"","context":"En \u00abMedios\u00bb","block_context":{"text":"Medios","link":"https:\/\/www.24baires.com\/?cat=54"},"img":{"alt_text":"bolsa londres","src":"https:\/\/i0.wp.com\/www.24baires.com\/wp-content\/uploads\/2013\/10\/bolsa-londres.jpg?resize=350%2C200","width":350,"height":200},"classes":[]}],"jetpack_sharing_enabled":true,"jetpack_likes_enabled":true,"_links":{"self":[{"href":"https:\/\/www.24baires.com\/index.php?rest_route=\/wp\/v2\/posts\/3569","targetHints":{"allow":["GET"]}}],"collection":[{"href":"https:\/\/www.24baires.com\/index.php?rest_route=\/wp\/v2\/posts"}],"about":[{"href":"https:\/\/www.24baires.com\/index.php?rest_route=\/wp\/v2\/types\/post"}],"author":[{"embeddable":true,"href":"https:\/\/www.24baires.com\/index.php?rest_route=\/wp\/v2\/users\/11"}],"replies":[{"embeddable":true,"href":"https:\/\/www.24baires.com\/index.php?rest_route=%2Fwp%2Fv2%2Fcomments&post=3569"}],"version-history":[{"count":3,"href":"https:\/\/www.24baires.com\/index.php?rest_route=\/wp\/v2\/posts\/3569\/revisions"}],"predecessor-version":[{"id":3574,"href":"https:\/\/www.24baires.com\/index.php?rest_route=\/wp\/v2\/posts\/3569\/revisions\/3574"}],"wp:attachment":[{"href":"https:\/\/www.24baires.com\/index.php?rest_route=%2Fwp%2Fv2%2Fmedia&parent=3569"}],"wp:term":[{"taxonomy":"category","embeddable":true,"href":"https:\/\/www.24baires.com\/index.php?rest_route=%2Fwp%2Fv2%2Fcategories&post=3569"},{"taxonomy":"post_tag","embeddable":true,"href":"https:\/\/www.24baires.com\/index.php?rest_route=%2Fwp%2Fv2%2Ftags&post=3569"}],"curies":[{"name":"wp","href":"https:\/\/api.w.org\/{rel}","templated":true}]}}