{"id":35640,"date":"2013-11-23T17:00:09","date_gmt":"2013-11-23T20:00:09","guid":{"rendered":"http:\/\/www.24baires.com\/?p=35640"},"modified":"2013-11-23T12:22:41","modified_gmt":"2013-11-23T15:22:41","slug":"racistas-2x1","status":"publish","type":"post","link":"https:\/\/www.24baires.com\/?p=35640","title":{"rendered":"Racistas 2&#215;1"},"content":{"rendered":"<p><img data-recalc-dims=\"1\" loading=\"lazy\" decoding=\"async\" class=\"aligncenter size-full wp-image-35641\" alt=\"morochas 2 x1 1\" src=\"https:\/\/i0.wp.com\/www.24baires.com\/wp-content\/uploads\/2013\/11\/morochas-2-x1-1.jpg?resize=560%2C419\" width=\"560\" height=\"419\" srcset=\"https:\/\/i0.wp.com\/www.24baires.com\/wp-content\/uploads\/2013\/11\/morochas-2-x1-1.jpg?w=560&amp;ssl=1 560w, https:\/\/i0.wp.com\/www.24baires.com\/wp-content\/uploads\/2013\/11\/morochas-2-x1-1.jpg?resize=300%2C224&amp;ssl=1 300w\" sizes=\"auto, (max-width: 560px) 100vw, 560px\" \/>Sucedi\u00f3 en la provincia de Entre R\u00edos, y aunque nos queda a unos cuantos kil\u00f3metros de Buenos Aires, la situaci\u00f3n que all\u00ed se vivi\u00f3 se da aqu\u00ed y en todas partes: la discriminaci\u00f3n como herramienta de marketing. \u201cMujeres de Fiesta. Morochas 2\u00d71. Rubias Free\u201d, rezaba la publicidad del boliche El Templo D-Raku, de la ciudad de Nogoy\u00e1.<!--more--><\/p>\n<p>La delegaci\u00f3n del Instituto Nacional contra la Discriminaci\u00f3n, la Xenofobia y el Racismo (INADI) de esa provincia, los acus\u00f3 de incurrir en \u201cpr\u00e1cticas discriminatorias\u201d al promocionar una fiesta en la que se condicionaba el ingreso de mujeres y advirti\u00f3 \u201csobre la naturalizaci\u00f3n de pr\u00e1cticas sociales discriminatorias que estereotipan a cualquier grupo humano por caracter\u00edsticas reales o imaginarias, sean estas del tipo que fueran, sean estas positiva o negativas\u201d.<br \/>\nParece que, mediante una cuenta de Facebook, los propietarios del bailable intentaron una disculpa que se fundamentaba en que, al final, a las morochas adentro no se les cobraban los tragos. Y en esa defensa no s\u00f3lo no asumen el error al fomentar esa pr\u00e1ctica discriminatoria al diferenciar por el color de pelo y\/o piel a las mujeres que asisten a su establecimiento, sino que lo justifican y hasta lo ponderan.<br \/>\nEsta mirada peligrosa por parte de los due\u00f1os del boliche es algo que tiende a instalarse en las publicidades y el marketing en nuestro pa\u00eds: mujeres rubias tontas, s\u00f3lo mujeres usando productos de limpieza, mujeres objeto, gordos lentos y dem\u00e1s estereotipos negativos que se\u00f1alar caracter\u00edsticas f\u00edsicas y se valen de esos prejuicios para incentivar el consumo. \u201cToda pr\u00e1ctica discriminatoria es violenta, a\u00fan las actitudes que podr\u00edan parecer leves, como ciertas generalizaciones estereotipantes con respectos a las mujeres, dado que si no se cambia ese modo de pensar, lo que se logra es quitarle al discriminando su car\u00e1cter de persona\u201d, explican el INADI en su comunicado donde hace referencia este episodio.<br \/>\nNada de esto es nuevo. Son pr\u00e1cticas que se reiteran, es s\u00f3lo que a veces nos enteramos y otras no. Las m\u00e1s peque\u00f1as, las de todos los d\u00edas, las individuales, esas pasas desapercibidas, como cuando a un chico lo para un patovica en la puerta del boliche por no dar con los \u201cpar\u00e1metros de belleza del establecimiento\u201d, o por el tipo de ropa que usa, y all\u00ed no importa si pod\u00eda o no pagar la entrada.<br \/>\nMientras hagamos un culto a la superficialidad, siendo lo m\u00e1s importante el c\u00f3mo lucimos por fuera y no c\u00f3mo nos sentimos o c\u00f3mo somos por dentro, mientras permitamos que desde los conglomerados econ\u00f3micos de las grandes marcas se abusen de nosotros y nos riamos con sus publicidades y pasemos por alto los terribles grados de discriminaci\u00f3n y violencia a la que nos someten, esto seguir\u00e1 sucediendo. Y ponemos aqu\u00ed algunos ejemplos para ilustrar lo anteriormente dicho: AXE, donde todas las mujeres son tan tontas que caen bajo el embrujo del perfume del hombre y se convierten en sus esclavas; Mr. M\u00fasculo, donde la mujer sola no puede limpiar ni un piso hasta que llega el hombre de fuertes brazos y le explica como se hace y ella le agradece a los gritos; Cerveza Schneider, donde un chico quiere meter por la fuerza una chica a un hotel alojamiento mientras ella se niega y el locutor, que viene disculp\u00e1ndose por la \u2018inmadurez del hombre\u2019, dice \u201cperd\u00f3n por pensar que un no es un s\u00ed\u201d; Renault Clio, donde un muchacho flaco y atractivo deja que lo pase en la ruta otro menos agraciado y la leyenda del final de la publicidad es \u201chac\u00e9 feliz al gordo\u201d. Ejemplos, pocos, lamentablemente hay docenas m\u00e1s.<\/p>\n","protected":false},"excerpt":{"rendered":"<p>Sucedi\u00f3 en la provincia de Entre R\u00edos, y aunque nos queda a unos cuantos kil\u00f3metros de Buenos Aires, la situaci\u00f3n que all\u00ed se vivi\u00f3 se da aqu\u00ed y en todas partes: la discriminaci\u00f3n como herramienta de marketing. \u201cMujeres de Fiesta. Morochas 2\u00d71. Rubias Free\u201d, rezaba la publicidad del boliche El Templo D-Raku, de la ciudad de Nogoy\u00e1.<\/p>\n","protected":false},"author":4,"featured_media":0,"comment_status":"open","ping_status":"open","sticky":false,"template":"","format":"standard","meta":{"_jetpack_newsletter_access":"","_jetpack_dont_email_post_to_subs":false,"_jetpack_newsletter_tier_id":0,"_jetpack_memberships_contains_paywalled_content":false,"_jetpack_memberships_contains_paid_content":false,"footnotes":""},"categories":[64],"tags":[],"class_list":["post-35640","post","type-post","status-publish","format-standard","hentry","category-opinion"],"jetpack_featured_media_url":"","jetpack_shortlink":"https:\/\/wp.me\/p2JWE0-9gQ","jetpack-related-posts":[{"id":108502,"url":"https:\/\/www.24baires.com\/?p=108502","url_meta":{"origin":35640,"position":0},"title":"Presentan medidas cautelares por violencia y discriminaci\u00f3n hacia el colectivo trans en c\u00e1rceles","author":"GB","date":"31\/05\/2019","format":false,"excerpt":"La Comisi\u00f3n Interamericana de Derechos Humanos recibi\u00f3 la presentaci\u00f3n que revela el estado de vulnerabilidad que presentan las personas con identidades de g\u00e9nero no binarias. La Comisi\u00f3n Provincial por la Memoria (CPM) present\u00f3 ante la Comisi\u00f3n Interamericana de Derechos Humanos (CIDH) una medida cautelar por la desatenci\u00f3n sanitaria que padece\u2026","rel":"","context":"En \u00abProvincia\u00bb","block_context":{"text":"Provincia","link":"https:\/\/www.24baires.com\/?cat=40"},"img":{"alt_text":"","src":"https:\/\/i0.wp.com\/www.24baires.com\/wp-content\/uploads\/2018\/04\/c%C3%A1rcel-virrey-del-pino.jpg?resize=350%2C200","width":350,"height":200,"srcset":"https:\/\/i0.wp.com\/www.24baires.com\/wp-content\/uploads\/2018\/04\/c%C3%A1rcel-virrey-del-pino.jpg?resize=350%2C200 1x, https:\/\/i0.wp.com\/www.24baires.com\/wp-content\/uploads\/2018\/04\/c%C3%A1rcel-virrey-del-pino.jpg?resize=525%2C300 1.5x"},"classes":[]},{"id":23011,"url":"https:\/\/www.24baires.com\/?p=23011","url_meta":{"origin":35640,"position":1},"title":"El Inadi advierte sobre hechos discriminatorios durante el Supercl\u00e1sico Boca-River","author":"AF","date":"08\/05\/2013","format":false,"excerpt":"El Observatorio de la Discriminaci\u00f3n en el f\u00fatbol del Instituto Nacional contra la Discriminaci\u00f3n (INADI) advirti\u00f3 acerca de ciertas conductas que se repitieron el domingo en el supercl\u00e1sico entre Boca y River que \"violaron los conceptos que apuntan a lograr un f\u00fatbol sin violencia\". En un comunicado, el interventor del\u2026","rel":"","context":"En \u00abSociedad\u00bb","block_context":{"text":"Sociedad","link":"https:\/\/www.24baires.com\/?cat=1"},"img":{"alt_text":"","src":"","width":0,"height":0},"classes":[]},{"id":57178,"url":"https:\/\/www.24baires.com\/?p=57178","url_meta":{"origin":35640,"position":2},"title":"Piden \u00abigualdad real\u00bb en la diversidad sexual con la ley antidiscriminaci\u00f3n","author":"AF","date":"15\/11\/2014","format":false,"excerpt":"La lucha por mayor \"igualdad real\" que consolide el respeto social ganado para la diversidad sexual y un Estado laico convoc\u00f3 a organizaciones de la \"Federaci\u00f3n argentina de lesbianas, gays, bisexuales y trans\" a la XXIII Marcha del Orgullo, desde Plaza de Mayo hasta Congreso. \"La ley anti discriminatoria actual\u2026","rel":"","context":"En \u00abSociedad\u00bb","block_context":{"text":"Sociedad","link":"https:\/\/www.24baires.com\/?cat=1"},"img":{"alt_text":"","src":"","width":0,"height":0},"classes":[]},{"id":66434,"url":"https:\/\/www.24baires.com\/?p=66434","url_meta":{"origin":35640,"position":3},"title":"Buscan eliminar por ley los concursos de belleza en la Provincia","author":"GB","date":"23\/05\/2015","format":false,"excerpt":"Buscan eliminar por ley los concursos de belleza en la provincia de Buenos Aires Se trata de una iniciativa de las diputadas por el Frente para la Victoria Mar\u00eda Alejandra Mart\u00ednez y Viviana Nocito, quienes pretenden trasladar al \u00e1mbito de todo el territorio bonaerense una medida similar implementada en el\u2026","rel":"","context":"En \u00abSociedad\u00bb","block_context":{"text":"Sociedad","link":"https:\/\/www.24baires.com\/?cat=1"},"img":{"alt_text":"concurso belleza","src":"https:\/\/i0.wp.com\/www.24baires.com\/wp-content\/uploads\/2014\/04\/concurso-belleza.jpg?resize=350%2C200","width":350,"height":200,"srcset":"https:\/\/i0.wp.com\/www.24baires.com\/wp-content\/uploads\/2014\/04\/concurso-belleza.jpg?resize=350%2C200 1x, https:\/\/i0.wp.com\/www.24baires.com\/wp-content\/uploads\/2014\/04\/concurso-belleza.jpg?resize=525%2C300 1.5x"},"classes":[]},{"id":103811,"url":"https:\/\/www.24baires.com\/?p=103811","url_meta":{"origin":35640,"position":4},"title":"\u201cEl Senado le fall\u00f3 a toda una regi\u00f3n\u201d","author":"AF","date":"10\/08\/2018","format":false,"excerpt":"Expertas en derechos humanos de la ONU \"lamentaron profundamente\" que el Senado argentino rechazara el proyecto de ley que habr\u00eda legalizado el aborto hasta las 14 semanas, decisi\u00f3n que calificaron \"como una oportunidad perdida\" para promover los derechos de las mujeres, en un comunicado fechado en Ginebra y difundido ayer.\u2026","rel":"","context":"En \u00abSociedad\u00bb","block_context":{"text":"Sociedad","link":"https:\/\/www.24baires.com\/?cat=1"},"img":{"alt_text":"","src":"https:\/\/i0.wp.com\/www.24baires.com\/wp-content\/uploads\/2018\/08\/senado-aborto.jpg?resize=350%2C200","width":350,"height":200,"srcset":"https:\/\/i0.wp.com\/www.24baires.com\/wp-content\/uploads\/2018\/08\/senado-aborto.jpg?resize=350%2C200 1x, https:\/\/i0.wp.com\/www.24baires.com\/wp-content\/uploads\/2018\/08\/senado-aborto.jpg?resize=525%2C300 1.5x"},"classes":[]},{"id":8307,"url":"https:\/\/www.24baires.com\/?p=8307","url_meta":{"origin":35640,"position":5},"title":"Cynthia Ottaviano se reuni\u00f3 con el Interventor del INADI, Pedro Mouratian","author":"Grupo Sierra","date":"07\/12\/2012","format":false,"excerpt":"En la reuni\u00f3n acordaron acciones en conjunto entre el Instituto Nacional Contra la Discriminaci\u00f3n, la Xenofobia y el Racismo (INADI) y \u00a0Ottaviano,\u00a0flamante Defensor\u00eda del P\u00fablico de Servicios de Comunicaci\u00f3n Audiovisual La Defensora del P\u00fablico Cynthia Ottaviano se reuni\u00f3 hoy con el Interventor del INADI, Pedro Mouratian. Durante el encuentro se\u2026","rel":"","context":"En \u00abMedios\u00bb","block_context":{"text":"Medios","link":"https:\/\/www.24baires.com\/?cat=54"},"img":{"alt_text":"","src":"","width":0,"height":0},"classes":[]}],"jetpack_sharing_enabled":true,"jetpack_likes_enabled":true,"_links":{"self":[{"href":"https:\/\/www.24baires.com\/index.php?rest_route=\/wp\/v2\/posts\/35640","targetHints":{"allow":["GET"]}}],"collection":[{"href":"https:\/\/www.24baires.com\/index.php?rest_route=\/wp\/v2\/posts"}],"about":[{"href":"https:\/\/www.24baires.com\/index.php?rest_route=\/wp\/v2\/types\/post"}],"author":[{"embeddable":true,"href":"https:\/\/www.24baires.com\/index.php?rest_route=\/wp\/v2\/users\/4"}],"replies":[{"embeddable":true,"href":"https:\/\/www.24baires.com\/index.php?rest_route=%2Fwp%2Fv2%2Fcomments&post=35640"}],"version-history":[{"count":1,"href":"https:\/\/www.24baires.com\/index.php?rest_route=\/wp\/v2\/posts\/35640\/revisions"}],"predecessor-version":[{"id":35642,"href":"https:\/\/www.24baires.com\/index.php?rest_route=\/wp\/v2\/posts\/35640\/revisions\/35642"}],"wp:attachment":[{"href":"https:\/\/www.24baires.com\/index.php?rest_route=%2Fwp%2Fv2%2Fmedia&parent=35640"}],"wp:term":[{"taxonomy":"category","embeddable":true,"href":"https:\/\/www.24baires.com\/index.php?rest_route=%2Fwp%2Fv2%2Fcategories&post=35640"},{"taxonomy":"post_tag","embeddable":true,"href":"https:\/\/www.24baires.com\/index.php?rest_route=%2Fwp%2Fv2%2Ftags&post=35640"}],"curies":[{"name":"wp","href":"https:\/\/api.w.org\/{rel}","templated":true}]}}