{"id":3564,"date":"2012-10-28T18:42:00","date_gmt":"2012-10-28T21:42:00","guid":{"rendered":"http:\/\/www.24baires.com\/?p=3564"},"modified":"2012-10-28T18:42:00","modified_gmt":"2012-10-28T21:42:00","slug":"este-lunes-baltasar-garzon-disertara-en-la-universidad-nacional-de-avellaneda","status":"publish","type":"post","link":"https:\/\/www.24baires.com\/?p=3564","title":{"rendered":"Este lunes Baltasar Garz\u00f3n disertar\u00e1 en la Universidad Nacional de Avellaneda"},"content":{"rendered":"<p><img data-recalc-dims=\"1\" loading=\"lazy\" decoding=\"async\" class=\"aligncenter size-full wp-image-3565\" title=\"garzon avellaneda\" src=\"https:\/\/i0.wp.com\/www.24baires.com\/wp-content\/uploads\/2012\/10\/garzon-avellaneda.jpg?resize=560%2C420\" alt=\"\" width=\"560\" height=\"420\" srcset=\"https:\/\/i0.wp.com\/www.24baires.com\/wp-content\/uploads\/2012\/10\/garzon-avellaneda.jpg?w=560&amp;ssl=1 560w, https:\/\/i0.wp.com\/www.24baires.com\/wp-content\/uploads\/2012\/10\/garzon-avellaneda.jpg?resize=300%2C225&amp;ssl=1 300w\" sizes=\"auto, (max-width: 560px) 100vw, 560px\" \/><\/p>\n<p>El actual Consultor externo de la Fiscal\u00eda de la Corte Penal Internacional en La Haya brindar\u00e1 una conferencia este lunes 29 de octubre a las 16 horas en la sede universitaria de Espa\u00f1a 350 de Avellaneda.<!--more--><br \/>\nEl ex magistrado espa\u00f1ol y actual asesor del Tribunal Penal Internacional de La Haya, Dr. Baltasar Garz\u00f3n, disertar\u00e1 en la Universidad Nacional de Avellaneda sobre Derechos Humanos en Argentina: proceso de Memoria, Verdad y Justicia. El encuentro se llevar\u00e1 a cabo el lunes 29 de octubre a las 16 horas, en la Casa del Bicentenario, sita en Col\u00f3n y Berutti, Avellaneda.<br \/>\nBaltasar Garz\u00f3n, Dr. Honoris Causa en m\u00e1s de 20 universidades de todo el mundo y ex Juez Central de Instrucci\u00f3n n\u00ba 5 de la Audiencia Nacional en Madrid, Espa\u00f1a, se ha destacado por su lucha a favor de los Derechos Humanos y ha llevado adelante investigaciones de delitos de genocidio, tortura, terrorismo y otros cr\u00edmenes internacionales.<br \/>\nActualmente, se desempe\u00f1a como Consultor externo de la Fiscal\u00eda de la Corte Penal Internacional en La Haya y Consultor externo de la Misi\u00f3n de Apoyo al Proceso de Paz de la OEA en Colombia.<br \/>\nEl encuentro es organizado en forma conjunta por la Universidad Nacional de Avellaneda y la Universidad Nacional de Cuyo, en donde el martes 30 de octubre a las 20 horas Baltazar Garz\u00f3n recibir\u00e1 un Doctorado Honoris Causa.<\/p>\n","protected":false},"excerpt":{"rendered":"<p>El actual Consultor externo de la Fiscal\u00eda de la Corte Penal Internacional en La Haya brindar\u00e1 una conferencia este lunes 29 de octubre a las 16 horas en la sede universitaria de Espa\u00f1a 350 de Avellaneda.<\/p>\n","protected":false},"author":11,"featured_media":0,"comment_status":"open","ping_status":"open","sticky":false,"template":"","format":"standard","meta":{"_jetpack_newsletter_access":"","_jetpack_dont_email_post_to_subs":false,"_jetpack_newsletter_tier_id":0,"_jetpack_memberships_contains_paywalled_content":false,"_jetpack_memberships_contains_paid_content":false,"footnotes":""},"categories":[51],"tags":[],"class_list":["post-3564","post","type-post","status-publish","format-standard","hentry","category-politica"],"jetpack_featured_media_url":"","jetpack_shortlink":"https:\/\/wp.me\/p2JWE0-Vu","jetpack-related-posts":[{"id":3041,"url":"https:\/\/www.24baires.com\/?p=3041","url_meta":{"origin":3564,"position":0},"title":"Baltasar Garz\u00f3n dar\u00e1 &#8216;c\u00e1tedra&#8217; en Avellaneda la semana pr\u00f3xima","author":"AF","date":"23\/10\/2012","format":false,"excerpt":"El ex magistrado espa\u00f1ol y actual asesor del Tribunal Penal Internacional de La Haya, Dr. Baltasar Garz\u00f3n, disertar\u00e1 en la Universidad Nacional de Avellaneda sobre Derechos Humanos en Argentina: proceso de Memoria, Verdad y Justicia. El encuentro se llevar\u00e1 a cabo el lunes 29 de octubre a las 16 horas,\u2026","rel":"","context":"En \u00abMemoria\u00bb","block_context":{"text":"Memoria","link":"https:\/\/www.24baires.com\/?cat=50"},"img":{"alt_text":"","src":"","width":0,"height":0},"classes":[]},{"id":33352,"url":"https:\/\/www.24baires.com\/?p=33352","url_meta":{"origin":3564,"position":1},"title":"El 16 de octubre visitar\u00e1 Mar del Plata el juez Baltasar Garz\u00f3n","author":"GB","date":"10\/10\/2013","format":false,"excerpt":"El reconocido juez espa\u00f1ol ser\u00e1 reconocido por el Concejo Deliberante como \u201cVisitante Notable\u201d. Adem\u00e1s brindar\u00e1 una charla para el p\u00fablico en general en el Asilo Unzu\u00e9. La concejal Ver\u00f3nica Beresiarte present\u00f3 meses atr\u00e1s un proyecto para declarar al doctor Baltasar Garz\u00f3n como Visitante Notable en su lucha por imponer el\u2026","rel":"","context":"En \u00abLocales\u00bb","block_context":{"text":"Locales","link":"https:\/\/www.24baires.com\/?cat=38"},"img":{"alt_text":"","src":"","width":0,"height":0},"classes":[]},{"id":33646,"url":"https:\/\/www.24baires.com\/?p=33646","url_meta":{"origin":3564,"position":2},"title":"Baltazar Garz\u00f3n fue reconocido como \u00abvisitante ilustre\u00bb","author":"GB","date":"16\/10\/2013","format":false,"excerpt":"MAR DEL PLATA-\u00a0El suspendido juez espa\u00f1ol Baltasar Garzon fue distinguido como \"visitante ilustre\" por el Concejo Deliberante de Mar del Plata, en reconocimiento a su lucha por la sanci\u00f3n penal de delitos de lesa humanidad cometidos en cualquier pa\u00eds del mundo. Garz\u00f3n recibi\u00f3 la distinci\u00f3n de manos de una integrante\u2026","rel":"","context":"En \u00abLocales\u00bb","block_context":{"text":"Locales","link":"https:\/\/www.24baires.com\/?cat=38"},"img":{"alt_text":"baltazar garzon","src":"https:\/\/i0.wp.com\/www.24baires.com\/wp-content\/uploads\/2013\/10\/baltazar-garzon.jpg?resize=350%2C200","width":350,"height":200},"classes":[]},{"id":71865,"url":"https:\/\/www.24baires.com\/?p=71865","url_meta":{"origin":3564,"position":3},"title":"Buscan que los delitos econ\u00f3micos puedan considerarse de lesa humanidad","author":"AF","date":"09\/09\/2015","format":false,"excerpt":"Ese ser\u00e1 el eje del debate del Congreso sobre los alcances de la Jurisdicci\u00f3n Universal que se realizar\u00e1 hoy y ma\u00f1ana con la presencia de importantes juristas nacionales e internacionales. El ministro de Justicia y Derechos Humanos de la Naci\u00f3n, Julio Alak, estar\u00e1 en la apertura del encuentro. El Congreso\u2026","rel":"","context":"En \u00abJUDICIALES\u00bb","block_context":{"text":"JUDICIALES","link":"https:\/\/www.24baires.com\/?cat=68"},"img":{"alt_text":"juicio lesa humanidad","src":"https:\/\/i0.wp.com\/www.24baires.com\/wp-content\/uploads\/2012\/11\/juicio-lesa-humanidad.jpg?resize=350%2C200","width":350,"height":200,"srcset":"https:\/\/i0.wp.com\/www.24baires.com\/wp-content\/uploads\/2012\/11\/juicio-lesa-humanidad.jpg?resize=350%2C200 1x, https:\/\/i0.wp.com\/www.24baires.com\/wp-content\/uploads\/2012\/11\/juicio-lesa-humanidad.jpg?resize=525%2C300 1.5x"},"classes":[]},{"id":36258,"url":"https:\/\/www.24baires.com\/?p=36258","url_meta":{"origin":3564,"position":4},"title":"\u201cLos DDHH tienen que ser una herramienta de lucha e inclusi\u00f3n social\u201d","author":"AF","date":"05\/12\/2013","format":false,"excerpt":"Lo dijo el secretario de Derechos Humanos, Mart\u00edn Fresneda, que inaugur\u00f3 junto a Baltasar Garz\u00f3n las jornadas preliminares al Primer Foro Mundial de Derechos Humanos. Este Pre Foro se realiza hoy y ma\u00f1ana en el Espacio Memoria (ex ESMA). Pasada las nueve de la ma\u00f1ana Baltasar Garz\u00f3n abri\u00f3 el encuentro-antesala\u2026","rel":"","context":"En \u00abSociedad\u00bb","block_context":{"text":"Sociedad","link":"https:\/\/www.24baires.com\/?cat=1"},"img":{"alt_text":"","src":"","width":0,"height":0},"classes":[]},{"id":43316,"url":"https:\/\/www.24baires.com\/?p=43316","url_meta":{"origin":3564,"position":5},"title":"Rossi entregar\u00e1 al exjuez Garz\u00f3n los archivos de la dictadura","author":"Grupo Sierra","date":"04\/04\/2014","format":false,"excerpt":"El ministro de Defensa entregar\u00e1 hoy al ex juez espa\u00f1ol Baltasar Garz\u00f3n las actas secretas de la dictadura c\u00edvico militar, halladas en el subsuelo del edificio C\u00f3ndor a fines del a\u00f1o pasado. La documentaci\u00f3n hallada en octubre pasado contiene 280 actas originales de las juntas militares entre 1976 y 1983,\u2026","rel":"","context":"En \u00abMemoria\u00bb","block_context":{"text":"Memoria","link":"https:\/\/www.24baires.com\/?cat=50"},"img":{"alt_text":"archivos","src":"https:\/\/i0.wp.com\/www.24baires.com\/wp-content\/uploads\/2013\/11\/archivos.jpg?resize=350%2C200","width":350,"height":200,"srcset":"https:\/\/i0.wp.com\/www.24baires.com\/wp-content\/uploads\/2013\/11\/archivos.jpg?resize=350%2C200 1x, https:\/\/i0.wp.com\/www.24baires.com\/wp-content\/uploads\/2013\/11\/archivos.jpg?resize=525%2C300 1.5x"},"classes":[]}],"jetpack_sharing_enabled":true,"jetpack_likes_enabled":true,"_links":{"self":[{"href":"https:\/\/www.24baires.com\/index.php?rest_route=\/wp\/v2\/posts\/3564","targetHints":{"allow":["GET"]}}],"collection":[{"href":"https:\/\/www.24baires.com\/index.php?rest_route=\/wp\/v2\/posts"}],"about":[{"href":"https:\/\/www.24baires.com\/index.php?rest_route=\/wp\/v2\/types\/post"}],"author":[{"embeddable":true,"href":"https:\/\/www.24baires.com\/index.php?rest_route=\/wp\/v2\/users\/11"}],"replies":[{"embeddable":true,"href":"https:\/\/www.24baires.com\/index.php?rest_route=%2Fwp%2Fv2%2Fcomments&post=3564"}],"version-history":[{"count":3,"href":"https:\/\/www.24baires.com\/index.php?rest_route=\/wp\/v2\/posts\/3564\/revisions"}],"predecessor-version":[{"id":3568,"href":"https:\/\/www.24baires.com\/index.php?rest_route=\/wp\/v2\/posts\/3564\/revisions\/3568"}],"wp:attachment":[{"href":"https:\/\/www.24baires.com\/index.php?rest_route=%2Fwp%2Fv2%2Fmedia&parent=3564"}],"wp:term":[{"taxonomy":"category","embeddable":true,"href":"https:\/\/www.24baires.com\/index.php?rest_route=%2Fwp%2Fv2%2Fcategories&post=3564"},{"taxonomy":"post_tag","embeddable":true,"href":"https:\/\/www.24baires.com\/index.php?rest_route=%2Fwp%2Fv2%2Ftags&post=3564"}],"curies":[{"name":"wp","href":"https:\/\/api.w.org\/{rel}","templated":true}]}}