{"id":3555,"date":"2012-10-28T18:30:07","date_gmt":"2012-10-28T21:30:07","guid":{"rendered":"http:\/\/www.24baires.com\/?p=3555"},"modified":"2012-10-28T18:30:07","modified_gmt":"2012-10-28T21:30:07","slug":"pretenden-acallar-por-ley-los-reclamos-autonomistas-de-las-localidades-bonaerenses","status":"publish","type":"post","link":"https:\/\/www.24baires.com\/?p=3555","title":{"rendered":"Pretenden acallar por Ley los reclamos autonomistas de las localidades bonaerenses"},"content":{"rendered":"<p>La cada vez m\u00e1s extendida costumbre de plantear el reclamo mediante cortes de ruta y las amenazas de profundizar el uso de esa metodolog\u00eda durante la inminente temporada estival, m\u00e1s los conflictos pol\u00edticos que se est\u00e1n generando entre intendentes del propio oficialismo, decidieron en las \u00faltimas horas a funcionarios y legisladores bonaerenses a avanzar con una ley que encuadre los a\u00f1ejos y persistentes reclamos de autonom\u00eda que anidan en diversas localidades de la Provincia.<!--more--><\/p>\n<p>Concretamente, resolvieron que antes de fin de mes se apruebe en la C\u00e1mara de Diputados el proyecto de ley-marco, esto es, la norma que estipule el conjunto de requisitos que deber\u00e1n reunir los pueblos que deseen transformarse en nuevos municipios.<\/p>\n<p>Se trata de la iniciativa que fue aprobada hace m\u00e1s de un a\u00f1o en el Senado con el respaldo de legisladores de todos los sectores: kirchneristas, integrantes de La Juan Domingo, radicales y peronistas disidentes. Y ahora cobr\u00f3 br\u00edos en el la C\u00e1mara baja, a partir de una disputa territorial que tiene como epicentro a Caril\u00f3.<\/p>\n<p><strong>CARILO Y OTROS CASOS<\/strong><\/p>\n<p>La coqueta villa balnearia no plantea exactamente convertirse en una comuna aut\u00f3noma. Pero quiere dejar de pertenecer a Pinamar y anexarse a General Madariaga, y est\u00e1 generando un ruido pol\u00edtico que alcanz\u00f3 para reinstalar, seg\u00fan el oficialismo, la necesidad de \u201cun marco legal\u201d para movidas de ese tipo.<\/p>\n<p>La movida liderada por la asociaci\u00f3n de fomento de Caril\u00f3 dispar\u00f3, en efecto, un conflicto pol\u00edtico que involucra a intendentes y concejales, en el que incluso debieron intervenir varios legisladores.<\/p>\n<p>Pero no es el \u00fanico: el intendente de Lober\u00eda rechaza una posible cesi\u00f3n de tierras para que Quequ\u00e9n se transforme en comuna. Y la misma tesitura exhiben los jefes comunales de Guamin\u00ed, Daireaux, General La Madrid y Coronel Su\u00e1rez en relaci\u00f3n al hist\u00f3rico reclamo de Huanguel\u00e9n.<\/p>\n<p>Pero esos planteos vienen rodeados de la efervescencia propia de a\u00f1os de aspiraciones postergadas y proyectos legislativos que finalmente no prosperaron y que en los \u00faltimos tiempos generaron protestas expresadas con cortes de la ruta 2 y otros accesos claves a la Costa, que amenazan con reiterarse durante la temporada estival.<\/p>\n<p>El caso Lezama, la \u00faltima localidad que consigui\u00f3 su independencia al escindirse de Chascom\u00fas, ofici\u00f3 de disparador para muchos movimientos autonomistas.<\/p>\n<p>Pero adem\u00e1s, admiten en la Legislatura, la modalidad del reclamo que sellaron los lezamenses -movilizaciones y cortes de ruta que produjeron incluso enfrentamientos con la polic\u00eda-, podr\u00eda terminar imponi\u00e9ndose a la luz de la forma en que esta peque\u00f1a comunidad logr\u00f3 coronar su objetivo.<\/p>\n<p>La idea de aprobar la denominada ley-marco contar\u00eda con el aval del Ejecutivo. Legisladores consultados indicaron que tienen el visto bueno del gobierno de Daniel Scioli para avanzar con la aprobaci\u00f3n del proyecto que dispara, al menos, un interrogante central: si la nueva normativa terminar\u00e1 facilitando o frenando el anhelo de los cerca de 50 movimientos autonomistas que existen en la Provincia.<\/p>\n<p><strong>COMO ENCUADRAR LA DISCUSION<\/strong><\/p>\n<p>Quienes est\u00e1n al tanto de esta movida legislativa sostienen que la idea oficial es \u201cencuadrar la discusi\u00f3n\u201d. Y en ese sentido, descartan que se pretenda auspiciar la creaci\u00f3n de nuevos distritos. \u201cLa ley es restrictiva; no todos podr\u00e1n adecuarse\u201d, dicen en relaci\u00f3n a a los alcances de la normativa que delega en la Legislatura amplias potestades.<\/p>\n<p>Concretamente, plantea la creaci\u00f3n de una comisi\u00f3n bicameral integrada por siete diputados y siete senadores que tendr\u00e1 atribuciones para darle v\u00eda libre o archivar los proyectos independentistas.<\/p>\n<p>Adem\u00e1s, se establece un mecanismo para el tr\u00e1mite parlamentario que exige a los movimientos fundamentar el proyecto mediante, entre otros requisitos, un estudio de factibilidad socio-econ\u00f3mico-financiera; un r\u00e9gimen de cancelaci\u00f3n de deudas y cr\u00e9ditos y un petitorio de la poblaci\u00f3n.<\/p>\n<p>Asimismo, la comisi\u00f3n bicameral tendr\u00e1 facultades para pedirle informes y dict\u00e1menes al Ejecutivo; dar traslado a los intendentes de los partidos involucrados y a los concejos deliberantes y pedir asistencia a universidades y organismos de la Constituci\u00f3n. Incluso, hasta podr\u00e1 requerir la convocatoria a una consulta popular a los electores de los municipios afectados por la divisi\u00f3n.<\/p>\n<p>El proyecto delega, en tanto, en el Ejecutivo una exigencia clave: la cantidad de poblaci\u00f3n m\u00ednima requerida que deber\u00e1n tener los pueblos que reclamen su independencia. De tal forma, la reglamentaci\u00f3n de la ley ser\u00e1 otro elemento central que podr\u00eda dejar fuera de carrera a numerosos movimientos autonomistas.<\/p>\n","protected":false},"excerpt":{"rendered":"<p>La cada vez m\u00e1s extendida costumbre de plantear el reclamo mediante cortes de ruta y las amenazas de profundizar el uso de esa metodolog\u00eda durante la inminente temporada estival, m\u00e1s los conflictos pol\u00edticos que se est\u00e1n generando entre intendentes del propio oficialismo, decidieron en las \u00faltimas horas a funcionarios y legisladores bonaerenses a avanzar con una ley que encuadre los [&#8230;]<\/p>\n","protected":false},"author":11,"featured_media":0,"comment_status":"open","ping_status":"open","sticky":false,"template":"","format":"standard","meta":{"_jetpack_newsletter_access":"","_jetpack_dont_email_post_to_subs":false,"_jetpack_newsletter_tier_id":0,"_jetpack_memberships_contains_paywalled_content":false,"_jetpack_memberships_contains_paid_content":false,"footnotes":""},"categories":[40],"tags":[],"class_list":["post-3555","post","type-post","status-publish","format-standard","hentry","category-provincia"],"jetpack_featured_media_url":"","jetpack_shortlink":"https:\/\/wp.me\/p2JWE0-Vl","jetpack-related-posts":[{"id":100156,"url":"https:\/\/www.24baires.com\/?p=100156","url_meta":{"origin":3555,"position":0},"title":"Se multiplican los reclamos por falta de agua en distritos bonaerenses","author":"AF","date":"25\/01\/2018","format":false,"excerpt":"Los reclamos por la escasez de agua potable en distintos distritos bonaerenses se multiplicaron en las \u00faltimas semanas, cuando crece la demanda como consecuencia de las altas temperaturas y de la sequ\u00eda que sufre gran parte del territorio. Como viene informando DIB, uno de los casos m\u00e1s representativos fue el\u2026","rel":"","context":"En \u00abProvincia\u00bb","block_context":{"text":"Provincia","link":"https:\/\/www.24baires.com\/?cat=40"},"img":{"alt_text":"","src":"https:\/\/i0.wp.com\/www.24baires.com\/wp-content\/uploads\/2015\/01\/canilla-de-agua.jpg?resize=350%2C200","width":350,"height":200,"srcset":"https:\/\/i0.wp.com\/www.24baires.com\/wp-content\/uploads\/2015\/01\/canilla-de-agua.jpg?resize=350%2C200 1x, https:\/\/i0.wp.com\/www.24baires.com\/wp-content\/uploads\/2015\/01\/canilla-de-agua.jpg?resize=525%2C300 1.5x"},"classes":[]},{"id":119638,"url":"https:\/\/www.24baires.com\/?p=119638","url_meta":{"origin":3555,"position":1},"title":"La Legislatura Bonaerense aprob\u00f3 el Presupuesto 2023","author":"GB","date":"16\/12\/2022","format":false,"excerpt":"Ambas iniciativas fueron aprobadas por la Legislatura Bonaerense luego de un d\u00eda conflictivo. Tambi\u00e9n avanzaron otros proyectos. Finalmente, el gobierno de Axel Kicillof tiene Presupuesto 2023 y Ley Impositiva. Ambas normas fueron aprobadas en la madrugada de este viernes por ambas c\u00e1maras de la Legislatura Bonaerense. La jornada, que promet\u00eda\u2026","rel":"","context":"En \u00abProvincia\u00bb","block_context":{"text":"Provincia","link":"https:\/\/www.24baires.com\/?cat=40"},"img":{"alt_text":"","src":"https:\/\/i0.wp.com\/www.24baires.com\/wp-content\/uploads\/2022\/12\/camara-diputados-bonaerensejpg.jpg?resize=350%2C200","width":350,"height":200,"srcset":"https:\/\/i0.wp.com\/www.24baires.com\/wp-content\/uploads\/2022\/12\/camara-diputados-bonaerensejpg.jpg?resize=350%2C200 1x, https:\/\/i0.wp.com\/www.24baires.com\/wp-content\/uploads\/2022\/12\/camara-diputados-bonaerensejpg.jpg?resize=525%2C300 1.5x, https:\/\/i0.wp.com\/www.24baires.com\/wp-content\/uploads\/2022\/12\/camara-diputados-bonaerensejpg.jpg?resize=700%2C400 2x"},"classes":[]},{"id":100938,"url":"https:\/\/www.24baires.com\/?p=100938","url_meta":{"origin":3555,"position":2},"title":"Comienzan a trabajar dos mujeres trans en la municipalidad de Necochea","author":"GB","date":"09\/03\/2018","format":false,"excerpt":"Cinthia y Guillermina formar\u00e1n parte del \u00c1rea Municipal de Derechos Humanos y de la Secretar\u00eda de Desarrollo Humano de esa localidad, que es la primera en la provincia de Buenos Aires aplicar la legislaci\u00f3n. Todav\u00eda resta que se haga extensivo al resto del territorio bonaerense. Desde este viernes dos mujeres\u2026","rel":"","context":"En \u00abMunicipios\u00bb","block_context":{"text":"Municipios","link":"https:\/\/www.24baires.com\/?cat=44"},"img":{"alt_text":"","src":"https:\/\/i0.wp.com\/www.24baires.com\/wp-content\/uploads\/2018\/03\/municipales-necochea.jpg?resize=350%2C200","width":350,"height":200,"srcset":"https:\/\/i0.wp.com\/www.24baires.com\/wp-content\/uploads\/2018\/03\/municipales-necochea.jpg?resize=350%2C200 1x, https:\/\/i0.wp.com\/www.24baires.com\/wp-content\/uploads\/2018\/03\/municipales-necochea.jpg?resize=525%2C300 1.5x"},"classes":[]},{"id":118126,"url":"https:\/\/www.24baires.com\/?p=118126","url_meta":{"origin":3555,"position":3},"title":"Se eximir\u00e1 del pago del impuesto Inmobiliario a m\u00e1s de 7.500 hoteles","author":"GB","date":"13\/10\/2021","format":false,"excerpt":"El Gobierno de la provincia de Buenos Aires eximir\u00e1 del pago del impuesto Inmobiliario a m\u00e1s de 7.500 hoteles, hospedajes, campings y alojamientos, con el objetivo de reactivar el sector del turismo. Mediante un proyecto de ley que se elevar\u00e1 pr\u00f3ximamente a la Legislatura bonaerense, el Ejecutivo provincial prev\u00e9 eximir\u2026","rel":"","context":"En \u00abProvincia\u00bb","block_context":{"text":"Provincia","link":"https:\/\/www.24baires.com\/?cat=40"},"img":{"alt_text":"","src":"https:\/\/i0.wp.com\/www.24baires.com\/wp-content\/uploads\/2014\/04\/hotel-p-sierra-de-la-ventana.jpg?resize=350%2C200","width":350,"height":200,"srcset":"https:\/\/i0.wp.com\/www.24baires.com\/wp-content\/uploads\/2014\/04\/hotel-p-sierra-de-la-ventana.jpg?resize=350%2C200 1x, https:\/\/i0.wp.com\/www.24baires.com\/wp-content\/uploads\/2014\/04\/hotel-p-sierra-de-la-ventana.jpg?resize=525%2C300 1.5x"},"classes":[]},{"id":115683,"url":"https:\/\/www.24baires.com\/?p=115683","url_meta":{"origin":3555,"position":4},"title":"Cicop iniciar\u00e1 un plan de lucha para reclamar por aumento salarial","author":"GB","date":"20\/07\/2020","format":false,"excerpt":"El gremio que nuclea a m\u00e9dicos y profesionales de la salud bonaerense exigen respuestas al gobierno de Axel Kicillof. Cicop llev\u00f3 a cabo un congreso en el cual defini\u00f3 realizar medidas de acci\u00f3n ante la falta de precisiones en torno a sus reclamos por parte del Gobierno bonaerense. Por ese\u2026","rel":"","context":"En \u00abProvincia\u00bb","block_context":{"text":"Provincia","link":"https:\/\/www.24baires.com\/?cat=40"},"img":{"alt_text":"","src":"https:\/\/i0.wp.com\/www.24baires.com\/wp-content\/uploads\/2020\/06\/cicop.jpg?resize=350%2C200","width":350,"height":200,"srcset":"https:\/\/i0.wp.com\/www.24baires.com\/wp-content\/uploads\/2020\/06\/cicop.jpg?resize=350%2C200 1x, https:\/\/i0.wp.com\/www.24baires.com\/wp-content\/uploads\/2020\/06\/cicop.jpg?resize=525%2C300 1.5x"},"classes":[]},{"id":122470,"url":"https:\/\/www.24baires.com\/?p=122470","url_meta":{"origin":3555,"position":5},"title":"Provincia reclamar\u00e1 al Ejecutivo nacional la reactivaci\u00f3n de la obra p\u00fablica","author":"GB","date":"19\/08\/2025","format":false,"excerpt":"Tras casi dos a\u00f1os de paralizaci\u00f3n, el gobernador anunci\u00f3 un proyecto para reactivar la obra p\u00fablica y afrontar la situaci\u00f3n cr\u00edtica de la provincia. El gobernador de la provincia de Buenos Aires realiz\u00f3 una conferencia de prensa, donde anunci\u00f3 que enviar\u00e1 un proyecto a la Legislatura para reactivar la obra\u2026","rel":"","context":"En \u00abProvincia\u00bb","block_context":{"text":"Provincia","link":"https:\/\/www.24baires.com\/?cat=40"},"img":{"alt_text":"","src":"https:\/\/i0.wp.com\/www.24baires.com\/wp-content\/uploads\/2025\/08\/kici-gabinete.webp?resize=350%2C200","width":350,"height":200,"srcset":"https:\/\/i0.wp.com\/www.24baires.com\/wp-content\/uploads\/2025\/08\/kici-gabinete.webp?resize=350%2C200 1x, https:\/\/i0.wp.com\/www.24baires.com\/wp-content\/uploads\/2025\/08\/kici-gabinete.webp?resize=525%2C300 1.5x, https:\/\/i0.wp.com\/www.24baires.com\/wp-content\/uploads\/2025\/08\/kici-gabinete.webp?resize=700%2C400 2x"},"classes":[]}],"jetpack_sharing_enabled":true,"jetpack_likes_enabled":true,"_links":{"self":[{"href":"https:\/\/www.24baires.com\/index.php?rest_route=\/wp\/v2\/posts\/3555","targetHints":{"allow":["GET"]}}],"collection":[{"href":"https:\/\/www.24baires.com\/index.php?rest_route=\/wp\/v2\/posts"}],"about":[{"href":"https:\/\/www.24baires.com\/index.php?rest_route=\/wp\/v2\/types\/post"}],"author":[{"embeddable":true,"href":"https:\/\/www.24baires.com\/index.php?rest_route=\/wp\/v2\/users\/11"}],"replies":[{"embeddable":true,"href":"https:\/\/www.24baires.com\/index.php?rest_route=%2Fwp%2Fv2%2Fcomments&post=3555"}],"version-history":[{"count":3,"href":"https:\/\/www.24baires.com\/index.php?rest_route=\/wp\/v2\/posts\/3555\/revisions"}],"predecessor-version":[{"id":3558,"href":"https:\/\/www.24baires.com\/index.php?rest_route=\/wp\/v2\/posts\/3555\/revisions\/3558"}],"wp:attachment":[{"href":"https:\/\/www.24baires.com\/index.php?rest_route=%2Fwp%2Fv2%2Fmedia&parent=3555"}],"wp:term":[{"taxonomy":"category","embeddable":true,"href":"https:\/\/www.24baires.com\/index.php?rest_route=%2Fwp%2Fv2%2Fcategories&post=3555"},{"taxonomy":"post_tag","embeddable":true,"href":"https:\/\/www.24baires.com\/index.php?rest_route=%2Fwp%2Fv2%2Ftags&post=3555"}],"curies":[{"name":"wp","href":"https:\/\/api.w.org\/{rel}","templated":true}]}}