{"id":3552,"date":"2012-10-28T18:15:45","date_gmt":"2012-10-28T21:15:45","guid":{"rendered":"http:\/\/www.24baires.com\/?p=3552"},"modified":"2012-10-28T18:30:45","modified_gmt":"2012-10-28T21:30:45","slug":"scioli-pide-desdramatizar-8n-y-7d","status":"publish","type":"post","link":"https:\/\/www.24baires.com\/?p=3552","title":{"rendered":"Scioli pide \u00abdesdramatizar\u00bb 8N y 7D"},"content":{"rendered":"<p><img data-recalc-dims=\"1\" loading=\"lazy\" decoding=\"async\" class=\"aligncenter size-full wp-image-2961\" title=\"scioli medios\" src=\"https:\/\/i0.wp.com\/www.24baires.com\/wp-content\/uploads\/2012\/10\/scioli-medios.jpg?resize=560%2C323\" alt=\"\" width=\"560\" height=\"323\" srcset=\"https:\/\/i0.wp.com\/www.24baires.com\/wp-content\/uploads\/2012\/10\/scioli-medios.jpg?w=560&amp;ssl=1 560w, https:\/\/i0.wp.com\/www.24baires.com\/wp-content\/uploads\/2012\/10\/scioli-medios.jpg?resize=300%2C173&amp;ssl=1 300w\" sizes=\"auto, (max-width: 560px) 100vw, 560px\" \/><\/p>\n<p>El gobernador bonaerense inst\u00f3 a todo el arco de la pol\u00edtica a resolver conflictos \u00aben convivencia democr\u00e1tica\u00bb, al referirse a la movilizaci\u00f3n del 8 de noviembre y al conflicto por la Ley de Medios.<!--more--><\/p>\n<p>El gobernador bonaerense, Daniel Scioli, llam\u00f3 hoy a resolver conflictos \u00aben convivencia democr\u00e1tica\u00bb ante la movilizaci\u00f3n opositora del 8 de noviembre y el conflicto por la Ley de Medios y, en ese marco, se reivindic\u00f3 como \u00abun buscador permanente de consensos\u00bb.<\/p>\n<p>\u00abCreo que tenemos que desdramatizar las distintas situaciones, en cuanto confiar y creer que en el marco del estado de derecho, el funcionamiento de los tres poderes del Estado y nuestra convivencia democr\u00e1tica se van resolviendo todas esas situaciones\u00bb, sostuvo Scioli en relaci\u00f3n al \u00ab8N\u00bb y \u00ab7D\u00bb, esta \u00faltima en relaci\u00f3n al 7 de diciembre, cuando vence la cautelar que mantiene suspendido art\u00edculos clave de la Ley de Medios.<\/p>\n<p>Lo hizo en declaraciones al programa \u00abNo va m\u00e1s\u00bb de Radio El Mundo, al responder una pregunta en la que tambi\u00e9n citaron a su hermano Jos\u00e9 \u00abPepe\u00bb Scioli, enrolado en la oposici\u00f3n, quien dijo que el Gobernador ser\u00e1 como el l\u00edder sudafricano Nelson Mandela y el encargado de \u00abunir a los argentinos\u00bb.<\/p>\n<p>\u00abEn cuanto a lo que dijo mi hermano, mi forma de ser en cuanto a ser un buscador permanente de consenso, de llevar tranquilidad, pacificar, y crear confianza, me parece que eso es muy importante\u00bb, respondi\u00f3 Scioli.<\/p>\n<p>Fiel a su estilo, evit\u00f3 pronunciamientos fuertes pero s\u00ed fij\u00f3 postura en momentos en que el Gobierno profundiza sus diferencias con la oposici\u00f3n y sostiene una fuerte pulseada con el Grupo Clar\u00edn por la Ley de Medios, que tambi\u00e9n gener\u00f3 fricciones con sectores de la Justicia.<\/p>\n<p>En el marco de una entrevista descontracturada, el mandatario provincial remarc\u00f3 tambi\u00e9n que \u00abtiene una relaci\u00f3n personal y pol\u00edtica con (el intendente de Tigre) Sergio Massa desde hace muchos a\u00f1os\u00bb, en relaci\u00f3n a otro dirigente, como \u00e9l, cuyo posicionamiento pol\u00edtico para 2013 genera expectativas.<\/p>\n<p>Record\u00f3, adem\u00e1s, a N\u00e9stor Kirchner a dos a\u00f1os de su muerte, rememor\u00f3 cuando se conocieron en 2003 y lo reinvidic\u00f3 como \u00abun trabajador incansable\u00bb y un \u00abadelantado\u00bb.<\/p>\n<p>\u00abFue un adelantado. el tiempo lo fue demostrando. en cuanto a plantear una reorganizaci\u00f3n pol\u00edtica, social y econ\u00f3mica de la Argentina que ahora a la luz de lo que vemos en otros lugares es justo ponerla cada vez m\u00e1s en valor: el significado de desendeudar un pa\u00eds, de reindustrializarlo, de cuidar el empleo local, son pilares fundamentales, que permitieron en un contexto internacional muy complejo sobrellevar mejor las situaciones que se fueron produciendo\u00bb, detall\u00f3.<\/p>\n","protected":false},"excerpt":{"rendered":"<p>El gobernador bonaerense inst\u00f3 a todo el arco de la pol\u00edtica a resolver conflictos \u00aben convivencia democr\u00e1tica\u00bb, al referirse a la movilizaci\u00f3n del 8 de noviembre y al conflicto por la Ley de Medios.<\/p>\n","protected":false},"author":11,"featured_media":0,"comment_status":"open","ping_status":"open","sticky":false,"template":"","format":"standard","meta":{"_jetpack_newsletter_access":"","_jetpack_dont_email_post_to_subs":false,"_jetpack_newsletter_tier_id":0,"_jetpack_memberships_contains_paywalled_content":false,"_jetpack_memberships_contains_paid_content":false,"footnotes":""},"categories":[51],"tags":[],"class_list":["post-3552","post","type-post","status-publish","format-standard","hentry","category-politica"],"jetpack_featured_media_url":"","jetpack_shortlink":"https:\/\/wp.me\/p2JWE0-Vi","jetpack-related-posts":[{"id":6169,"url":"https:\/\/www.24baires.com\/?p=6169","url_meta":{"origin":3552,"position":0},"title":"\u00abLo de Pampuro es lamentable\u00bb","author":"Grupo Sierra","date":"20\/11\/2012","format":false,"excerpt":"LAN\u00daS - El intendente Dar\u00edo D\u00edaz P\u00e9rez, critic\u00f3 que el vice del Banco Provincia haya alentado la candidatura presidencial de Daniel Scioli sin consultar al Partido Justicialista de Lan\u00fas, del cual es presidente. Tambi\u00e9n le recrimin\u00f3 los ataques al diputado Andr\u00e9s Larroque y consider\u00f3 que perjudica al propio gobernador cuando\u2026","rel":"","context":"En \u00abPol\u00edtica\u00bb","block_context":{"text":"Pol\u00edtica","link":"https:\/\/www.24baires.com\/?cat=51"},"img":{"alt_text":"","src":"https:\/\/i0.wp.com\/www.24baires.com\/wp-content\/uploads\/2012\/11\/diaz-perez.jpg?resize=350%2C200","width":350,"height":200,"srcset":"https:\/\/i0.wp.com\/www.24baires.com\/wp-content\/uploads\/2012\/11\/diaz-perez.jpg?resize=350%2C200 1x, https:\/\/i0.wp.com\/www.24baires.com\/wp-content\/uploads\/2012\/11\/diaz-perez.jpg?resize=525%2C300 1.5x"},"classes":[]},{"id":101122,"url":"https:\/\/www.24baires.com\/?p=101122","url_meta":{"origin":3552,"position":1},"title":"Indagar\u00e1n a Scioli por irregularidades en la construcci\u00f3n de las UPA 24","author":"AF","date":"17\/03\/2018","format":false,"excerpt":"El ex gobernador Daniel Scioli y quien fuera su ministro de Salud, Alejandro Collia, fueron imputados y citados a prestar declaraci\u00f3n indagatoria en el marco de una causa que investiga presuntas irregularidades en la adjudicaci\u00f3n de ocho Unidades de Pronta Atenci\u00f3n (UPA 24) para las que se destinaron m\u00e1s de\u2026","rel":"","context":"En \u00abJUDICIALES\u00bb","block_context":{"text":"JUDICIALES","link":"https:\/\/www.24baires.com\/?cat=68"},"img":{"alt_text":"","src":"https:\/\/i0.wp.com\/www.24baires.com\/wp-content\/uploads\/2014\/05\/Daniel-Scioli.jpg?resize=350%2C200","width":350,"height":200,"srcset":"https:\/\/i0.wp.com\/www.24baires.com\/wp-content\/uploads\/2014\/05\/Daniel-Scioli.jpg?resize=350%2C200 1x, https:\/\/i0.wp.com\/www.24baires.com\/wp-content\/uploads\/2014\/05\/Daniel-Scioli.jpg?resize=525%2C300 1.5x"},"classes":[]},{"id":4767,"url":"https:\/\/www.24baires.com\/?p=4767","url_meta":{"origin":3552,"position":2},"title":"Cristina y su 8N con Scioli e Intendentes","author":"AF","date":"08\/11\/2012","format":false,"excerpt":"La presidenta Cristina Fern\u00e1ndez encabezar\u00e1 un acto este mediod\u00eda en el partido de Ezeiza, junto al gobernador Daniel Scioli y a una veintena de intendentes del conurbano, horas antes de que se produzca el cacerolazo en rechazo a las pol\u00edticas oficiales y a una eventual re reelecci\u00f3n. La jefa de\u2026","rel":"","context":"En \u00abPol\u00edtica\u00bb","block_context":{"text":"Pol\u00edtica","link":"https:\/\/www.24baires.com\/?cat=51"},"img":{"alt_text":"","src":"https:\/\/i0.wp.com\/www.24baires.com\/wp-content\/uploads\/2012\/11\/scioli-y-cristina.jpg?resize=350%2C200","width":350,"height":200},"classes":[]},{"id":7970,"url":"https:\/\/www.24baires.com\/?p=7970","url_meta":{"origin":3552,"position":3},"title":"\u201cEstamos peleando contra un monstruo poderoso, mentiroso, difamador y corruptor\u201d","author":"Grupo Sierra","date":"05\/12\/2012","format":false,"excerpt":"LAN\u00daS - El Intendente Dar\u00edo D\u00edaz P\u00e9rez, en di\u00e1logo radial habl\u00f3 del \u201c7D\u201d y asegur\u00f3 que Clar\u00edn \u201cno es cualquier adversario\u201d y que \u201chay que estar atento\u201d. Adem\u00e1s, explic\u00f3 el nuevo Plan Saludable, opin\u00f3 sobre el problema con la basura y la seguridad en los municipios. A horas de la\u2026","rel":"","context":"En \u00abPol\u00edtica\u00bb","block_context":{"text":"Pol\u00edtica","link":"https:\/\/www.24baires.com\/?cat=51"},"img":{"alt_text":"","src":"https:\/\/i0.wp.com\/www.24baires.com\/wp-content\/uploads\/2012\/11\/diaz-perez-300x216.jpg?resize=350%2C200","width":350,"height":200},"classes":[]},{"id":5888,"url":"https:\/\/www.24baires.com\/?p=5888","url_meta":{"origin":3552,"position":4},"title":"Para Pampuro \u00abScioli expresa lo que dijo la gente el 8N e ir\u00e1 por la presidencia en 2015\u00bb","author":"AF","date":"18\/11\/2012","format":false,"excerpt":"El ex senador kirchnerista y actual vicepresidente del Banco Provincia de Buenos Aires se\u00f1al\u00f3 que el gobernador \"representa lo que dijo la gente el 8N\", al tiempo que considera que de no haber re-reelecci\u00f3n de Cristina ir\u00e1 por el sill\u00f3n presidencial. El ex senador kirchnerista y actual vicepresidente del Banco\u2026","rel":"","context":"En \u00abPol\u00edtica\u00bb","block_context":{"text":"Pol\u00edtica","link":"https:\/\/www.24baires.com\/?cat=51"},"img":{"alt_text":"","src":"https:\/\/i0.wp.com\/www.24baires.com\/wp-content\/uploads\/2012\/11\/scioli-pampuro.jpg?resize=350%2C200","width":350,"height":200,"srcset":"https:\/\/i0.wp.com\/www.24baires.com\/wp-content\/uploads\/2012\/11\/scioli-pampuro.jpg?resize=350%2C200 1x, https:\/\/i0.wp.com\/www.24baires.com\/wp-content\/uploads\/2012\/11\/scioli-pampuro.jpg?resize=525%2C300 1.5x"},"classes":[]},{"id":34884,"url":"https:\/\/www.24baires.com\/?p=34884","url_meta":{"origin":3552,"position":5},"title":"Escasa convocatoria al cacerolazo del 8N en contra del Gobierno","author":"AF","date":"09\/11\/2013","format":false,"excerpt":"La anunciada marcha tuvo una escasa participaci\u00f3n, tanto en la zona del Obelisco porte\u00f1o como en algunas plazas del interior del pa\u00eds, a pesar de que no llovi\u00f3 y de que se conmemoraba el aniversario de la protesta de 2012 contra el gobierno nacional. A un a\u00f1o del 8N, la\u2026","rel":"","context":"En \u00abPol\u00edtica\u00bb","block_context":{"text":"Pol\u00edtica","link":"https:\/\/www.24baires.com\/?cat=51"},"img":{"alt_text":"8n 2013","src":"https:\/\/i0.wp.com\/www.24baires.com\/wp-content\/uploads\/2013\/11\/8n-2013.jpg?resize=350%2C200","width":350,"height":200,"srcset":"https:\/\/i0.wp.com\/www.24baires.com\/wp-content\/uploads\/2013\/11\/8n-2013.jpg?resize=350%2C200 1x, https:\/\/i0.wp.com\/www.24baires.com\/wp-content\/uploads\/2013\/11\/8n-2013.jpg?resize=525%2C300 1.5x"},"classes":[]}],"jetpack_sharing_enabled":true,"jetpack_likes_enabled":true,"_links":{"self":[{"href":"https:\/\/www.24baires.com\/index.php?rest_route=\/wp\/v2\/posts\/3552","targetHints":{"allow":["GET"]}}],"collection":[{"href":"https:\/\/www.24baires.com\/index.php?rest_route=\/wp\/v2\/posts"}],"about":[{"href":"https:\/\/www.24baires.com\/index.php?rest_route=\/wp\/v2\/types\/post"}],"author":[{"embeddable":true,"href":"https:\/\/www.24baires.com\/index.php?rest_route=\/wp\/v2\/users\/11"}],"replies":[{"embeddable":true,"href":"https:\/\/www.24baires.com\/index.php?rest_route=%2Fwp%2Fv2%2Fcomments&post=3552"}],"version-history":[{"count":3,"href":"https:\/\/www.24baires.com\/index.php?rest_route=\/wp\/v2\/posts\/3552\/revisions"}],"predecessor-version":[{"id":3560,"href":"https:\/\/www.24baires.com\/index.php?rest_route=\/wp\/v2\/posts\/3552\/revisions\/3560"}],"wp:attachment":[{"href":"https:\/\/www.24baires.com\/index.php?rest_route=%2Fwp%2Fv2%2Fmedia&parent=3552"}],"wp:term":[{"taxonomy":"category","embeddable":true,"href":"https:\/\/www.24baires.com\/index.php?rest_route=%2Fwp%2Fv2%2Fcategories&post=3552"},{"taxonomy":"post_tag","embeddable":true,"href":"https:\/\/www.24baires.com\/index.php?rest_route=%2Fwp%2Fv2%2Ftags&post=3552"}],"curies":[{"name":"wp","href":"https:\/\/api.w.org\/{rel}","templated":true}]}}