{"id":35409,"date":"2013-11-19T17:30:01","date_gmt":"2013-11-19T20:30:01","guid":{"rendered":"http:\/\/www.24baires.com\/?p=35409"},"modified":"2013-11-19T14:14:59","modified_gmt":"2013-11-19T17:14:59","slug":"lucha-vuelve-y-patea-el-tablero","status":"publish","type":"post","link":"https:\/\/www.24baires.com\/?p=35409","title":{"rendered":"Lucha, vuelve y patea el tablero"},"content":{"rendered":"<p><img data-recalc-dims=\"1\" loading=\"lazy\" decoding=\"async\" class=\"aligncenter size-full wp-image-35411\" alt=\"cfk backstage\" src=\"https:\/\/i0.wp.com\/www.24baires.com\/wp-content\/uploads\/2013\/11\/cfk-backstage.jpg?resize=560%2C260\" width=\"560\" height=\"260\" srcset=\"https:\/\/i0.wp.com\/www.24baires.com\/wp-content\/uploads\/2013\/11\/cfk-backstage.jpg?w=560&amp;ssl=1 560w, https:\/\/i0.wp.com\/www.24baires.com\/wp-content\/uploads\/2013\/11\/cfk-backstage.jpg?resize=300%2C139&amp;ssl=1 300w\" sizes=\"auto, (max-width: 560px) 100vw, 560px\" \/>El rumor, fundado en la necesidad de oxigenar el gabinete y reforzar o reestructurar algunas \u00e1reas, corr\u00eda desde hace meses, desde las Elecciones Primarias, Abiertas y Simult\u00e1neas. Se hablaba de la Jefatura de Ministros y se especulaba con varios nombres, como el de Sergio Uribarri, actual gobernador entrerriano, y con la viable vuelta de An\u00edbal Fern\u00e1ndez a ese cargo, entre otras posibilidades que se barajaban.<!--more--><\/p>\n<p>En Econom\u00eda, la designaci\u00f3n del secretario de Pol\u00edtica Econ\u00f3mica y Planificaci\u00f3n del Desarrollo, que en la pr\u00e1ctica hace las veces de viceministro, Axel Kicillof, no sorprendi\u00f3 a casi nadie, se sab\u00eda que el sucesor de Hern\u00e1n Lorenzino estaba cerca, de hecho, en lo \u00faltimos tiempos, el tipo de exposici\u00f3n p\u00fablica de ambos hab\u00eda marcado bastante la cancha y lo mostraba a Kicillof ideando y manejando algunos de los puntos clave de la gesti\u00f3n de gobierno y del crecimiento econ\u00f3mico del pa\u00eds, como son los cr\u00e9ditos Pro.Cre.Ar Bicentenario.<br \/>\nLos otros tres cambios en el gabinete los protagonizan el hasta ayer titular del Banco de la Naci\u00f3n Argentina, Juan Carlos F\u00e1brega, que reemplazar\u00e1 a Mercedes Marc\u00f3 del Pont en la presidencia del Banco Central, Juan Ignacio Forl\u00f3n, en la presidencia del Banco Naci\u00f3n que deja bacante F\u00e1brega y Carlos Casamiquela, que de la titularidad del INTA pasa al Ministro de Agricultura, Ganader\u00eda y Pesca. Y esta es la \u00fanica cara nueva que se incorpora.<br \/>\nEn un a\u00f1o electoral, donde los resultado generales en el pa\u00eds fueron buenos para el kirchnerismo pero se perdi\u00f3 en puntos clave como el la provincia de Buenos Aires, el gobierno busca darles nuevos aires a los ejes neur\u00e1lgicos de la administraci\u00f3n, como son casi todas las \u00e1reas de econom\u00eda (La titularidad del propio Ministerio, Banco Central y Banco Naci\u00f3n) y la relaci\u00f3n de todos los ministerios entre s\u00ed, articulaci\u00f3n imprescindible.<br \/>\nLa oposici\u00f3n salud\u00f3 el cambio en la Jefatura de Gabinete y, en l\u00edneas generales, gustaron de la designaci\u00f3n de alguien como Capitanich. De Mendigueren, Alfonsin y otros referentes del arco opositor no ahorraron elogios para el hasta reci\u00e9n gobernador del Chaco. Quiz\u00e1 este nombramiento armonice un poco la voluptuosidad con que a veces se enfrentan oficialismo y contrarios, o quiz\u00e1 suceda como pas\u00f3 con Mat\u00edn Sabbatella, que era bueno, honesto y capaz hasta que lo designaron en AFSCA y comenzaron a atacarlo. El tiempo dir\u00e1.<br \/>\nDe por s\u00ed, Capitanich, si bien del palo kirchnerista desde un principio, es un hombre de perfil conservador, que gan\u00f3 con un 60% las \u00faltimas elecciones en su provincia y posee gran experiencia en la gesti\u00f3n, que puede aportar a esta nueva etapa de gobierno de Cristina Fern\u00e1ndez de Kirchner.<br \/>\nPor el lado de Axel Kicillof, m\u00e1s de uno se habr\u00e1 rascado a cuatro manos por una explosi\u00f3n de caspa al saber que a quien tildan de marxista, como si esto fuera algo necesariamente negativo, estar\u00e1 ahora al frente de la cartera econ\u00f3mica. Las capacidades de este ya no tan joven de 42 a\u00f1os han quedado m\u00e1s que demostradas, as\u00ed como la confianza que la Jefa de Estado le tiene para que se desempe\u00f1e en su \u00e1rea de experiencia y conocimiento.<br \/>\nSi algunos cre\u00edan que Cristina volver\u00eda a sus actividades de manera pausada, acomod\u00e1ndose de a poco, sin cambios bruscos, bueno, no han aprendido a conocerla en estos a\u00f1os, donde se ha caracterizado tanto ella como en su momento el propio N\u00e9stor Kirchner, en redoblar siempre las apuestas y patear el tablero de lo instaurado y sabido, porque en el kirchnerismo se gana o se pierde, pero jam\u00e1s se hacen tablas.<\/p>\n","protected":false},"excerpt":{"rendered":"<p>El rumor, fundado en la necesidad de oxigenar el gabinete y reforzar o reestructurar algunas \u00e1reas, corr\u00eda desde hace meses, desde las Elecciones Primarias, Abiertas y Simult\u00e1neas. Se hablaba de la Jefatura de Ministros y se especulaba con varios nombres, como el de Sergio Uribarri, actual gobernador entrerriano, y con la viable vuelta de An\u00edbal Fern\u00e1ndez a ese cargo, entre [&#8230;]<\/p>\n","protected":false},"author":4,"featured_media":0,"comment_status":"open","ping_status":"open","sticky":false,"template":"","format":"standard","meta":{"_jetpack_newsletter_access":"","_jetpack_dont_email_post_to_subs":false,"_jetpack_newsletter_tier_id":0,"_jetpack_memberships_contains_paywalled_content":false,"_jetpack_memberships_contains_paid_content":false,"footnotes":""},"categories":[64],"tags":[],"class_list":["post-35409","post","type-post","status-publish","format-standard","hentry","category-opinion"],"jetpack_featured_media_url":"","jetpack_shortlink":"https:\/\/wp.me\/p2JWE0-9d7","jetpack-related-posts":[{"id":55138,"url":"https:\/\/www.24baires.com\/?p=55138","url_meta":{"origin":35409,"position":0},"title":"Kicillof: \u00abLos buitres muestran a la Argentina como el malo de la pel\u00edcula\u201d","author":"Grupo Sierra","date":"09\/10\/2014","format":false,"excerpt":"El ministro de Econom\u00eda critic\u00f3 la postura que toman con respecto al pa\u00eds, al presentarse en un evento organizado por el Consejo de las Am\u00e9ricas en el marco de la asamblea anual del Fondo Monetario Internacional y del Banco Mundial. Axel Kicillof, asegur\u00f3 hoy que Argentina va \"a seguir pagando\"\u2026","rel":"","context":"En \u00abEconom\u00eda\u00bb","block_context":{"text":"Econom\u00eda","link":"https:\/\/www.24baires.com\/?cat=45"},"img":{"alt_text":"kicillof","src":"https:\/\/i0.wp.com\/www.24baires.com\/wp-content\/uploads\/2014\/07\/kicillof.jpg?resize=350%2C200","width":350,"height":200,"srcset":"https:\/\/i0.wp.com\/www.24baires.com\/wp-content\/uploads\/2014\/07\/kicillof.jpg?resize=350%2C200 1x, https:\/\/i0.wp.com\/www.24baires.com\/wp-content\/uploads\/2014\/07\/kicillof.jpg?resize=525%2C300 1.5x"},"classes":[]},{"id":63710,"url":"https:\/\/www.24baires.com\/?p=63710","url_meta":{"origin":35409,"position":1},"title":"Kicillof: \u00abS\u00f3lo entre el 10 y el 15 % de los trabajadores de UTA pagan ganancias\u00bb","author":"AF","date":"30\/03\/2015","format":false,"excerpt":"El Ministro de Econom\u00eda, Axel Kicillof. se manifest\u00f3 as\u00ed en la conferencia de prensa que, junto a An\u00edbal Fern\u00e1ndez, brindaron para informar sobre el encuentro con los representantes de distintas c\u00e1maras de empresarios del transporte de todo el pa\u00eds. El jefe de Gabinete, An\u00edbal Fern\u00e1ndez, afirm\u00f3 este mediod\u00eda que \"estamos\u2026","rel":"","context":"En \u00abSociedad\u00bb","block_context":{"text":"Sociedad","link":"https:\/\/www.24baires.com\/?cat=1"},"img":{"alt_text":"kicillof anibal","src":"https:\/\/i0.wp.com\/www.24baires.com\/wp-content\/uploads\/2015\/03\/kicillof-anibal.jpg?resize=350%2C200","width":350,"height":200,"srcset":"https:\/\/i0.wp.com\/www.24baires.com\/wp-content\/uploads\/2015\/03\/kicillof-anibal.jpg?resize=350%2C200 1x, https:\/\/i0.wp.com\/www.24baires.com\/wp-content\/uploads\/2015\/03\/kicillof-anibal.jpg?resize=525%2C300 1.5x"},"classes":[]},{"id":53746,"url":"https:\/\/www.24baires.com\/?p=53746","url_meta":{"origin":35409,"position":2},"title":"\u00abAlgunos no entienden la importancia de defender a los usuarios\u00bb, asegur\u00f3 Kicillof","author":"GB","date":"16\/09\/2014","format":false,"excerpt":"El ministro de Econom\u00eda, Axel Kicillof, asegur\u00f3 que este paquete de leyes que se encuentran en discusi\u00f3n en el Congreso buscan \"dotar al Estado de instrumentos para defender a los consumidores\". Al informar en un plenario de comisiones de la C\u00e1mara de Diputados sobre los proyectos enviados por el Poder\u2026","rel":"","context":"En \u00abEconom\u00eda\u00bb","block_context":{"text":"Econom\u00eda","link":"https:\/\/www.24baires.com\/?cat=45"},"img":{"alt_text":"kicillof","src":"https:\/\/i0.wp.com\/www.24baires.com\/wp-content\/uploads\/2014\/07\/kicillof.jpg?resize=350%2C200","width":350,"height":200,"srcset":"https:\/\/i0.wp.com\/www.24baires.com\/wp-content\/uploads\/2014\/07\/kicillof.jpg?resize=350%2C200 1x, https:\/\/i0.wp.com\/www.24baires.com\/wp-content\/uploads\/2014\/07\/kicillof.jpg?resize=525%2C300 1.5x"},"classes":[]},{"id":47439,"url":"https:\/\/www.24baires.com\/?p=47439","url_meta":{"origin":35409,"position":3},"title":"Kicillof: \u00abLa moratoria incluye a 500.000 argentinos que no pudieron jubilarse\u00bb","author":"AF","date":"05\/06\/2014","format":false,"excerpt":"El ministro de Econom\u00eda, Axel Kicillof, se refiri\u00f3 a la nueva moratoria previsional anunciada ayer por la Presidenta. \"Hay diarios que no dan esta informaci\u00f3n, y privan a muchos argentinos de informarse de este beneficio\", agreg\u00f3. El ministro de Econom\u00eda, Axel Kicillof, afirm\u00f3 hoy que la nueva moratoria previsional anunciada\u2026","rel":"","context":"En \u00abEconom\u00eda\u00bb","block_context":{"text":"Econom\u00eda","link":"https:\/\/www.24baires.com\/?cat=45"},"img":{"alt_text":"kicillof2","src":"https:\/\/i0.wp.com\/www.24baires.com\/wp-content\/uploads\/2014\/01\/kicillof2.jpg?resize=350%2C200","width":350,"height":200,"srcset":"https:\/\/i0.wp.com\/www.24baires.com\/wp-content\/uploads\/2014\/01\/kicillof2.jpg?resize=350%2C200 1x, https:\/\/i0.wp.com\/www.24baires.com\/wp-content\/uploads\/2014\/01\/kicillof2.jpg?resize=525%2C300 1.5x"},"classes":[]},{"id":51262,"url":"https:\/\/www.24baires.com\/?p=51262","url_meta":{"origin":35409,"position":4},"title":"Kicillof: \u201cNo hay seguridad jur\u00eddica en Estados Unidos\u201d","author":"AF","date":"06\/08\/2014","format":false,"excerpt":"El ministro de Econom\u00eda, Axel Kicillof, dijo hoy \"el gobierno norteamericano tendr\u00eda que tomar acciones\" ante el freno a los pagos aplicado por el juez Thomas Griesa y pidi\u00f3 a empresarios seguir trabajando e invirtiendo \"por el bien del pa\u00eds\". \"No hay reglas, no hay esa famosa seguridad jur\u00eddica, no\u2026","rel":"","context":"En \u00abEconom\u00eda\u00bb","block_context":{"text":"Econom\u00eda","link":"https:\/\/www.24baires.com\/?cat=45"},"img":{"alt_text":"kicillof","src":"https:\/\/i0.wp.com\/www.24baires.com\/wp-content\/uploads\/2014\/07\/kicillof.jpg?resize=350%2C200","width":350,"height":200,"srcset":"https:\/\/i0.wp.com\/www.24baires.com\/wp-content\/uploads\/2014\/07\/kicillof.jpg?resize=350%2C200 1x, https:\/\/i0.wp.com\/www.24baires.com\/wp-content\/uploads\/2014\/07\/kicillof.jpg?resize=525%2C300 1.5x"},"classes":[]},{"id":87433,"url":"https:\/\/www.24baires.com\/?p=87433","url_meta":{"origin":35409,"position":5},"title":"Kicillof sobre el \u00abviaje de egresados\u00bb de Prat Gay: \u00abSi yo llegaba a hacer eso me mataban\u00bb","author":"GB","date":"11\/09\/2016","format":false,"excerpt":"El diputado nacional del FpV se refiri\u00f3 a las \"vacaciones\" que, en plena crisis, se tom\u00f3 el ministro de Econom\u00eda. Y afirm\u00f3 que \"la prensa y la oposici\u00f3n hubieran hecho un esc\u00e1ndalo\" si \u00e9l lo hac\u00eda. El exministro de Econom\u00eda y actual diputado nacional del FpV, Axel Kicillof, se refiri\u00f3\u2026","rel":"","context":"En \u00abPol\u00edtica\u00bb","block_context":{"text":"Pol\u00edtica","link":"https:\/\/www.24baires.com\/?cat=51"},"img":{"alt_text":"kicillof onu","src":"https:\/\/i0.wp.com\/www.24baires.com\/wp-content\/uploads\/2015\/04\/kicillof-onu.jpg?resize=350%2C200","width":350,"height":200,"srcset":"https:\/\/i0.wp.com\/www.24baires.com\/wp-content\/uploads\/2015\/04\/kicillof-onu.jpg?resize=350%2C200 1x, https:\/\/i0.wp.com\/www.24baires.com\/wp-content\/uploads\/2015\/04\/kicillof-onu.jpg?resize=525%2C300 1.5x"},"classes":[]}],"jetpack_sharing_enabled":true,"jetpack_likes_enabled":true,"_links":{"self":[{"href":"https:\/\/www.24baires.com\/index.php?rest_route=\/wp\/v2\/posts\/35409","targetHints":{"allow":["GET"]}}],"collection":[{"href":"https:\/\/www.24baires.com\/index.php?rest_route=\/wp\/v2\/posts"}],"about":[{"href":"https:\/\/www.24baires.com\/index.php?rest_route=\/wp\/v2\/types\/post"}],"author":[{"embeddable":true,"href":"https:\/\/www.24baires.com\/index.php?rest_route=\/wp\/v2\/users\/4"}],"replies":[{"embeddable":true,"href":"https:\/\/www.24baires.com\/index.php?rest_route=%2Fwp%2Fv2%2Fcomments&post=35409"}],"version-history":[{"count":3,"href":"https:\/\/www.24baires.com\/index.php?rest_route=\/wp\/v2\/posts\/35409\/revisions"}],"predecessor-version":[{"id":35413,"href":"https:\/\/www.24baires.com\/index.php?rest_route=\/wp\/v2\/posts\/35409\/revisions\/35413"}],"wp:attachment":[{"href":"https:\/\/www.24baires.com\/index.php?rest_route=%2Fwp%2Fv2%2Fmedia&parent=35409"}],"wp:term":[{"taxonomy":"category","embeddable":true,"href":"https:\/\/www.24baires.com\/index.php?rest_route=%2Fwp%2Fv2%2Fcategories&post=35409"},{"taxonomy":"post_tag","embeddable":true,"href":"https:\/\/www.24baires.com\/index.php?rest_route=%2Fwp%2Fv2%2Ftags&post=35409"}],"curies":[{"name":"wp","href":"https:\/\/api.w.org\/{rel}","templated":true}]}}