{"id":3535,"date":"2012-10-28T13:20:49","date_gmt":"2012-10-28T16:20:49","guid":{"rendered":"http:\/\/www.24baires.com\/?p=3535"},"modified":"2012-10-28T21:36:14","modified_gmt":"2012-10-29T00:36:15","slug":"desplazaron-de-su-cargo-al-jefe-de-la-distrital-de-quilmes","status":"publish","type":"post","link":"https:\/\/www.24baires.com\/?p=3535","title":{"rendered":"Desplazaron de su cargo al Jefe de la Distrital de Quilmes"},"content":{"rendered":"<p>En las \u00faltimas horas el Ministerio de Seguridad Bonarense dispuso la remoci\u00f3n en el cargo del ahora ex Jefe de la Polic\u00eda Distrital de Quilmes, Fernando Grasso.<!--more--><\/p>\n<p>Por orden del ministro de Seguridad de la Provincia, Ricardo Casal, se dispuso que el ahora ex Jefe de la Polic\u00eda Distrital de Quilmes, Fernando Grasso, sea trasladado al municipio de Pinamar.<br \/>\nAnte esta decisi\u00f3n, la Jefatura Distrital Quilmes estar\u00e1 comandada por el Comisario J\u00e1uregui, quien se desempe\u00f1aba frente a la Comisar\u00eda Quinta de la Ca\u00f1ada, Quilmes.<br \/>\nCabe destacar que Grasso era fuertemente cuestionado por foristas y funcionarios, quienes le apuntaban la falta de desempe\u00f1o en su cargo, lo que motiv\u00f3 a que haya sido sancionado por el propio Casal al detectar la falta de patrullaje en el distrito.<\/p>\n","protected":false},"excerpt":{"rendered":"<p>En las \u00faltimas horas el Ministerio de Seguridad Bonarense dispuso la remoci\u00f3n en el cargo del ahora ex Jefe de la Polic\u00eda Distrital de Quilmes, Fernando Grasso.<\/p>\n","protected":false},"author":4,"featured_media":0,"comment_status":"open","ping_status":"open","sticky":false,"template":"","format":"standard","meta":{"_jetpack_newsletter_access":"","_jetpack_dont_email_post_to_subs":false,"_jetpack_newsletter_tier_id":0,"_jetpack_memberships_contains_paywalled_content":false,"_jetpack_memberships_contains_paid_content":false,"footnotes":""},"categories":[38],"tags":[],"class_list":["post-3535","post","type-post","status-publish","format-standard","hentry","category-locales"],"jetpack_featured_media_url":"","jetpack_shortlink":"https:\/\/wp.me\/p2JWE0-V1","jetpack-related-posts":[{"id":100041,"url":"https:\/\/www.24baires.com\/?p=100041","url_meta":{"origin":3535,"position":0},"title":"Desalojo en Quilmes dej\u00f3 12 detenidos","author":"AF","date":"18\/01\/2018","format":false,"excerpt":"El operativo fue llevado a cabo por fuerzas de seguridad municipal y provincial. El Grupo GAD, la Infanter\u00eda y la Caballer\u00eda de la Polic\u00eda Bonaerense, con respaldo de la Patrulla Urbana y Defensa Civil de Quilmes, avanzaron esta ma\u00f1ana con balas de goma contra un grupo de 150 familias que\u2026","rel":"","context":"En \u00abLocales\u00bb","block_context":{"text":"Locales","link":"https:\/\/www.24baires.com\/?cat=38"},"img":{"alt_text":"","src":"https:\/\/i0.wp.com\/www.24baires.com\/wp-content\/uploads\/2018\/01\/quilmes.jpg?resize=350%2C200","width":350,"height":200,"srcset":"https:\/\/i0.wp.com\/www.24baires.com\/wp-content\/uploads\/2018\/01\/quilmes.jpg?resize=350%2C200 1x, https:\/\/i0.wp.com\/www.24baires.com\/wp-content\/uploads\/2018\/01\/quilmes.jpg?resize=525%2C300 1.5x"},"classes":[]},{"id":54889,"url":"https:\/\/www.24baires.com\/?p=54889","url_meta":{"origin":3535,"position":1},"title":"Dos presos se fugaron de una comisar\u00eda de Quilmes","author":"GB","date":"06\/10\/2014","format":false,"excerpt":"Dos reclusos lograron huir de la Comisar\u00eda S\u00e9ptima de Bernal Oeste. Limaron los barrotes de la celda. Personal de la Polic\u00eda Bonaerense y de Gendarmer\u00eda intentan recapturarlos. El Subcomisario fue desafectado moment\u00e1neamente de su cargo. Este lunes por la ma\u00f1ana escaparon dos presos que estaban detenidos en la Comisar\u00eda S\u00e9ptima\u2026","rel":"","context":"En \u00abPoliciales\u00bb","block_context":{"text":"Policiales","link":"https:\/\/www.24baires.com\/?cat=49"},"img":{"alt_text":"comisaria bernal","src":"https:\/\/i0.wp.com\/www.24baires.com\/wp-content\/uploads\/2014\/10\/comisaria-bernal.jpg?resize=350%2C200","width":350,"height":200},"classes":[]},{"id":52184,"url":"https:\/\/www.24baires.com\/?p=52184","url_meta":{"origin":3535,"position":2},"title":"Ladrones roban auto con el que atropellan y matan a un hombre en Bernal","author":"AF","date":"21\/08\/2014","format":false,"excerpt":"Una persona falleci\u00f3 al ser atropellada por un autom\u00f3vil robado con el que se desplazaban dos delincuentes, que resultaron detenidos en la localidad bonaerense de Bernal. El hecho ocurri\u00f3 a las 22.30 de anoche en Los Quilmes y Neuqu\u00e9n, de Bernal, en el partido de Quilmes Oeste, cuando la v\u00edctima,\u2026","rel":"","context":"En \u00abLocales\u00bb","block_context":{"text":"Locales","link":"https:\/\/www.24baires.com\/?cat=38"},"img":{"alt_text":"polic\u00eda cient\u00edfica","src":"https:\/\/i0.wp.com\/www.24baires.com\/wp-content\/uploads\/2014\/04\/polic%C3%ADa-cient%C3%ADfica.jpg?resize=350%2C200","width":350,"height":200,"srcset":"https:\/\/i0.wp.com\/www.24baires.com\/wp-content\/uploads\/2014\/04\/polic%C3%ADa-cient%C3%ADfica.jpg?resize=350%2C200 1x, https:\/\/i0.wp.com\/www.24baires.com\/wp-content\/uploads\/2014\/04\/polic%C3%ADa-cient%C3%ADfica.jpg?resize=525%2C300 1.5x"},"classes":[]},{"id":60245,"url":"https:\/\/www.24baires.com\/?p=60245","url_meta":{"origin":3535,"position":3},"title":"Quilmes: coordin\u00f3 una cita a trav\u00e9s de una red social y lo mataron","author":"AF","date":"17\/01\/2015","format":false,"excerpt":"Un joven de 27 a\u00f1os fue asesinado de tres disparos en el partido bonaerense de Quilmes cuando, aparentemente, iba a encontrarse con una chica con la que hab\u00eda acordado una cita a trav\u00e9s de una red social, y los investigadores del caso creen que alguien quer\u00eda vengarse de \u00e9l y\u2026","rel":"","context":"En \u00abPoliciales\u00bb","block_context":{"text":"Policiales","link":"https:\/\/www.24baires.com\/?cat=49"},"img":{"alt_text":"","src":"","width":0,"height":0},"classes":[]},{"id":46750,"url":"https:\/\/www.24baires.com\/?p=46750","url_meta":{"origin":3535,"position":4},"title":"Declara el viceombudsman de Avellaneda que mat\u00f3 a su madre por error en Bernal","author":"AF","date":"26\/05\/2014","format":false,"excerpt":"A Rub\u00e9n Alice se le escap\u00f3 un tiro de una de sus armas. La bala dio en la cara de su madre. Casi el 30 por ciento de los homicidios, accidentes o suicidios ocasionados con armas de fuego ocurren dentro de la casa del leg\u00edtimo usuario. Rub\u00e9n Alice, viceombudsman de\u2026","rel":"","context":"En \u00abJUDICIALES\u00bb","block_context":{"text":"JUDICIALES","link":"https:\/\/www.24baires.com\/?cat=68"},"img":{"alt_text":"alice","src":"https:\/\/i0.wp.com\/www.24baires.com\/wp-content\/uploads\/2014\/05\/alice1.jpg?resize=350%2C200","width":350,"height":200,"srcset":"https:\/\/i0.wp.com\/www.24baires.com\/wp-content\/uploads\/2014\/05\/alice1.jpg?resize=350%2C200 1x, https:\/\/i0.wp.com\/www.24baires.com\/wp-content\/uploads\/2014\/05\/alice1.jpg?resize=525%2C300 1.5x"},"classes":[]},{"id":17504,"url":"https:\/\/www.24baires.com\/?p=17504","url_meta":{"origin":3535,"position":5},"title":"Anunciaron la creaci\u00f3n de una Departamental Berisso-Ensenada","author":"AF","date":"05\/03\/2013","format":false,"excerpt":"El ministro de Justicia y Seguridad, Ricardo Casal, anunci\u00f3 la creaci\u00f3n de una nueva jefatura Departamental que comprende a los municipios de Berisso y Ensenada. Tal medida tiende a optimizar el control operativo de los recursos humanos y log\u00edsticos, y para lograr mayor acercamiento del poder de decisi\u00f3n policial en\u2026","rel":"","context":"En \u00abSociedad\u00bb","block_context":{"text":"Sociedad","link":"https:\/\/www.24baires.com\/?cat=1"},"img":{"alt_text":"Casal Secco Slezac","src":"https:\/\/i0.wp.com\/www.24baires.com\/wp-content\/uploads\/2013\/03\/Casal-Secco-Slezac.jpg?resize=350%2C200","width":350,"height":200,"srcset":"https:\/\/i0.wp.com\/www.24baires.com\/wp-content\/uploads\/2013\/03\/Casal-Secco-Slezac.jpg?resize=350%2C200 1x, https:\/\/i0.wp.com\/www.24baires.com\/wp-content\/uploads\/2013\/03\/Casal-Secco-Slezac.jpg?resize=525%2C300 1.5x"},"classes":[]}],"jetpack_sharing_enabled":true,"jetpack_likes_enabled":true,"_links":{"self":[{"href":"https:\/\/www.24baires.com\/index.php?rest_route=\/wp\/v2\/posts\/3535","targetHints":{"allow":["GET"]}}],"collection":[{"href":"https:\/\/www.24baires.com\/index.php?rest_route=\/wp\/v2\/posts"}],"about":[{"href":"https:\/\/www.24baires.com\/index.php?rest_route=\/wp\/v2\/types\/post"}],"author":[{"embeddable":true,"href":"https:\/\/www.24baires.com\/index.php?rest_route=\/wp\/v2\/users\/4"}],"replies":[{"embeddable":true,"href":"https:\/\/www.24baires.com\/index.php?rest_route=%2Fwp%2Fv2%2Fcomments&post=3535"}],"version-history":[{"count":3,"href":"https:\/\/www.24baires.com\/index.php?rest_route=\/wp\/v2\/posts\/3535\/revisions"}],"predecessor-version":[{"id":3606,"href":"https:\/\/www.24baires.com\/index.php?rest_route=\/wp\/v2\/posts\/3535\/revisions\/3606"}],"wp:attachment":[{"href":"https:\/\/www.24baires.com\/index.php?rest_route=%2Fwp%2Fv2%2Fmedia&parent=3535"}],"wp:term":[{"taxonomy":"category","embeddable":true,"href":"https:\/\/www.24baires.com\/index.php?rest_route=%2Fwp%2Fv2%2Fcategories&post=3535"},{"taxonomy":"post_tag","embeddable":true,"href":"https:\/\/www.24baires.com\/index.php?rest_route=%2Fwp%2Fv2%2Ftags&post=3535"}],"curies":[{"name":"wp","href":"https:\/\/api.w.org\/{rel}","templated":true}]}}