{"id":3525,"date":"2012-10-28T11:00:42","date_gmt":"2012-10-28T14:00:42","guid":{"rendered":"http:\/\/www.24baires.com\/?p=3525"},"modified":"2012-10-28T13:24:27","modified_gmt":"2012-10-28T16:24:27","slug":"voto-joven-cada-vez-mas-cerca-de-convertirse-en-ley","status":"publish","type":"post","link":"https:\/\/www.24baires.com\/?p=3525","title":{"rendered":"Voto joven: cada vez m\u00e1s cerca de convertirse en Ley"},"content":{"rendered":"<p>El oficialismo de la C\u00e1mara baja buscar\u00e1, el pr\u00f3ximo mi\u00e9rcoles, convertir en ley el proyecto que habilita el voto optativo para los j\u00f3venes de entre 16 y 18 a\u00f1os, aprobado hace diez d\u00edas por el Senado.<!--more--><br \/>\nAs\u00ed lo confirm\u00f3 el jefe del bloque del Frente para la Victoria, Agust\u00edn Rossi, quien vaticin\u00f3 que el oficialismo no tendr\u00e1 dificultades para sancionar la norma, que en el Senado fue apoyada por una amplia mayor\u00eda (52 votos a favor y 3 en contra, sobre un total de 72).<br \/>\nRossi dijo que \u00abla ley es muy importante porque ampl\u00eda la frontera de los derechos en Argentina, pero tambi\u00e9n lo es el hecho de que sea optativa y no confiera una obligaci\u00f3n a los j\u00f3venes\u00bb.<br \/>\nLa iniciativa, que le da un car\u00e1cter optativo al voto de los j\u00f3venes entre los 16 y los 18 a\u00f1os, obtuvo el martes pasado dictamen de mayor\u00eda del FpV y bloques aliados en un plenario de comisiones de la C\u00e1mara baja.<br \/>\nCon media sanci\u00f3n del Senado, la norma modifica el primer art\u00edculo del C\u00f3digo Electoral y establece que son electores nacionales \u00ablos argentinos nativos y por opci\u00f3n desde los 16 a\u00f1os y los argentinos naturalizados desde los 18 a\u00f1os\u00bb, pero no determina penalidades para quienes no sufraguen.<br \/>\nEl Frente Amplio Progresista (FAP) y la UCR presentaron dos dict\u00e1menes de minor\u00eda, en los que proponen la \u00abobligatoriedad\u00bb del voto entre los 16 y los 18 a\u00f1os.<br \/>\nSin embargo, en el recinto, el FAP adelant\u00f3 que se abstendr\u00e1 en la votaci\u00f3n en general y la UCR reci\u00e9n el martes pr\u00f3ximo, en reuni\u00f3n de bloque, decidir\u00e1 qu\u00e9 postura adoptar\u00e1 en la sesi\u00f3n.<br \/>\nDe esta manera se volver\u00e1n a marcar diferencias en el sentido del voto de los integrantes de ambos bloques, dado que en el Senado los radicales votaron -en general- a favor de la iniciativa; mientras que de los cinco integrantes del interbloque FAP, dos lo hicieron afirmativamente, dos se abtuvieron y uno no particip\u00f3 de la votaci\u00f3n.<br \/>\nEl PRO anunci\u00f3 que votar\u00e1 en contra de la iniciativa oficial por considerarla \u00abinnecesaria\u00bb y el bloque Frente Peronista todav\u00eda no hab\u00eda tomado una decisi\u00f3n al respecto.<br \/>\nDel plenario realizado el martes \u00faltimo, que reuni\u00f3 a las comisiones de Asuntos Constitucionales y de Justicia, presididas por los kirchneristas Diana Conti y Jorge Yoma, y deliber\u00f3 durante tres horas, participaron j\u00f3venes invitados por todos los bloques.<br \/>\nLa mayor\u00eda de ellos opin\u00f3 a favor de la iniciativa, la consider\u00f3 un \u00abpaso adelante\u00bb en el camino de la democracia y reivindic\u00f3 la posibilidad de involucrarse en pol\u00edtica.<br \/>\nLos j\u00f3venes que respond\u00edan a bloques opositores, en cambio, apuntaron que \u00abhay otras cuestiones\u00bb para analizar en el Parlamento \u00abmucho m\u00e1s importantes\u00bb que el voto.<\/p>\n","protected":false},"excerpt":{"rendered":"<p>El oficialismo de la C\u00e1mara baja buscar\u00e1, el pr\u00f3ximo mi\u00e9rcoles, convertir en ley el proyecto que habilita el voto optativo para los j\u00f3venes de entre 16 y 18 a\u00f1os, aprobado hace diez d\u00edas por el Senado.<\/p>\n","protected":false},"author":4,"featured_media":0,"comment_status":"open","ping_status":"open","sticky":false,"template":"","format":"standard","meta":{"_jetpack_newsletter_access":"","_jetpack_dont_email_post_to_subs":false,"_jetpack_newsletter_tier_id":0,"_jetpack_memberships_contains_paywalled_content":false,"_jetpack_memberships_contains_paid_content":false,"footnotes":""},"categories":[51],"tags":[],"class_list":["post-3525","post","type-post","status-publish","format-standard","hentry","category-politica"],"jetpack_featured_media_url":"","jetpack_shortlink":"https:\/\/wp.me\/p2JWE0-UR","jetpack-related-posts":[{"id":3576,"url":"https:\/\/www.24baires.com\/?p=3576","url_meta":{"origin":3525,"position":0},"title":"Este mi\u00e9rcoles podr\u00eda convertirse en ley el voto joven","author":"Grupo Sierra","date":"28\/10\/2012","format":false,"excerpt":"El jefe del bloque del Frente para la Victoria, Agust\u00edn Rossi, estim\u00f3 que el oficialismo no tendr\u00e1 dificultades para sancionar la norma que permitir\u00e1 sufragar a partir de los 16 a\u00f1os. En el Senado fue apoyada por una amplia mayor\u00eda. El oficialismo de la C\u00e1mara de Diputados de la Naci\u00f3n\u2026","rel":"","context":"En \u00abPol\u00edtica\u00bb","block_context":{"text":"Pol\u00edtica","link":"https:\/\/www.24baires.com\/?cat=51"},"img":{"alt_text":"","src":"","width":0,"height":0},"classes":[]},{"id":8986,"url":"https:\/\/www.24baires.com\/?p=8986","url_meta":{"origin":3525,"position":1},"title":"En la Provincia, cerca de 500 mil j\u00f3venes de entre 16 y 18 a\u00f1os ya podr\u00e1n votar","author":"AF","date":"13\/12\/2012","format":false,"excerpt":"El Senado bonaerense sancion\u00f3 este jueves el proyecto que dispone la adhesi\u00f3n de la Provincia a la ley nacional por la cual se habilit\u00f3 el voto optativo para los j\u00f3venes de entre 16 y 18 a\u00f1os. La iniciativa, que en la C\u00e1mara de Diputados hab\u00eda contado con el acompa\u00f1amiento de\u2026","rel":"","context":"En \u00abSociedad\u00bb","block_context":{"text":"Sociedad","link":"https:\/\/www.24baires.com\/?cat=1"},"img":{"alt_text":"","src":"","width":0,"height":0},"classes":[]},{"id":3931,"url":"https:\/\/www.24baires.com\/?p=3931","url_meta":{"origin":3525,"position":2},"title":"Voto joven, a un paso de convertirse en Ley","author":"AF","date":"31\/10\/2012","format":false,"excerpt":"El kirchnerismo convoc\u00f3 una sesi\u00f3n especial para las 11.45 de este mi\u00e9rcole y tiene asegurado el apoyo de sus aliados. La oposici\u00f3n ir\u00e1 dividida: el FAP ratific\u00f3 que se abstendr\u00e1, con la excepci\u00f3n de Unidad Popular, y la UCR dar\u00e1 libertad de acci\u00f3n. El Pro, la CC-ARI y el Frente\u2026","rel":"","context":"En \u00abPol\u00edtica\u00bb","block_context":{"text":"Pol\u00edtica","link":"https:\/\/www.24baires.com\/?cat=51"},"img":{"alt_text":"","src":"https:\/\/i0.wp.com\/www.24baires.com\/wp-content\/uploads\/2012\/10\/diputados.jpg?resize=350%2C200","width":350,"height":200},"classes":[]},{"id":4039,"url":"https:\/\/www.24baires.com\/?p=4039","url_meta":{"origin":3525,"position":3},"title":"Ya es Ley el Voto Joven","author":"Grupo Sierra","date":"31\/10\/2012","format":false,"excerpt":"La C\u00e1mara de Diputados convirti\u00f3 en ley el sufragio optativo para los j\u00f3venes de entre 16 y 18 a\u00f1os, con 131 votos positivos, 2 negativos y una abstenci\u00f3n. Luego de aprobar en general el proyecto, que inmediatamente despu\u00e9s fue aprobado en particular, los diputados convirtieron en ley el proyecto que\u2026","rel":"","context":"En \u00abPol\u00edtica\u00bb","block_context":{"text":"Pol\u00edtica","link":"https:\/\/www.24baires.com\/?cat=51"},"img":{"alt_text":"","src":"https:\/\/i0.wp.com\/www.24baires.com\/wp-content\/uploads\/2012\/11\/voto-joven.jpg?resize=350%2C200","width":350,"height":200,"srcset":"https:\/\/i0.wp.com\/www.24baires.com\/wp-content\/uploads\/2012\/11\/voto-joven.jpg?resize=350%2C200 1x, https:\/\/i0.wp.com\/www.24baires.com\/wp-content\/uploads\/2012\/11\/voto-joven.jpg?resize=525%2C300 1.5x"},"classes":[]},{"id":17723,"url":"https:\/\/www.24baires.com\/?p=17723","url_meta":{"origin":3525,"position":4},"title":"La Provincia reglament\u00f3 el voto optativo de los j\u00f3venes de 16 y 17 a\u00f1os","author":"AF","date":"07\/03\/2013","format":false,"excerpt":"Adem\u00e1s se impulsa una campa\u00f1a de renovaci\u00f3n de DNI desde los 14 a\u00f1os. Los nuevos votantes tendr\u00e1n que cumplir con los requisitos establecidos por el Colegio Electoral. Anunciaron capacitaciones en las escuelas provinciales que se realizar\u00e1n a partir de abril. El gobierno bonaerense reglament\u00f3, a trav\u00e9s de la ley 14.456,\u2026","rel":"","context":"En \u00abSociedad\u00bb","block_context":{"text":"Sociedad","link":"https:\/\/www.24baires.com\/?cat=1"},"img":{"alt_text":"","src":"","width":0,"height":0},"classes":[]},{"id":4936,"url":"https:\/\/www.24baires.com\/?p=4936","url_meta":{"origin":3525,"position":5},"title":"Se desarroll\u00f3 en Lomas de Zamora el programa de formaci\u00f3n pol\u00edtica del Senado bonaerense","author":"AF","date":"10\/11\/2012","format":false,"excerpt":"El Ser Parte debati\u00f3 con j\u00f3venes la ley del voto a los 16. La actividad tuvo lugar en el Centro Cultural No Me Olvides de Lomas de Zamora. Estudiantes secundarios participaron de una charla en el marco de los talleres itinerantes del programa ideado en la C\u00e1mara Alta de la\u2026","rel":"","context":"En \u00abSociedad\u00bb","block_context":{"text":"Sociedad","link":"https:\/\/www.24baires.com\/?cat=1"},"img":{"alt_text":"","src":"","width":0,"height":0},"classes":[]}],"jetpack_sharing_enabled":true,"jetpack_likes_enabled":true,"_links":{"self":[{"href":"https:\/\/www.24baires.com\/index.php?rest_route=\/wp\/v2\/posts\/3525","targetHints":{"allow":["GET"]}}],"collection":[{"href":"https:\/\/www.24baires.com\/index.php?rest_route=\/wp\/v2\/posts"}],"about":[{"href":"https:\/\/www.24baires.com\/index.php?rest_route=\/wp\/v2\/types\/post"}],"author":[{"embeddable":true,"href":"https:\/\/www.24baires.com\/index.php?rest_route=\/wp\/v2\/users\/4"}],"replies":[{"embeddable":true,"href":"https:\/\/www.24baires.com\/index.php?rest_route=%2Fwp%2Fv2%2Fcomments&post=3525"}],"version-history":[{"count":3,"href":"https:\/\/www.24baires.com\/index.php?rest_route=\/wp\/v2\/posts\/3525\/revisions"}],"predecessor-version":[{"id":3531,"href":"https:\/\/www.24baires.com\/index.php?rest_route=\/wp\/v2\/posts\/3525\/revisions\/3531"}],"wp:attachment":[{"href":"https:\/\/www.24baires.com\/index.php?rest_route=%2Fwp%2Fv2%2Fmedia&parent=3525"}],"wp:term":[{"taxonomy":"category","embeddable":true,"href":"https:\/\/www.24baires.com\/index.php?rest_route=%2Fwp%2Fv2%2Fcategories&post=3525"},{"taxonomy":"post_tag","embeddable":true,"href":"https:\/\/www.24baires.com\/index.php?rest_route=%2Fwp%2Fv2%2Ftags&post=3525"}],"curies":[{"name":"wp","href":"https:\/\/api.w.org\/{rel}","templated":true}]}}