{"id":35214,"date":"2013-11-15T17:00:24","date_gmt":"2013-11-15T20:00:24","guid":{"rendered":"http:\/\/www.24baires.com\/?p=35214"},"modified":"2013-11-15T15:18:56","modified_gmt":"2013-11-15T18:18:56","slug":"el-peligroso-escenario-del-odio-y-la-intolerancia-en-nuestro-pais","status":"publish","type":"post","link":"https:\/\/www.24baires.com\/?p=35214","title":{"rendered":"El peligroso escenario del odio y la intolerancia en nuestro pa\u00eds"},"content":{"rendered":"<p><img data-recalc-dims=\"1\" loading=\"lazy\" decoding=\"async\" class=\"aligncenter size-full wp-image-35215\" alt=\"ultraconservadores\" src=\"https:\/\/i0.wp.com\/www.24baires.com\/wp-content\/uploads\/2013\/11\/ultraconservadores.jpg?resize=560%2C351\" width=\"560\" height=\"351\" srcset=\"https:\/\/i0.wp.com\/www.24baires.com\/wp-content\/uploads\/2013\/11\/ultraconservadores.jpg?w=560&amp;ssl=1 560w, https:\/\/i0.wp.com\/www.24baires.com\/wp-content\/uploads\/2013\/11\/ultraconservadores.jpg?resize=300%2C188&amp;ssl=1 300w\" sizes=\"auto, (max-width: 560px) 100vw, 560px\" \/>Empezamos hablando esta semana de los dichos de Jaime Dur\u00e1n Barba, quien dijo que Adolf Hitler era un tipo espectacular y que revisti\u00f3 de gran importancia para el mundo. Y vamos a terminar la semana intentando hacer un llamado de atenci\u00f3n que se enmarca en el mismo sentido, porque despu\u00e9s de ese exabrupto de apolog\u00eda al nazismo, el d\u00eda martes, un grupo de ultracat\u00f3licos interrumpi\u00f3 en la Catedral Metropolitana una ceremonia conmemorativa de los hechos ocurridos el 9 de noviembre de 1938 en La noche de los cristales rotos, cuando grupos organizados saquearon e incendiaron negocios, instituciones y sinagogas de Alemania, Austria y el sudeste de Checoslovaquia, pa\u00edses ocupados por las tropas nazis.<!--more--><\/p>\n<p>Esa noche, alrededor de 90 mil jud\u00edos fueron asesinados y otros 30 mil arrestados y deportados a los campos de concentraci\u00f3n, dando comienzo as\u00ed al Holocausto.<br \/>\nCon c\u00e1nticos y aplausos, este grupo de intolerantes religiosos interrumpi\u00f3 el evento que reun\u00eda a diversos referentes religiosos que se dispon\u00edan a conmemorar la fecha. Este grupo de j\u00f3venes, gritando que eso era una \u201cprofanaci\u00f3n de la casa de Dios\u201d, obstaculiz\u00f3 el normal desarrollo de la ceremonia.<br \/>\n\u00bfCasualidad? No, esas casualidades no existen. Que hombres como Dur\u00e1n Barba, que son asesores directos de funcionarios pol\u00edticos, expresen p\u00fablicamente su admiraci\u00f3n a genocidas de la talla de Hitler y que luego estos grupos cat\u00f3licos autodenominados \u201ctradicionalistas\u201d irrumpan y detengan un acto conmemorativo del Holocausto, no es casual, hay una obvia connivencia en estas acciones, no porque se pongan de acuerdo para llevarlas a cabo, sino porque luego de una, creen que pueden hacer otra, y as\u00ed.<br \/>\nEn el mundo en crisis, en Europa, grupos neonazis han reverdecido y colocado muchos representantes en las c\u00e1maras, como en Grecia. El Chile, neonazis salen a las calles a golpear y matar homosexuales. No hay casualidades en el accionar fascista, s\u00f3lo esperan agazapados el momento de asomar la cabeza y gritar sus consignas xen\u00f3fobas y violentas.<br \/>\nEs imprescindible mirar m\u00e1s de cerca estos devenires y no tomarlos como hechos aislados. Con la tolerancia no alcanza, s\u00f3lo acept\u00e1ndonos en las diferencias podemos avanzar a una sociedad m\u00e1s justa e igualitaria y aconteceres como estos nos hacen retroceder d\u00e9cadas al conjunto de los argentinos, es por eso que no podemos tener una actitud pasiva con respecto a dichos y accionares que apologicen el genocidio, que intenten imponer su l\u00f3gica siniestra del odio: hay que repudiar y poner en evidencia a estos grupos o individuos.<br \/>\nPorque es peligroso hacer la vista gorda, porque es peligroso banalizar el t\u00e9rmino fascista y se\u00f1alar as\u00ed a todo aquel que no piensa como uno, porque los fascistas de verdad existen, existieron siempre y podemos encontrarlos cada vez m\u00e1s f\u00e1cilmente.<br \/>\nPreocup\u00e9monos por esto, este fue sin dudas el tema de la semana, y no Justin Bieber, aunque los medios masivos de comunicaci\u00f3n hayan intentado imponernos lo que hizo y dijo este joven cantante canadiense por sobre las cosas verdaderamente importantes que pasan en nuestro pa\u00eds.<br \/>\nHay gente que anhela un mundo para pocos, selectos, supuestamente superiores. Un mundo donde no deban compartir, donde no deban vivir entre distintos y considerarlos pares. Ese mundo tambi\u00e9n es posible si los que creemos en la equidad, la justicia social, en el amor como herramienta transformadora, s\u00f3lo ocupamos nuestras charlas en un nene que suspendi\u00f3 un recital o una pareja famosa que se separa, en vez de poner toda nuestra atenci\u00f3n en el crecimiento exponencial y la demostraci\u00f3n desvergonzada de grupos ultracat\u00f3licos o apologistas nazis. Es un peligro latente que necesita atenci\u00f3n y se combate con concientizaci\u00f3n y compromiso.<\/p>\n","protected":false},"excerpt":{"rendered":"<p>Empezamos hablando esta semana de los dichos de Jaime Dur\u00e1n Barba, quien dijo que Adolf Hitler era un tipo espectacular y que revisti\u00f3 de gran importancia para el mundo. Y vamos a terminar la semana intentando hacer un llamado de atenci\u00f3n que se enmarca en el mismo sentido, porque despu\u00e9s de ese exabrupto de apolog\u00eda al nazismo, el d\u00eda martes, [&#8230;]<\/p>\n","protected":false},"author":4,"featured_media":0,"comment_status":"open","ping_status":"open","sticky":false,"template":"","format":"standard","meta":{"_jetpack_newsletter_access":"","_jetpack_dont_email_post_to_subs":false,"_jetpack_newsletter_tier_id":0,"_jetpack_memberships_contains_paywalled_content":false,"_jetpack_memberships_contains_paid_content":false,"footnotes":""},"categories":[64],"tags":[],"class_list":["post-35214","post","type-post","status-publish","format-standard","hentry","category-opinion"],"jetpack_featured_media_url":"","jetpack_shortlink":"https:\/\/wp.me\/p2JWE0-99Y","jetpack-related-posts":[{"id":48353,"url":"https:\/\/www.24baires.com\/?p=48353","url_meta":{"origin":35214,"position":0},"title":"Se esperan 430 mil turistas de viaje este fin de semana largo","author":"Grupo Sierra","date":"19\/06\/2014","format":false,"excerpt":"El ministro de Turismo, Enrique Meyer, consider\u00f3 que aproximadamente 429 mil viajeros se desplazar\u00e1n a los diversos destinos tur\u00edsticos de nuestro pa\u00eds, con una estad\u00eda de 3 noches y un gasto diario de 370 pesos, en promedio. Meyer dio a conocer hoy las expectativas del sector para este fin de\u2026","rel":"","context":"En \u00abTurismo\u00bb","block_context":{"text":"Turismo","link":"https:\/\/www.24baires.com\/?cat=69"},"img":{"alt_text":"turismo tandil","src":"https:\/\/i0.wp.com\/www.24baires.com\/wp-content\/uploads\/2014\/01\/turismo-tandil.jpg?resize=350%2C200","width":350,"height":200,"srcset":"https:\/\/i0.wp.com\/www.24baires.com\/wp-content\/uploads\/2014\/01\/turismo-tandil.jpg?resize=350%2C200 1x, https:\/\/i0.wp.com\/www.24baires.com\/wp-content\/uploads\/2014\/01\/turismo-tandil.jpg?resize=525%2C300 1.5x"},"classes":[]},{"id":6534,"url":"https:\/\/www.24baires.com\/?p=6534","url_meta":{"origin":35214,"position":1},"title":"Cerca de un mill\u00f3n de personas se movilizar\u00e1n este fin de semana largo","author":"Grupo Sierra","date":"23\/11\/2012","format":false,"excerpt":"Estiman que 980 mil personas viajar\u00e1n por el pa\u00eds. Se trata de un 20 por ciento m\u00e1s que el mismo per\u00edodo del a\u00f1o anterior, inform\u00f3 el Ministerio de Turismo. Los relevamientos de esa cartera se\u00f1alan que las llegadas a diversas localidades nacionales durante los once fines de semana largos de\u2026","rel":"","context":"En \u00abSociedad\u00bb","block_context":{"text":"Sociedad","link":"https:\/\/www.24baires.com\/?cat=1"},"img":{"alt_text":"","src":"https:\/\/i0.wp.com\/www.24baires.com\/wp-content\/uploads\/2012\/11\/finde-largo.jpg?resize=350%2C200","width":350,"height":200,"srcset":"https:\/\/i0.wp.com\/www.24baires.com\/wp-content\/uploads\/2012\/11\/finde-largo.jpg?resize=350%2C200 1x, https:\/\/i0.wp.com\/www.24baires.com\/wp-content\/uploads\/2012\/11\/finde-largo.jpg?resize=525%2C300 1.5x"},"classes":[]},{"id":112094,"url":"https:\/\/www.24baires.com\/?p=112094","url_meta":{"origin":35214,"position":2},"title":"A 43 a\u00f1os de la Noche de los L\u00e1pices, marchan en homenaje a los estudiantes desaparecidos","author":"GB","date":"16\/09\/2019","format":false,"excerpt":"LA PLATA-La movilizaci\u00f3n protagonizada por alumnos secundarios y universitarios partir\u00e1 desde la Plaza Moreno a las 14:30 y culminar\u00e1 en el Ministerio de Infraestructura. Al cumplirse el aniversario n\u00famero 43 de la Noche de los L\u00e1pices, estudiantes secundarios y universitarios volver\u00e1n a tomar las calles de La Plata en homenaje\u2026","rel":"","context":"En \u00abMemoria\u00bb","block_context":{"text":"Memoria","link":"https:\/\/www.24baires.com\/?cat=50"},"img":{"alt_text":"","src":"https:\/\/i0.wp.com\/www.24baires.com\/wp-content\/uploads\/2019\/09\/noche-de-los-lapices.jpg?resize=350%2C200","width":350,"height":200,"srcset":"https:\/\/i0.wp.com\/www.24baires.com\/wp-content\/uploads\/2019\/09\/noche-de-los-lapices.jpg?resize=350%2C200 1x, https:\/\/i0.wp.com\/www.24baires.com\/wp-content\/uploads\/2019\/09\/noche-de-los-lapices.jpg?resize=525%2C300 1.5x"},"classes":[]},{"id":5847,"url":"https:\/\/www.24baires.com\/?p=5847","url_meta":{"origin":35214,"position":3},"title":"Se realiza la Fiesta Provincial del Dulce de Leche en Ca\u00f1uelas","author":"Grupo Sierra","date":"17\/11\/2012","format":false,"excerpt":"Productores de la provincia y el pa\u00eds exponen su trabajo en un evento que adem\u00e1s tiene ribetes culturales. Esta noche se presenta Le\u00f3n Gieco. Anoche cerraron la jornada Soledad Pastorutti y Los Aut\u00e9nticos Decadentes con m\u00e1s de 30 mil personas en el predio. \u201cFue una fiesta inclusiva y popular\u201d, manifest\u00f3\u2026","rel":"","context":"En \u00abLocales\u00bb","block_context":{"text":"Locales","link":"https:\/\/www.24baires.com\/?cat=38"},"img":{"alt_text":"","src":"https:\/\/i0.wp.com\/www.24baires.com\/wp-content\/uploads\/2012\/11\/dleche_ca%C3%B1uelas-300x184.jpg?resize=350%2C200","width":350,"height":200},"classes":[]},{"id":39460,"url":"https:\/\/www.24baires.com\/?p=39460","url_meta":{"origin":35214,"position":4},"title":"En Gualeguaych\u00fa esperan 20 mil personas por noche en los carnavales","author":"Grupo Sierra","date":"29\/01\/2014","format":false,"excerpt":"El secretario de Turismo de Gualeguaych\u00fa, Fabi\u00e1n Godoy, dijo que \u201cestamos teniendo un muy buen carnaval, una muy buena temporada, mucha gente que llega y que est\u00e1 disfrutando los distintos atractivos, naturaleza, y eventos que ofrece la ciudad y que tiene que ver tambi\u00e9n con la cultura, la artesan\u00eda, y\u2026","rel":"","context":"En \u00abTurismo\u00bb","block_context":{"text":"Turismo","link":"https:\/\/www.24baires.com\/?cat=69"},"img":{"alt_text":"","src":"","width":0,"height":0},"classes":[]},{"id":65225,"url":"https:\/\/www.24baires.com\/?p=65225","url_meta":{"origin":35214,"position":5},"title":"Estiman que el movimiento tur\u00edstico gener\u00f3 10 mil millones de pesos en 2015","author":"AF","date":"02\/05\/2015","format":false,"excerpt":"El fin de semana largo por los festejos del \"D\u00eda del Trabajador\" moviliz\u00f3 en los distintos puntos tur\u00edsticos de todo el pa\u00eds a m\u00e1s de 776 mil visitantes, que gastaron una cifra cercana a los 1.400 millones de pesos, lo que permiti\u00f3 redondear un impacto econ\u00f3mico del orden de los\u2026","rel":"","context":"En \u00abEconom\u00eda\u00bb","block_context":{"text":"Econom\u00eda","link":"https:\/\/www.24baires.com\/?cat=45"},"img":{"alt_text":"turismo","src":"https:\/\/i0.wp.com\/www.24baires.com\/wp-content\/uploads\/2013\/10\/turismo-300x187.jpg?resize=350%2C200","width":350,"height":200},"classes":[]}],"jetpack_sharing_enabled":true,"jetpack_likes_enabled":true,"_links":{"self":[{"href":"https:\/\/www.24baires.com\/index.php?rest_route=\/wp\/v2\/posts\/35214","targetHints":{"allow":["GET"]}}],"collection":[{"href":"https:\/\/www.24baires.com\/index.php?rest_route=\/wp\/v2\/posts"}],"about":[{"href":"https:\/\/www.24baires.com\/index.php?rest_route=\/wp\/v2\/types\/post"}],"author":[{"embeddable":true,"href":"https:\/\/www.24baires.com\/index.php?rest_route=\/wp\/v2\/users\/4"}],"replies":[{"embeddable":true,"href":"https:\/\/www.24baires.com\/index.php?rest_route=%2Fwp%2Fv2%2Fcomments&post=35214"}],"version-history":[{"count":1,"href":"https:\/\/www.24baires.com\/index.php?rest_route=\/wp\/v2\/posts\/35214\/revisions"}],"predecessor-version":[{"id":35216,"href":"https:\/\/www.24baires.com\/index.php?rest_route=\/wp\/v2\/posts\/35214\/revisions\/35216"}],"wp:attachment":[{"href":"https:\/\/www.24baires.com\/index.php?rest_route=%2Fwp%2Fv2%2Fmedia&parent=35214"}],"wp:term":[{"taxonomy":"category","embeddable":true,"href":"https:\/\/www.24baires.com\/index.php?rest_route=%2Fwp%2Fv2%2Fcategories&post=35214"},{"taxonomy":"post_tag","embeddable":true,"href":"https:\/\/www.24baires.com\/index.php?rest_route=%2Fwp%2Fv2%2Ftags&post=35214"}],"curies":[{"name":"wp","href":"https:\/\/api.w.org\/{rel}","templated":true}]}}