{"id":3515,"date":"2012-10-28T11:39:45","date_gmt":"2012-10-28T14:39:45","guid":{"rendered":"http:\/\/www.24baires.com\/?p=3515"},"modified":"2012-10-28T11:39:45","modified_gmt":"2012-10-28T14:39:45","slug":"madariaga-comenzo-a-disfrutar-de-su-fiesta-del-talar","status":"publish","type":"post","link":"https:\/\/www.24baires.com\/?p=3515","title":{"rendered":"Madariaga comenz\u00f3 a disfrutar de su Fiesta del Talar"},"content":{"rendered":"<p><img data-recalc-dims=\"1\" loading=\"lazy\" decoding=\"async\" class=\"alignleft size-full wp-image-3516\" title=\"madariaga doma\" src=\"https:\/\/i0.wp.com\/www.24baires.com\/wp-content\/uploads\/2012\/10\/madariaga-doma.jpg?resize=300%2C200\" alt=\"\" width=\"300\" height=\"200\" \/>Son cuatros d\u00edas de jineteadas y espect\u00e1culos art\u00edsticos que se llevan adelante en el predio Municipal ubicado a la vera de la Ruta 74. Para los competidores, habr\u00e1 100 mil pesos en premios.<!--more--><\/p>\n<p>Uno de los organizadores, Carlos Islas, en di\u00e1logo con Radio Provincia, se\u00f1al\u00f3: \u00abEstamos con la prueba de rienda, ya hay casi mil participantes y esto es as\u00ed: largan tres participantes con eliminaci\u00f3n directa hasta conseguir al ganador final. Esta es la edici\u00f3n n\u00famero 19 y es una fiesta donde viene gente de todo el pa\u00eds, porque es una fiesta muy aut\u00e9ntica con el gaucho mas aut\u00e9ntico.\u00bb<\/p>\n<p>Por otra parte, Islas remarc\u00f3 \u00abLa idea es mostrar lo real y lo aut\u00e9ntico de la persona de campo, que quiz\u00e1s por alguna circunstancia de la vida se tuvo que ir a trabajar a la ciudad, pero que despunta el vicio viniendo a este tipo de fiestas\u00bb<\/p>\n","protected":false},"excerpt":{"rendered":"<p>Son cuatros d\u00edas de jineteadas y espect\u00e1culos art\u00edsticos que se llevan adelante en el predio Municipal ubicado a la vera de la Ruta 74. Para los competidores, habr\u00e1 100 mil pesos en premios.<\/p>\n","protected":false},"author":4,"featured_media":0,"comment_status":"open","ping_status":"open","sticky":false,"template":"","format":"standard","meta":{"_jetpack_newsletter_access":"","_jetpack_dont_email_post_to_subs":false,"_jetpack_newsletter_tier_id":0,"_jetpack_memberships_contains_paywalled_content":false,"_jetpack_memberships_contains_paid_content":false,"footnotes":""},"categories":[38],"tags":[],"class_list":["post-3515","post","type-post","status-publish","format-standard","hentry","category-locales"],"jetpack_featured_media_url":"","jetpack_shortlink":"https:\/\/wp.me\/p2JWE0-UH","jetpack-related-posts":[{"id":5847,"url":"https:\/\/www.24baires.com\/?p=5847","url_meta":{"origin":3515,"position":0},"title":"Se realiza la Fiesta Provincial del Dulce de Leche en Ca\u00f1uelas","author":"Grupo Sierra","date":"17\/11\/2012","format":false,"excerpt":"Productores de la provincia y el pa\u00eds exponen su trabajo en un evento que adem\u00e1s tiene ribetes culturales. Esta noche se presenta Le\u00f3n Gieco. Anoche cerraron la jornada Soledad Pastorutti y Los Aut\u00e9nticos Decadentes con m\u00e1s de 30 mil personas en el predio. \u201cFue una fiesta inclusiva y popular\u201d, manifest\u00f3\u2026","rel":"","context":"En \u00abLocales\u00bb","block_context":{"text":"Locales","link":"https:\/\/www.24baires.com\/?cat=38"},"img":{"alt_text":"","src":"https:\/\/i0.wp.com\/www.24baires.com\/wp-content\/uploads\/2012\/11\/dleche_ca%C3%B1uelas-300x184.jpg?resize=350%2C200","width":350,"height":200},"classes":[]},{"id":32967,"url":"https:\/\/www.24baires.com\/?p=32967","url_meta":{"origin":3515,"position":1},"title":"La Plata: nueva edici\u00f3n de la Fiesta de la Cerveza Artesanal","author":"AF","date":"04\/10\/2013","format":false,"excerpt":"Se realizar\u00e1 este fin de semana en Plaza Islas Malvinas. Habr\u00e1 stands para la degustaci\u00f3n y puestos gastron\u00f3micos. Este fin de semana se realizar\u00e1 una nueva edici\u00f3n de la Fiesta de la Cerveza Artesanal, en Plaza Islas Malvinas, La Plata. El evento organizado por la Asociaci\u00f3n de Cerveceros Artesanales de\u2026","rel":"","context":"En \u00abLocales\u00bb","block_context":{"text":"Locales","link":"https:\/\/www.24baires.com\/?cat=38"},"img":{"alt_text":"ta cerveza LP","src":"https:\/\/i0.wp.com\/www.24baires.com\/wp-content\/uploads\/2013\/10\/ta-cerveza-LP.jpg?resize=350%2C200","width":350,"height":200},"classes":[]},{"id":44228,"url":"https:\/\/www.24baires.com\/?p=44228","url_meta":{"origin":3515,"position":2},"title":"Llega a Ingeniero White la 26\u00aa \u00abFiesta Nacional del Camar\u00f3n y el Langostino\u00bb","author":"AF","date":"19\/04\/2014","format":false,"excerpt":"La fiesta se\u00a0realizar\u00e1 hasta el Domingo y contar\u00e1 con la participaci\u00f3n de importantes artistas nacionales y una carpa para degustaciones con especialistas de la cocina. La 26\u00aa edici\u00f3n de la Fiesta Nacional del Camar\u00f3n y el Langostino comenz\u00f3 este Jueves con 4 d\u00edas en los que se podr\u00e1 disfrutar de\u2026","rel":"","context":"En \u00abLocales\u00bb","block_context":{"text":"Locales","link":"https:\/\/www.24baires.com\/?cat=38"},"img":{"alt_text":"langostinos","src":"https:\/\/i0.wp.com\/www.24baires.com\/wp-content\/uploads\/2014\/04\/langostinos.jpg?resize=350%2C200","width":350,"height":200,"srcset":"https:\/\/i0.wp.com\/www.24baires.com\/wp-content\/uploads\/2014\/04\/langostinos.jpg?resize=350%2C200 1x, https:\/\/i0.wp.com\/www.24baires.com\/wp-content\/uploads\/2014\/04\/langostinos.jpg?resize=525%2C300 1.5x"},"classes":[]},{"id":36848,"url":"https:\/\/www.24baires.com\/?p=36848","url_meta":{"origin":3515,"position":3},"title":"La cerveza tiene su d\u00eda de fiesta en La Plata","author":"Grupo Sierra","date":"14\/12\/2013","format":false,"excerpt":"La Ciudad recibir\u00e1 este fin de semana, una nueva edici\u00f3n de la Fiesta Regional de la Cerveza Artesanal, que se desarrollar\u00e1 por tercera vez en el a\u00f1o en Plaza Islas Malvinas. El evento es organizado por la Municipalidad de La Plata y la Asociaci\u00f3n de Cerveceros Artesanales de la Regi\u00f3n,\u2026","rel":"","context":"En \u00abLocales\u00bb","block_context":{"text":"Locales","link":"https:\/\/www.24baires.com\/?cat=38"},"img":{"alt_text":"","src":"","width":0,"height":0},"classes":[]},{"id":62190,"url":"https:\/\/www.24baires.com\/?p=62190","url_meta":{"origin":3515,"position":4},"title":"Turismo apoy\u00f3 la realizaci\u00f3n de fiestas populares en la Provincia","author":"AF","date":"24\/02\/2015","format":false,"excerpt":"La Secretar\u00eda de Turismo, a cargo de Ignacio Crotto, acompa\u00f1\u00f3 las fiestas populares y actividades deportivas que se realizaron durante el fin de semana en diferentes ciudades de la Provincia. El subsecretario de la cartera, Roberto D\u00edaz, estuvo presente en la primera edici\u00f3n de la Fiesta de la Mariposa Bandera\u2026","rel":"","context":"En \u00abProvincia\u00bb","block_context":{"text":"Provincia","link":"https:\/\/www.24baires.com\/?cat=40"},"img":{"alt_text":"crotto ra\u00edz","src":"https:\/\/i0.wp.com\/www.24baires.com\/wp-content\/uploads\/2014\/11\/crotto-ra%C3%ADz.png?resize=350%2C200","width":350,"height":200},"classes":[]},{"id":7566,"url":"https:\/\/www.24baires.com\/?p=7566","url_meta":{"origin":3515,"position":5},"title":"Celebrar\u00e1n en Goin la Fiesta Provincial del Pastel","author":"AF","date":"02\/12\/2012","format":false,"excerpt":"CARMEN DE ARECO - Ser\u00e1 el pr\u00f3ximo fin de semana y arribar\u00e1n m\u00e1s de 10 mil turistas, seg\u00fan indic\u00f3 la titular de Turismo local, Magdalena Torres. La directora de Turismo de la Municipalidad de Carmen de Areco, Magdalena Torres, afirm\u00f3 que la Fiesta Provincial del Pastel, que se realizar\u00e1 el\u2026","rel":"","context":"En \u00abLocales\u00bb","block_context":{"text":"Locales","link":"https:\/\/www.24baires.com\/?cat=38"},"img":{"alt_text":"","src":"","width":0,"height":0},"classes":[]}],"jetpack_sharing_enabled":true,"jetpack_likes_enabled":true,"_links":{"self":[{"href":"https:\/\/www.24baires.com\/index.php?rest_route=\/wp\/v2\/posts\/3515","targetHints":{"allow":["GET"]}}],"collection":[{"href":"https:\/\/www.24baires.com\/index.php?rest_route=\/wp\/v2\/posts"}],"about":[{"href":"https:\/\/www.24baires.com\/index.php?rest_route=\/wp\/v2\/types\/post"}],"author":[{"embeddable":true,"href":"https:\/\/www.24baires.com\/index.php?rest_route=\/wp\/v2\/users\/4"}],"replies":[{"embeddable":true,"href":"https:\/\/www.24baires.com\/index.php?rest_route=%2Fwp%2Fv2%2Fcomments&post=3515"}],"version-history":[{"count":2,"href":"https:\/\/www.24baires.com\/index.php?rest_route=\/wp\/v2\/posts\/3515\/revisions"}],"predecessor-version":[{"id":3518,"href":"https:\/\/www.24baires.com\/index.php?rest_route=\/wp\/v2\/posts\/3515\/revisions\/3518"}],"wp:attachment":[{"href":"https:\/\/www.24baires.com\/index.php?rest_route=%2Fwp%2Fv2%2Fmedia&parent=3515"}],"wp:term":[{"taxonomy":"category","embeddable":true,"href":"https:\/\/www.24baires.com\/index.php?rest_route=%2Fwp%2Fv2%2Fcategories&post=3515"},{"taxonomy":"post_tag","embeddable":true,"href":"https:\/\/www.24baires.com\/index.php?rest_route=%2Fwp%2Fv2%2Ftags&post=3515"}],"curies":[{"name":"wp","href":"https:\/\/api.w.org\/{rel}","templated":true}]}}